{"id":70321,"date":"2024-06-11T10:35:37","date_gmt":"2024-06-11T13:35:37","guid":{"rendered":"https:\/\/www.showradical.com\/?p=70321"},"modified":"2024-06-11T10:35:37","modified_gmt":"2024-06-11T13:35:37","slug":"595-blu-cru-racing-conquista-vitoria-inedita-no-overall-da-mx2-na-6a-etapa-do-brmx","status":"publish","type":"post","link":"https:\/\/mx1gpbrasil.alperprojetos.com.br\/index.php\/2024\/06\/11\/595-blu-cru-racing-conquista-vitoria-inedita-no-overall-da-mx2-na-6a-etapa-do-brmx\/","title":{"rendered":"595 bLU cRU Racing conquista vit\u00f3ria in\u00e9dita no &#8220;overall&#8221; da MX2 na 6\u00aa etapa do BRMX"},"content":{"rendered":"\n<p class=\"wp-block-paragraph\">Em um fim de semana hist\u00f3rico para a 595 bLU cRU Racing, a equipe celebrou nesse domingo, sua primeira vit\u00f3ria no overall da categoria MX2 do Brasileiro de Motocross, com direito \u00e0 uma performance impressionante de Enzo Lopes. Completando a dobradinha da categoria, Eric Tomas garantiu a segunda coloca\u00e7\u00e3o. Na MX1, Dudu Lima subiu ao p\u00f3dio pela segunda vez no fim de semana, enquanto Hugo Basa\u00fala, de Portugal, mostrou uma evolu\u00e7\u00e3o positiva conquistando o top 10.<\/p>\n\n\n\n<p class=\"wp-block-paragraph\">Na primeira bateria da MX2, Enzo Lopes enfrentou um rev\u00e9s inicial, cometendo um erro que custou muita posi\u00e7\u00f5es na disputa. No entanto, o piloto ga\u00facho, um dos maiores nomes da hist\u00f3ria do motocross brasileiro, iniciou uma recupera\u00e7\u00e3o fant\u00e1stica. Saindo do fundo do pelot\u00e3o, Lopes acelerou forte, com voltas r\u00e1pidas, e nas \u00faltimas voltas, protagonizou uma disputa intensa com os primeiros colocados. Restando pouco para o fim, Enzo assumiu a segunda coloca\u00e7\u00e3o e cruzou a linha de chegada \u00e0 poucos segundos do vencedor. <\/p>\n\n\n\n<figure class=\"wp-block-image size-large\"><img decoding=\"async\" src=\"https:\/\/www.showradical.com\/wp-content\/uploads\/2024\/06\/WhatsApp-Image-2024-06-11-at-10.16.04-11-1024x874.jpeg\" alt=\"\" class=\"wp-image-70326\"\/><figcaption class=\"wp-element-caption\">Enzo Lopes #816<br>Foto: Rodrigo J\u00fanior <\/figcaption><\/figure>\n\n\n\n<p class=\"wp-block-paragraph\">Na Elite MX, bateria em que unem-se as categorias MX1 e MX2, Lopes fez uma boa largada, mantendo um bom ritmo durante toda a bateria, onde venceu a MX2 e garantiu a sexta posi\u00e7\u00e3o geral na disputa junto com as 450.<\/p>\n\n\n\n<p class=\"wp-block-paragraph\">Garantindo mais uma dobradinha para a 595 na rodada dupla, Eric Tomas tamb\u00e9m teve um grande fim de semana em Interlagos. Com boas largadas nas duas baterias, Tomas somou 4-2 nas duas provas do dia e garantiu o dom\u00ednio da equipe nas primeiras coloca\u00e7\u00f5es da MX2.<\/p>\n\n\n\n<figure class=\"wp-block-image size-large\"><img decoding=\"async\" src=\"https:\/\/www.showradical.com\/wp-content\/uploads\/2024\/06\/WhatsApp-Image-2024-06-11-at-10.16.04-4-1024x749.jpeg\" alt=\"\" class=\"wp-image-70327\"\/><figcaption class=\"wp-element-caption\">Eric Tomas #848<br>Foto: Rodrigo J\u00fanior<\/figcaption><\/figure>\n\n\n\n<p class=\"wp-block-paragraph\">Marcello \u201cRatinho\u201d Lima, ap\u00f3s uma forte queda durante a primeira bateria, foi for\u00e7ado a abandonar a corrida e, com dores, n\u00e3o alinhou para a Elite MX. Apesar da queda, o veterano de 36 anos n\u00e3o sofreu les\u00f5es graves.<\/p>\n\n\n\n<p class=\"wp-block-paragraph\">Na MX1, Dudu Lima manteve a boa sequ\u00eancia e conquistou o terceiro p\u00f3dio consecutivo na competi\u00e7\u00e3o nacional. Com 5-5 nas baterias de domingo, Lima foi o quinto colocado. Apesar do circuito desafiador e t\u00e9cnico, o piloto se adaptou bem \u00e0 pista, onde manteve a consist\u00eancia e mostrou-se competitivo durante as quatro baterias da rodada dupla.<\/p>\n\n\n\n<figure class=\"wp-block-image size-large\"><img decoding=\"async\" src=\"https:\/\/www.showradical.com\/wp-content\/uploads\/2024\/06\/WhatsApp-Image-2024-06-11-at-10.16.04-10-1024x878.jpeg\" alt=\"\" class=\"wp-image-70328\"\/><figcaption class=\"wp-element-caption\">Dudu Lima #2<br>Foto: Rodrigo J\u00fanior <\/figcaption><\/figure>\n\n\n\n<p class=\"wp-block-paragraph\">Hugo Basa\u00fala, companheiro de equipe de Lima na categoria principal, apresentou uma boa evolu\u00e7\u00e3o de uma etapa para outra. Basa\u00fala conquistou 8-9 nas baterias, terminando o fim de semana na nona coloca\u00e7\u00e3o geral, em uma pista considerada por muitos, dif\u00edcil e exigente.<\/p>\n\n\n\n<figure class=\"wp-block-image size-large\"><img decoding=\"async\" src=\"https:\/\/www.showradical.com\/wp-content\/uploads\/2024\/06\/WhatsApp-Image-2024-06-11-at-10.16.04-1024x926.jpeg\" alt=\"\" class=\"wp-image-70329\"\/><figcaption class=\"wp-element-caption\">Hugo Basa\u00fala #747<br>Foto: Rodrigo J\u00fanior <\/figcaption><\/figure>\n\n\n\n<p class=\"wp-block-paragraph\">Agora, a 595 bLU cRU Racing volta aos treinamentos, se preparando para a segunda etapa do Arena Cross, que acontecer\u00e1 no dia 23 de junho, em Jundia\u00ed\/SP. <\/p>\n\n\n\n<p class=\"wp-block-paragraph\"><em><strong>Continue arrastando para cima&nbsp;\u261d\u261d\u261d&nbsp;para conferir todos os patrocinadores do site Show Radical&nbsp;\u26a1<\/strong><\/em><\/p>\n\n\n\n<p class=\"wp-block-paragraph\"><em><strong>\u2013 Clicando no anuncio das empresas voc\u00ea \u00e9 direcionado ao site da marca!<\/strong><\/em><\/p>\n","protected":false},"excerpt":{"rendered":"<p>Em um fim de semana hist\u00f3rico para a 595 bLU cRU Racing, a equipe celebrou nesse domingo, sua primeira vit\u00f3ria no overall da categoria MX2 do Brasileiro de Motocross, com direito \u00e0 uma performance impressionante de Enzo Lopes. Completando a dobradinha da categoria, Eric Tomas garantiu a segunda coloca\u00e7\u00e3o. Na MX1, Dudu Lima subiu ao [&hellip;]<\/p>\n","protected":false},"author":1,"featured_media":70728,"comment_status":"open","ping_status":"open","sticky":false,"template":"","format":"standard","meta":{"footnotes":""},"categories":[133],"tags":[],"class_list":["post-70321","post","type-post","status-publish","format-standard","has-post-thumbnail","hentry","category-motocross"],"_links":{"self":[{"href":"https:\/\/mx1gpbrasil.alperprojetos.com.br\/index.php\/wp-json\/wp\/v2\/posts\/70321","targetHints":{"allow":["GET"]}}],"collection":[{"href":"https:\/\/mx1gpbrasil.alperprojetos.com.br\/index.php\/wp-json\/wp\/v2\/posts"}],"about":[{"href":"https:\/\/mx1gpbrasil.alperprojetos.com.br\/index.php\/wp-json\/wp\/v2\/types\/post"}],"author":[{"embeddable":true,"href":"https:\/\/mx1gpbrasil.alperprojetos.com.br\/index.php\/wp-json\/wp\/v2\/users\/1"}],"replies":[{"embeddable":true,"href":"https:\/\/mx1gpbrasil.alperprojetos.com.br\/index.php\/wp-json\/wp\/v2\/comments?post=70321"}],"version-history":[{"count":0,"href":"https:\/\/mx1gpbrasil.alperprojetos.com.br\/index.php\/wp-json\/wp\/v2\/posts\/70321\/revisions"}],"wp:featuredmedia":[{"embeddable":true,"href":"https:\/\/mx1gpbrasil.alperprojetos.com.br\/index.php\/wp-json\/wp\/v2\/media\/70728"}],"wp:attachment":[{"href":"https:\/\/mx1gpbrasil.alperprojetos.com.br\/index.php\/wp-json\/wp\/v2\/media?parent=70321"}],"wp:term":[{"taxonomy":"category","embeddable":true,"href":"https:\/\/mx1gpbrasil.alperprojetos.com.br\/index.php\/wp-json\/wp\/v2\/categories?post=70321"},{"taxonomy":"post_tag","embeddable":true,"href":"https:\/\/mx1gpbrasil.alperprojetos.com.br\/index.php\/wp-json\/wp\/v2\/tags?post=70321"}],"curies":[{"name":"wp","href":"https:\/\/api.w.org\/{rel}","templated":true}]}}