{"id":70341,"date":"2024-06-12T17:51:24","date_gmt":"2024-06-12T20:51:24","guid":{"rendered":"https:\/\/www.showradical.com\/?p=70341"},"modified":"2024-06-12T17:51:24","modified_gmt":"2024-06-12T20:51:24","slug":"fala-roots-tudo-o-que-aconteceu-em-interlagos-pelos-olhares-da-roots-mx","status":"publish","type":"post","link":"https:\/\/mx1gpbrasil.alperprojetos.com.br\/index.php\/2024\/06\/12\/fala-roots-tudo-o-que-aconteceu-em-interlagos-pelos-olhares-da-roots-mx\/","title":{"rendered":"&#8220;Fala Roots&#8221;: Tudo o que aconteceu em Interlagos, pelos olhares da Roots MX"},"content":{"rendered":"\n<p class=\"wp-block-paragraph\">Apresentamos \u00e0 voc\u00eas a coluna &#8220;Fala Roots&#8221;, em parceria com a Roots MX, abaixo voc\u00eas poder\u00e3o ver algumas reflex\u00f5es sobre a rodada dupla do BRMX, em Interlagos, atrav\u00e9s dos olhares de Victor Mantovani. <\/p>\n\n\n\n<p class=\"wp-block-paragraph\"><strong>O QUE O MOTOCROSS \u00c9 CAPAZ DE ENSINAR?<\/strong><\/p>\n\n\n\n<ol class=\"wp-block-list\">\n<li>Olha a Roots MX no Show Radical!<\/li>\n<\/ol>\n\n\n\n<ol class=\"wp-block-list\" start=\"2\">\n<li>Imagino que voc\u00ea deva estar se perguntando o que estou fazendo por aqui.<\/li>\n<\/ol>\n\n\n\n<ol class=\"wp-block-list\" start=\"3\">\n<li>Poderia lhe dar uma por\u00e7\u00e3o de justificativas, como: Aumento de p\u00fablico, interesse do Show Radical no conte\u00fado da Roots MX, interesse da Roots MX no conte\u00fado do Show Radical, por\u00e9m, prefiro a mais sincera das respostas: O todo nas partes. Talentos \u00e0 fim de viabilizar e elevar ao m\u00e1ximo suas artes e of\u00edcios. Papo de que \u00e1guia acaba andando com \u00e1guia, n\u00e3o propositalmente, mas consequentemente.<\/li>\n<\/ol>\n\n\n\n<ol class=\"wp-block-list\" start=\"4\">\n<li>Para mim, analogia inevit\u00e1vel. H\u00e1 um tempo para semear e um tempo para colher, foram anos de intensa cria\u00e7\u00e3o e agora chegam os frutos. N\u00e3o estou falando da Roots, e nem do Show Radical, mas dos dois ve\u00edculos, quem sabe.<\/li>\n<\/ol>\n\n\n\n<ol class=\"wp-block-list\" start=\"5\">\n<li>Para quem n\u00e3o tem pregui\u00e7a de aprender, o Motocross n\u00e3o cansa de ensinar. E claro, Interlagos me ensinou muita coisa.<\/li>\n<\/ol>\n\n\n\n<ol class=\"wp-block-list\" start=\"6\">\n<li>Com a celebra\u00e7\u00e3o nacional da volta de Enzo Lopes, o BRMX transitou em duas resson\u00e2ncias em modo grupal: Tens\u00e3o e euforia. Ambos, claramente velados, afinal os olhos dizem muita coisa, n\u00e9?<\/li>\n<\/ol>\n\n\n\n<figure class=\"wp-block-image size-large\"><img decoding=\"async\" src=\"https:\/\/www.showradical.com\/wp-content\/uploads\/2024\/06\/brmx-091-1024x683.jpg\" alt=\"\" class=\"wp-image-70350\"\/><\/figure>\n\n\n\n<ol class=\"wp-block-list\" start=\"7\">\n<li>Enzo Lopes precisava de um bom resultado, por\u00e9m, tinha dois fen\u00f4menos com sede pelo caminho. Vitor Borba e B\u00ea Tib\u00farcio tamb\u00e9m precisavam de um bom resultado, mas tamb\u00e9m tinham um rec\u00e9m ex-piloto Star Racing Yamaha em seus caminhos. Entre o azul o vermelho, de parecido, o desempenho dos tr\u00eas.<\/li>\n<\/ol>\n\n\n\n<figure class=\"wp-block-image size-large\"><img decoding=\"async\" src=\"https:\/\/www.showradical.com\/wp-content\/uploads\/2024\/06\/brmx-334-1024x683.jpg\" alt=\"\" class=\"wp-image-70347\"\/><\/figure>\n\n\n\n<ol class=\"wp-block-list\" start=\"8\">\n<li>\u201c<em>P\u00f4, mas a 595 estava com uma moto original<\/em>?\u201d, &#8220;Sim, estava! Mas em cima da moto se tratava de Enzo Lopes. Conclus\u00e3o, pedra dura e pontuda no sapato da Honda Racing e seus fen\u00f4menos da classe 250cc.<\/li>\n<\/ol>\n\n\n\n<ol class=\"wp-block-list\" start=\"9\">\n<li>Ainda se tratando de Enzo, achei que nunca iria ver uma 250 no limite, ali\u00e1s, uma 250 original empurrando Rubini, Miro Sihnoven e Carlos Campano? CINEMA. Papo de sair do evento s\u00f3 para pagar o ingresso de novo. Ent\u00e3o compreendi: O motocross acabou de me ensinar uma coisa aqui.<\/li>\n<\/ol>\n\n\n\n<figure class=\"wp-block-image size-large\"><img decoding=\"async\" src=\"https:\/\/www.showradical.com\/wp-content\/uploads\/2024\/06\/brmx-003-819x1024.jpg\" alt=\"\" class=\"wp-image-70351\"\/><\/figure>\n\n\n\n<ol class=\"wp-block-list\" start=\"10\">\n<li>Euforia&#8230; \u00e9 o que parece ter atrapalhado Luaninha Neves na MXF. Ao entrar por fora de uma canaleta numa disputa, infelizmente sabemos, a queda \u00e9 quase certa, o motocross pune. J\u00e1 dizia o grande Maguila \u201cSeu maior oponente dentro da pista \u00e9 voc\u00ea mesmo\u201d. Tat\u00e1 Castro parecia saber disso. E sim, ela venceu a si, por ela mesma. O motocross certamente ensinou Luaninha.<\/li>\n<\/ol>\n\n\n\n<figure data-wp-context=\"{&quot;galleryId&quot;:&quot;6a99ef9db7d95&quot;}\" data-wp-interactive=\"core\/gallery\" class=\"wp-block-gallery has-nested-images columns-default is-cropped wp-block-gallery-1 is-layout-flex wp-block-gallery-is-layout-flex\">\n<figure data-wp-context=\"{&quot;imageId&quot;:&quot;6a99ef9db7ef6&quot;}\" data-wp-interactive=\"core\/image\" data-wp-key=\"6a99ef9db7ef6\" class=\"wp-block-image size-large wp-lightbox-container\"><img decoding=\"async\" data-wp-class--hide=\"state.isContentHidden\" data-wp-class--show=\"state.isContentVisible\" data-wp-init=\"callbacks.setButtonStyles\" data-wp-on--click=\"actions.showLightbox\" data-wp-on--load=\"callbacks.setButtonStyles\" data-wp-on--pointerdown=\"actions.preloadImage\" data-wp-on--pointerenter=\"actions.preloadImageWithDelay\" data-wp-on--pointerleave=\"actions.cancelPreload\" data-wp-on-window--resize=\"callbacks.setButtonStyles\" data-id=\"70349\" src=\"https:\/\/www.showradical.com\/wp-content\/uploads\/2024\/06\/brmx-207-1024x683.jpg\" alt=\"\" class=\"wp-image-70349\"\/><button\n\t\t\tclass=\"lightbox-trigger\"\n\t\t\ttype=\"button\"\n\t\t\taria-haspopup=\"dialog\"\n\t\t\tdata-wp-bind--aria-label=\"state.thisImage.triggerButtonAriaLabel\"\n\t\t\tdata-wp-init=\"callbacks.initTriggerButton\"\n\t\t\tdata-wp-on--click=\"actions.showLightbox\"\n\t\t\tdata-wp-style--right=\"state.thisImage.buttonRight\"\n\t\t\tdata-wp-style--top=\"state.thisImage.buttonTop\"\n\t\t>\n\t\t\t<svg xmlns=\"http:\/\/www.w3.org\/2000\/svg\" width=\"12\" height=\"12\" fill=\"none\" viewBox=\"0 0 12 12\">\n\t\t\t\t<path fill=\"#fff\" d=\"M2 0a2 2 0 0 0-2 2v2h1.5V2a.5.5 0 0 1 .5-.5h2V0H2Zm2 10.5H2a.5.5 0 0 1-.5-.5V8H0v2a2 2 0 0 0 2 2h2v-1.5ZM8 12v-1.5h2a.5.5 0 0 0 .5-.5V8H12v2a2 2 0 0 1-2 2H8Zm2-12a2 2 0 0 1 2 2v2h-1.5V2a.5.5 0 0 0-.5-.5H8V0h2Z\" \/>\n\t\t\t<\/svg>\n\t\t<\/button><\/figure>\n\n\n\n<figure data-wp-context=\"{&quot;imageId&quot;:&quot;6a99ef9db8196&quot;}\" data-wp-interactive=\"core\/image\" data-wp-key=\"6a99ef9db8196\" class=\"wp-block-image size-large wp-lightbox-container\"><img decoding=\"async\" data-wp-class--hide=\"state.isContentHidden\" data-wp-class--show=\"state.isContentVisible\" data-wp-init=\"callbacks.setButtonStyles\" data-wp-on--click=\"actions.showLightbox\" data-wp-on--load=\"callbacks.setButtonStyles\" data-wp-on--pointerdown=\"actions.preloadImage\" data-wp-on--pointerenter=\"actions.preloadImageWithDelay\" data-wp-on--pointerleave=\"actions.cancelPreload\" data-wp-on-window--resize=\"callbacks.setButtonStyles\" data-id=\"70344\" src=\"https:\/\/www.showradical.com\/wp-content\/uploads\/2024\/06\/brmx-429-1024x683.jpg\" alt=\"\" class=\"wp-image-70344\"\/><button\n\t\t\tclass=\"lightbox-trigger\"\n\t\t\ttype=\"button\"\n\t\t\taria-haspopup=\"dialog\"\n\t\t\tdata-wp-bind--aria-label=\"state.thisImage.triggerButtonAriaLabel\"\n\t\t\tdata-wp-init=\"callbacks.initTriggerButton\"\n\t\t\tdata-wp-on--click=\"actions.showLightbox\"\n\t\t\tdata-wp-style--right=\"state.thisImage.buttonRight\"\n\t\t\tdata-wp-style--top=\"state.thisImage.buttonTop\"\n\t\t>\n\t\t\t<svg xmlns=\"http:\/\/www.w3.org\/2000\/svg\" width=\"12\" height=\"12\" fill=\"none\" viewBox=\"0 0 12 12\">\n\t\t\t\t<path fill=\"#fff\" d=\"M2 0a2 2 0 0 0-2 2v2h1.5V2a.5.5 0 0 1 .5-.5h2V0H2Zm2 10.5H2a.5.5 0 0 1-.5-.5V8H0v2a2 2 0 0 0 2 2h2v-1.5ZM8 12v-1.5h2a.5.5 0 0 0 .5-.5V8H12v2a2 2 0 0 1-2 2H8Zm2-12a2 2 0 0 1 2 2v2h-1.5V2a.5.5 0 0 0-.5-.5H8V0h2Z\" \/>\n\t\t\t<\/svg>\n\t\t<\/button><\/figure>\n<\/figure>\n\n\n\n<ol class=\"wp-block-list\" start=\"11\">\n<li>Na coletiva de impressa F\u00e1bio Santos descreveu como seria seu final de semana, e bancou o que disse. Ningu\u00e9m r\u00e1pido como ele, acima de tudo, ningu\u00e9m focado como ele.<\/li>\n<\/ol>\n\n\n\n<figure class=\"wp-block-image size-large\"><img decoding=\"async\" src=\"https:\/\/www.showradical.com\/wp-content\/uploads\/2024\/06\/brmx-380-819x1024.jpg\" alt=\"\" class=\"wp-image-70345\"\/><\/figure>\n\n\n\n<ol class=\"wp-block-list\" start=\"12\">\n<li>Tivemos Nivanor Bernardi, Jorge Negretti, Milton Becker, Balbi Jr, hoje temos Enzo Lopes e F\u00e1bio Santos em n\u00edveis igualmente importantes.<\/li>\n<\/ol>\n\n\n\n<ol class=\"wp-block-list\" start=\"13\">\n<li>Harri Kullas n\u00e3o estava t\u00e3o bem com sua suspens\u00e3o, por isso n\u00e3o deu tiro errado nas baterias iniciais. Ao se acertar, resultou em um 1\u00b0 e 2\u00ba. Piloto de extrema finesse, aquele que anda de terno e nem faz a moto roncar. Estamos falando de intelig\u00eancia aqui.\u00a0<\/li>\n<\/ol>\n\n\n\n<figure class=\"wp-block-image size-large\"><img decoding=\"async\" src=\"https:\/\/www.showradical.com\/wp-content\/uploads\/2024\/06\/brmx-417-1024x683.jpg\" alt=\"\" class=\"wp-image-70346\"\/><\/figure>\n\n\n\n<ol class=\"wp-block-list\" start=\"14\">\n<li>Todos n\u00f3s ficamos tensos com as quedas de Ratinho, Henicka, Paulo Alberto, Rafael Faria, entre muitos outros. O motocross \u00e9 o que \u00e9, n\u00e3o temos tempo para pedir falta ou cart\u00e3o amarelo.\u00a0<\/li>\n<\/ol>\n\n\n\n<figure class=\"wp-block-image size-large\"><img decoding=\"async\" src=\"https:\/\/www.showradical.com\/wp-content\/uploads\/2024\/06\/brmx-427-1024x683.jpg\" alt=\"\" class=\"wp-image-70353\"\/><\/figure>\n\n\n\n<ol class=\"wp-block-list\" start=\"15\">\n<li>Recebo elogios de grandes personas, e penso que estou no caminho certo apesar ou por conta dos grandes textos. Volto pro meu interior de S\u00e3o Paulo e por aqui continuo na minha vida pacata sendo o Victor psic\u00f3logo cl\u00ednico\/social e piloto amador aos s\u00e1bados e domingos, mas com a grande certeza: Ningu\u00e9m \u00e9 profeta em sua terra.<\/li>\n<\/ol>\n\n\n\n<ol class=\"wp-block-list\" start=\"16\">\n<li>\u201cQue eu, se tenho nos olhos malferidos,<br>Pensamentos de vida formulados,\u00a0 <br>s\u00e3o pensamentos idos e vividos.\u201d<\/li>\n<\/ol>\n\n\n\n<ol class=\"wp-block-list\" start=\"17\">\n<li>Quem diria que voc\u00ea leria um trecho de poema de Machado de Assis hoje. Pois bem, o motocross ensina.<\/li>\n<\/ol>\n\n\n\n<p class=\"wp-block-paragraph\">Victor Mantovani &#8211; Roots MX<\/p>\n\n\n\n<p class=\"wp-block-paragraph\"><em><strong>Continue arrastando para cima&nbsp;\u261d\u261d\u261d&nbsp;para conferir todos os patrocinadores do site Show Radical&nbsp;\u26a1<\/strong><\/em><\/p>\n\n\n\n<p class=\"wp-block-paragraph\"><em><strong>\u2013 Clicando no anuncio das empresas voc\u00ea \u00e9 direcionado ao site da marca!<\/strong><\/em><\/p>\n","protected":false},"excerpt":{"rendered":"<p>Apresentamos \u00e0 voc\u00eas a coluna &#8220;Fala Roots&#8221;, em parceria com a Roots MX, abaixo voc\u00eas poder\u00e3o ver algumas reflex\u00f5es sobre a rodada dupla do BRMX, em Interlagos, atrav\u00e9s dos olhares de Victor Mantovani. O QUE O MOTOCROSS \u00c9 CAPAZ DE ENSINAR? Victor Mantovani &#8211; Roots MX Continue arrastando para cima&nbsp;\u261d\u261d\u261d&nbsp;para conferir todos os patrocinadores do [&hellip;]<\/p>\n","protected":false},"author":1,"featured_media":70726,"comment_status":"open","ping_status":"open","sticky":false,"template":"","format":"standard","meta":{"footnotes":""},"categories":[133],"tags":[],"class_list":["post-70341","post","type-post","status-publish","format-standard","has-post-thumbnail","hentry","category-motocross"],"_links":{"self":[{"href":"https:\/\/mx1gpbrasil.alperprojetos.com.br\/index.php\/wp-json\/wp\/v2\/posts\/70341","targetHints":{"allow":["GET"]}}],"collection":[{"href":"https:\/\/mx1gpbrasil.alperprojetos.com.br\/index.php\/wp-json\/wp\/v2\/posts"}],"about":[{"href":"https:\/\/mx1gpbrasil.alperprojetos.com.br\/index.php\/wp-json\/wp\/v2\/types\/post"}],"author":[{"embeddable":true,"href":"https:\/\/mx1gpbrasil.alperprojetos.com.br\/index.php\/wp-json\/wp\/v2\/users\/1"}],"replies":[{"embeddable":true,"href":"https:\/\/mx1gpbrasil.alperprojetos.com.br\/index.php\/wp-json\/wp\/v2\/comments?post=70341"}],"version-history":[{"count":0,"href":"https:\/\/mx1gpbrasil.alperprojetos.com.br\/index.php\/wp-json\/wp\/v2\/posts\/70341\/revisions"}],"wp:featuredmedia":[{"embeddable":true,"href":"https:\/\/mx1gpbrasil.alperprojetos.com.br\/index.php\/wp-json\/wp\/v2\/media\/70726"}],"wp:attachment":[{"href":"https:\/\/mx1gpbrasil.alperprojetos.com.br\/index.php\/wp-json\/wp\/v2\/media?parent=70341"}],"wp:term":[{"taxonomy":"category","embeddable":true,"href":"https:\/\/mx1gpbrasil.alperprojetos.com.br\/index.php\/wp-json\/wp\/v2\/categories?post=70341"},{"taxonomy":"post_tag","embeddable":true,"href":"https:\/\/mx1gpbrasil.alperprojetos.com.br\/index.php\/wp-json\/wp\/v2\/tags?post=70341"}],"curies":[{"name":"wp","href":"https:\/\/api.w.org\/{rel}","templated":true}]}}