{"id":70427,"date":"2024-06-14T17:10:35","date_gmt":"2024-06-14T20:10:35","guid":{"rendered":"https:\/\/www.showradical.com\/?p=70427"},"modified":"2024-06-14T17:10:35","modified_gmt":"2024-06-14T20:10:35","slug":"assista-ao-crazy-day-da-rodada-dupla-do-brmx-em-interlagos-sp","status":"publish","type":"post","link":"https:\/\/mx1gpbrasil.alperprojetos.com.br\/index.php\/2024\/06\/14\/assista-ao-crazy-day-da-rodada-dupla-do-brmx-em-interlagos-sp\/","title":{"rendered":"Assista ao CRAZY DAY da rodada dupla do BRMX em Interlagos\/SP"},"content":{"rendered":"\n<figure class=\"wp-block-embed is-type-video is-provider-youtube wp-block-embed-youtube wp-embed-aspect-16-9 wp-has-aspect-ratio\"><div class=\"wp-block-embed__wrapper\">\n<iframe loading=\"lazy\" title=\"Crazy Day - Brasileiro de Motocross Interlagos-SP\" width=\"1300\" height=\"731\" src=\"https:\/\/www.youtube.com\/embed\/8gKLOaztElQ?feature=oembed\" frameborder=\"0\" allow=\"accelerometer; autoplay; clipboard-write; encrypted-media; gyroscope; picture-in-picture; web-share\" referrerpolicy=\"strict-origin-when-cross-origin\" allowfullscreen><\/iframe>\n<\/div><\/figure>\n\n\n\n<p class=\"wp-block-paragraph\"><\/p>\n\n\n\n<p class=\"wp-block-paragraph\">Est\u00e1 no ar mais uma edi\u00e7\u00e3o do Crazy Day, dessa vez mostrando os bastidores, entrevistas e muita resenha, na rodada dupla do Brasileiro de Motocross, em Interlagos\/SP. Trata-se do maior programa de entretenimento e divers\u00e3o dos bastidores do Brasileiro de Motocross, o \u00fanico jeito de voc\u00ea, f\u00e3 do MX se sentir dentro dos boxes e das equipes atrav\u00e9s do nosso time, com as filmagens do ADS Productions e as entrevistas do Tiago Lopes.<\/p>\n\n\n\n<p class=\"wp-block-paragraph\"><em><strong>Continue arrastando para cima&nbsp;\u261d\u261d\u261d&nbsp;para conferir todos os patrocinadores do site Show Radical&nbsp;\u26a1<\/strong><\/em><\/p>\n\n\n\n<p class=\"wp-block-paragraph\"><em><strong>\u2013 Clicando no anuncio das empresas voc\u00ea \u00e9 direcionado ao site da marca!<\/strong><\/em><\/p>\n\n\n\n<p class=\"wp-block-paragraph\"><\/p>\n","protected":false},"excerpt":{"rendered":"<p>Est\u00e1 no ar mais uma edi\u00e7\u00e3o do Crazy Day, dessa vez mostrando os bastidores, entrevistas e muita resenha, na rodada dupla do Brasileiro de Motocross, em Interlagos\/SP. Trata-se do maior programa de entretenimento e divers\u00e3o dos bastidores do Brasileiro de Motocross, o \u00fanico jeito de voc\u00ea, f\u00e3 do MX se sentir dentro dos boxes e [&hellip;]<\/p>\n","protected":false},"author":1,"featured_media":70723,"comment_status":"open","ping_status":"open","sticky":false,"template":"","format":"standard","meta":{"footnotes":""},"categories":[133],"tags":[],"class_list":["post-70427","post","type-post","status-publish","format-standard","has-post-thumbnail","hentry","category-motocross"],"_links":{"self":[{"href":"https:\/\/mx1gpbrasil.alperprojetos.com.br\/index.php\/wp-json\/wp\/v2\/posts\/70427","targetHints":{"allow":["GET"]}}],"collection":[{"href":"https:\/\/mx1gpbrasil.alperprojetos.com.br\/index.php\/wp-json\/wp\/v2\/posts"}],"about":[{"href":"https:\/\/mx1gpbrasil.alperprojetos.com.br\/index.php\/wp-json\/wp\/v2\/types\/post"}],"author":[{"embeddable":true,"href":"https:\/\/mx1gpbrasil.alperprojetos.com.br\/index.php\/wp-json\/wp\/v2\/users\/1"}],"replies":[{"embeddable":true,"href":"https:\/\/mx1gpbrasil.alperprojetos.com.br\/index.php\/wp-json\/wp\/v2\/comments?post=70427"}],"version-history":[{"count":0,"href":"https:\/\/mx1gpbrasil.alperprojetos.com.br\/index.php\/wp-json\/wp\/v2\/posts\/70427\/revisions"}],"wp:featuredmedia":[{"embeddable":true,"href":"https:\/\/mx1gpbrasil.alperprojetos.com.br\/index.php\/wp-json\/wp\/v2\/media\/70723"}],"wp:attachment":[{"href":"https:\/\/mx1gpbrasil.alperprojetos.com.br\/index.php\/wp-json\/wp\/v2\/media?parent=70427"}],"wp:term":[{"taxonomy":"category","embeddable":true,"href":"https:\/\/mx1gpbrasil.alperprojetos.com.br\/index.php\/wp-json\/wp\/v2\/categories?post=70427"},{"taxonomy":"post_tag","embeddable":true,"href":"https:\/\/mx1gpbrasil.alperprojetos.com.br\/index.php\/wp-json\/wp\/v2\/tags?post=70427"}],"curies":[{"name":"wp","href":"https:\/\/api.w.org\/{rel}","templated":true}]}}