{"id":70824,"date":"2024-07-02T16:23:00","date_gmt":"2024-07-02T19:23:00","guid":{"rendered":"http:\/\/mx1gpbrasil.com.br\/?p=70824"},"modified":"2024-07-02T16:23:00","modified_gmt":"2024-07-02T19:23:00","slug":"brasileiro-de-motocross-promete-agitar-a-cidade-de-palmas-to","status":"publish","type":"post","link":"https:\/\/mx1gpbrasil.alperprojetos.com.br\/index.php\/2024\/07\/02\/brasileiro-de-motocross-promete-agitar-a-cidade-de-palmas-to\/","title":{"rendered":"Brasileiro de Motocross promete agitar a cidade de Palmas\/TO"},"content":{"rendered":"\n<p class=\"wp-block-paragraph\"><em><strong>Brasileiro de Motocross teve tr\u00eas vencedores diferentes nas tr\u00eas primeiras rodadas na categoria principal, a MX1 &#8211; Foto: Mateus Pereira \/MundoPress<\/strong><\/em><\/p>\n\n\n\n<p class=\"wp-block-paragraph\">No cora\u00e7\u00e3o do Brasil, a cidade de Palmas, no Tocantins, est\u00e1 se preparando para receber a&nbsp;<strong>4\u00aa etapa do Campeonato Brasileiro de Motocross 2024<\/strong>, no pr\u00f3ximo fim de semana (18 e&nbsp;<strong>19 de maio<\/strong>). O evento reunir\u00e1 os melhores pilotos do pa\u00eds em uma disputa acirrada pelas primeiras posi\u00e7\u00f5es nas diversas categorias. Assim como nas outras etapas disputadas no ano, deve contar com competidores de 9 diferentes nacionalidades lutando por vit\u00f3rias.<\/p>\n\n\n\n<p class=\"wp-block-paragraph\">A rodada come\u00e7a na sexta-feira, com a disputa das categorias regionais, e promete agitar a pista localizada junto ao Parque Susuapara, no Bairro Arno 32 (confira abaixo a programa\u00e7\u00e3o completa).<\/p>\n\n\n\n<p class=\"wp-block-paragraph\">Al\u00e9m das categorias regionais, as classes que estar\u00e3o presentes nesta etapa incluem&nbsp;<strong>MX1, MX2, MX2JR, MX3, MXF, YZ125, MXJR, 65CC e 50CC<\/strong>, oferecendo uma ampla gama de competi\u00e7\u00f5es. A pista de Palmas, conhecida por seu tra\u00e7ado desafiador e t\u00e9cnico, dever\u00e1 proporcionar grandes disputas para o p\u00fablico presente e os internautas que poder\u00e3o acompanhar as transmiss\u00f5es ao vivo pelo YouTube<\/p>\n\n\n\n<p class=\"wp-block-paragraph\">A&nbsp;<strong>Confedera\u00e7\u00e3o Brasileira de Motociclismo (CBM)<\/strong>&nbsp;est\u00e1 comprometida em garantir que o evento seja n\u00e3o apenas um sucesso esportivo, mas tamb\u00e9m um exemplo de organiza\u00e7\u00e3o e seguran\u00e7a para pilotos e espectadores. As inscri\u00e7\u00f5es para os competidores est\u00e3o abertas e podem ser realizadas at\u00e9 a quarta-feira (15\/5) atrav\u00e9s do site parceiro da CBM (<em><strong><a href=\"https:\/\/eventos.sportbay.com.br\/eventos\/4-et-brmx-2024\">CLIQUE AQUI<\/a><\/strong><\/em>).<\/p>\n\n\n\n<p class=\"wp-block-paragraph\">Para mais informa\u00e7\u00f5es sobre o evento, fique ligado no site oficial da CBM e suas redes sociais. Confira abaixo a programa\u00e7\u00e3o completa do fim de semana:<\/p>\n\n\n\n<figure class=\"wp-block-gallery has-nested-images columns-default is-cropped wp-block-gallery-1 is-layout-flex wp-block-gallery-is-layout-flex\">\n<figure class=\"wp-block-image size-large is-resized\"><img loading=\"lazy\" decoding=\"async\" width=\"724\" height=\"1024\" data-id=\"70826\" src=\"http:\/\/mx1gpbrasil.com.br\/wp-content\/uploads\/2024\/07\/Programacao-Quinta1-724x1024.jpeg\" alt=\"\" class=\"wp-image-70826\" style=\"width:436px;height:auto\" srcset=\"https:\/\/mx1gpbrasil.alperprojetos.com.br\/wp-content\/uploads\/2024\/07\/Programacao-Quinta1-724x1024.jpeg 724w, https:\/\/mx1gpbrasil.alperprojetos.com.br\/wp-content\/uploads\/2024\/07\/Programacao-Quinta1-212x300.jpeg 212w, https:\/\/mx1gpbrasil.alperprojetos.com.br\/wp-content\/uploads\/2024\/07\/Programacao-Quinta1-768x1086.jpeg 768w, https:\/\/mx1gpbrasil.alperprojetos.com.br\/wp-content\/uploads\/2024\/07\/Programacao-Quinta1-1086x1536.jpeg 1086w, https:\/\/mx1gpbrasil.alperprojetos.com.br\/wp-content\/uploads\/2024\/07\/Programacao-Quinta1-90x128.jpeg 90w, https:\/\/mx1gpbrasil.alperprojetos.com.br\/wp-content\/uploads\/2024\/07\/Programacao-Quinta1-23x32.jpeg 23w, https:\/\/mx1gpbrasil.alperprojetos.com.br\/wp-content\/uploads\/2024\/07\/Programacao-Quinta1-600x849.jpeg 600w, https:\/\/mx1gpbrasil.alperprojetos.com.br\/wp-content\/uploads\/2024\/07\/Programacao-Quinta1.jpeg 1131w\" sizes=\"auto, (max-width: 724px) 100vw, 724px\" \/><\/figure>\n<\/figure>\n\n\n\n<figure class=\"wp-block-image size-large is-resized\"><img loading=\"lazy\" decoding=\"async\" width=\"724\" height=\"1024\" src=\"http:\/\/mx1gpbrasil.com.br\/wp-content\/uploads\/2024\/07\/Programacao-Sexta1-724x1024.jpeg\" alt=\"\" class=\"wp-image-70825\" style=\"width:453px;height:auto\" srcset=\"https:\/\/mx1gpbrasil.alperprojetos.com.br\/wp-content\/uploads\/2024\/07\/Programacao-Sexta1-724x1024.jpeg 724w, https:\/\/mx1gpbrasil.alperprojetos.com.br\/wp-content\/uploads\/2024\/07\/Programacao-Sexta1-212x300.jpeg 212w, https:\/\/mx1gpbrasil.alperprojetos.com.br\/wp-content\/uploads\/2024\/07\/Programacao-Sexta1-768x1086.jpeg 768w, https:\/\/mx1gpbrasil.alperprojetos.com.br\/wp-content\/uploads\/2024\/07\/Programacao-Sexta1-1086x1536.jpeg 1086w, https:\/\/mx1gpbrasil.alperprojetos.com.br\/wp-content\/uploads\/2024\/07\/Programacao-Sexta1-90x128.jpeg 90w, https:\/\/mx1gpbrasil.alperprojetos.com.br\/wp-content\/uploads\/2024\/07\/Programacao-Sexta1-23x32.jpeg 23w, https:\/\/mx1gpbrasil.alperprojetos.com.br\/wp-content\/uploads\/2024\/07\/Programacao-Sexta1-600x849.jpeg 600w, https:\/\/mx1gpbrasil.alperprojetos.com.br\/wp-content\/uploads\/2024\/07\/Programacao-Sexta1.jpeg 1131w\" sizes=\"auto, (max-width: 724px) 100vw, 724px\" \/><\/figure>\n","protected":false},"excerpt":{"rendered":"<p>Brasileiro de Motocross teve tr\u00eas vencedores diferentes nas tr\u00eas primeiras rodadas na categoria principal, a MX1 &#8211; Foto: Mateus Pereira \/MundoPress No cora\u00e7\u00e3o do Brasil, a cidade de Palmas, no Tocantins, est\u00e1 se preparando para receber a&nbsp;4\u00aa etapa do Campeonato Brasileiro de Motocross 2024, no pr\u00f3ximo fim de semana (18 e&nbsp;19 de maio). O evento [&hellip;]<\/p>\n","protected":false},"author":1,"featured_media":70828,"comment_status":"closed","ping_status":"open","sticky":false,"template":"","format":"standard","meta":{"footnotes":""},"categories":[133],"tags":[],"class_list":["post-70824","post","type-post","status-publish","format-standard","has-post-thumbnail","hentry","category-motocross"],"_links":{"self":[{"href":"https:\/\/mx1gpbrasil.alperprojetos.com.br\/index.php\/wp-json\/wp\/v2\/posts\/70824","targetHints":{"allow":["GET"]}}],"collection":[{"href":"https:\/\/mx1gpbrasil.alperprojetos.com.br\/index.php\/wp-json\/wp\/v2\/posts"}],"about":[{"href":"https:\/\/mx1gpbrasil.alperprojetos.com.br\/index.php\/wp-json\/wp\/v2\/types\/post"}],"author":[{"embeddable":true,"href":"https:\/\/mx1gpbrasil.alperprojetos.com.br\/index.php\/wp-json\/wp\/v2\/users\/1"}],"replies":[{"embeddable":true,"href":"https:\/\/mx1gpbrasil.alperprojetos.com.br\/index.php\/wp-json\/wp\/v2\/comments?post=70824"}],"version-history":[{"count":0,"href":"https:\/\/mx1gpbrasil.alperprojetos.com.br\/index.php\/wp-json\/wp\/v2\/posts\/70824\/revisions"}],"wp:featuredmedia":[{"embeddable":true,"href":"https:\/\/mx1gpbrasil.alperprojetos.com.br\/index.php\/wp-json\/wp\/v2\/media\/70828"}],"wp:attachment":[{"href":"https:\/\/mx1gpbrasil.alperprojetos.com.br\/index.php\/wp-json\/wp\/v2\/media?parent=70824"}],"wp:term":[{"taxonomy":"category","embeddable":true,"href":"https:\/\/mx1gpbrasil.alperprojetos.com.br\/index.php\/wp-json\/wp\/v2\/categories?post=70824"},{"taxonomy":"post_tag","embeddable":true,"href":"https:\/\/mx1gpbrasil.alperprojetos.com.br\/index.php\/wp-json\/wp\/v2\/tags?post=70824"}],"curies":[{"name":"wp","href":"https:\/\/api.w.org\/{rel}","templated":true}]}}