{"id":70964,"date":"2024-08-06T09:00:00","date_gmt":"2024-08-06T12:00:00","guid":{"rendered":"http:\/\/mx1gpbrasil.com.br\/?p=70964"},"modified":"2024-08-06T09:00:00","modified_gmt":"2024-08-06T12:00:00","slug":"dobradinha-honda-no-brasileiro-de-motocross-vitor-borba-e-campeao-da-mx2","status":"publish","type":"post","link":"https:\/\/mx1gpbrasil.alperprojetos.com.br\/index.php\/2024\/08\/06\/dobradinha-honda-no-brasileiro-de-motocross-vitor-borba-e-campeao-da-mx2\/","title":{"rendered":"Dobradinha Honda no Brasileiro de Motocross: Vitor Borba \u00e9 campe\u00e3o da MX2"},"content":{"rendered":"\n<p class=\"wp-block-paragraph\">06\/08\/2024<\/p>\n\n\n\n<p class=\"wp-block-paragraph\"><img decoding=\"async\" alt=\"\" src=\"https:\/\/cbm.esp.br\/sistema\/kcfinder\/upload\/images\/IMG_3047%20-%20Capa%20Ney%20Evangelista.JPG\"><br><em><strong>Foto: Ney Evangelista<\/strong><\/em><\/p>\n\n\n\n<p class=\"wp-block-paragraph\">No \u00faltimo domingo (04), a grande final do Campeonato Brasileiro de Motocross coroou o jovem piloto Vitor Borba, da equipe Honda Racing, como o novo campe\u00e3o da categoria MX2. Uma das disputas mais acirradas do campeonato culminou com um emocionante desfecho, destacando o talento e a competitividade dos pilotos.<\/p>\n\n\n\n<p class=\"wp-block-paragraph\"><img decoding=\"async\" alt=\"\" src=\"https:\/\/cbm.esp.br\/sistema\/kcfinder\/upload\/images\/IMG_3049%20-%20FOTO%201%20-%20Ney%20Evangelista.JPG\"><br><em><strong>Foto: Ney Evangelista<\/strong><\/em><\/p>\n\n\n\n<p class=\"wp-block-paragraph\">A corrida para o t\u00edtulo come\u00e7ou com uma vantagem de 7 pontos de Vitor Borba sobre seu colega de equipe, Bernardo Tiburcio. Na primeira bateria da MX2, Bernardo venceu a prova, enquanto Borba terminou em segundo, reduzindo a diferen\u00e7a de pontos e levando a decis\u00e3o para a \u00faltima bateria, a Elite MX.<\/p>\n\n\n\n<p class=\"wp-block-paragraph\"><img decoding=\"async\" alt=\"\" src=\"https:\/\/cbm.esp.br\/sistema\/kcfinder\/upload\/images\/IMG_3048%20FOTO%2002%20-%20Ney%20Evangelista.JPG\"><br><em><strong>Foto: Ney Evangelista<\/strong><\/em><\/p>\n\n\n\n<p class=\"wp-block-paragraph\">O fim de semana foi marcado pela intensa disputa entre os dois pilotos da Honda Racing. Na Elite MX, a diferen\u00e7a caiu para apenas 1 ponto. Cada ultrapassagem alternava a lideran\u00e7a do campeonato, mantendo o p\u00fablico em suspense. Perto da linha de chegada, quando tudo parecia encaminhado para Bernardo, Vitor Borba fez uma \u00faltima e decisiva ultrapassagem, garantindo o t\u00edtulo de Campe\u00e3o Brasileiro de Motocross.<\/p>\n\n\n\n<p class=\"wp-block-paragraph\">A Honda Racing celebrou uma dobradinha na categoria MX2, com Vitor Borba como campe\u00e3o e Bernardo Tiburcio como vice-campe\u00e3o. Durante a coletiva de imprensa, ambos os pilotos expressaram o respeito m\u00fatuo e a amizade que compartilham, destacando a import\u00e2ncia de uma competi\u00e7\u00e3o justa e limpa. &#8220;Sabemos que ser\u00e1 uma prova dif\u00edcil, mas sempre respeitamos um ao outro. A amizade permanece, independentemente do resultado&#8221;.<\/p>\n\n\n\n<p class=\"wp-block-paragraph\">A celebra\u00e7\u00e3o foi marcada pela uni\u00e3o e alegria, com ambos os pilotos comemorando juntos o sucesso de suas temporadas. A categoria MX2 foi um espet\u00e1culo de for\u00e7a, habilidade, garra e dedica\u00e7\u00e3o, com os pilotos lutando at\u00e9 o \u00faltimo instante, culminando em um emocionante desfecho com apenas um ponto de diferen\u00e7a.<\/p>\n\n\n\n<p class=\"wp-block-paragraph\">Parab\u00e9ns a Vitor Borba pelo merecido t\u00edtulo de campe\u00e3o e a Bernardo Tib\u00farcio pelo honroso vice-campeonato.<\/p>\n\n\n\n<p class=\"wp-block-paragraph\"><strong>Resultado do Campeonato:<\/strong><br>Campe\u00e3o: Vitor Borba<br>Vice-Campe\u00e3o: Bernardo Tiburico<\/p>\n\n\n\n<p class=\"wp-block-paragraph\"><img decoding=\"async\" alt=\"\" src=\"https:\/\/cbm.esp.br\/sistema\/kcfinder\/upload\/images\/IMG_3050%20FOTO%2003%20-%20Cristiano%20Fox.JPEG\"><br><em><strong>Foto: Cristiano Fox<\/strong><\/em><\/p>\n\n\n\n<p class=\"wp-block-paragraph\"><strong>Resultado MX2:<\/strong><br>1\u00ba &#8211; Bernardo Tib\u00farcio<br>2\u00ba &#8211; Vitor Borba<br>3\u00ba &#8211; Eric Tomas<br>4\u00ba &#8211; German Bratschi<br>5\u00ba &#8211; Luiz Felipe<\/p>\n\n\n\n<p class=\"wp-block-paragraph\"><strong>Soma MX2:<\/strong><br>1\u00ba &#8211; Bernardo Tib\u00farcio<br>2\u00ba &#8211; Eric Tomas<br>3\u00ba &#8211; Vitor Borba<br>4\u00ba &#8211; German Bratschi<br>5\u00ba &#8211; Luiz Felipe<\/p>\n\n\n\n<p class=\"wp-block-paragraph\"><img decoding=\"async\" alt=\"\" src=\"https:\/\/cbm.esp.br\/sistema\/kcfinder\/upload\/images\/IMG_3051%20FOTO%2004%20-%20NEY%20EVANGELISTA.JPG\"><br><em><strong>Foto: Ney Evangelista<\/strong><\/em><\/p>\n\n\n\n<p class=\"wp-block-paragraph\"><em>Texto: \u00c9rica Roman Testa &#8211; Assessoria de Imprensa do Campeonato Brasileiro de Motocross<\/em><\/p>\n","protected":false},"excerpt":{"rendered":"<p>06\/08\/2024 Foto: Ney Evangelista No \u00faltimo domingo (04), a grande final do Campeonato Brasileiro de Motocross coroou o jovem piloto Vitor Borba, da equipe Honda Racing, como o novo campe\u00e3o da categoria MX2. Uma das disputas mais acirradas do campeonato culminou com um emocionante desfecho, destacando o talento e a competitividade dos pilotos. Foto: Ney [&hellip;]<\/p>\n","protected":false},"author":1,"featured_media":70967,"comment_status":"closed","ping_status":"open","sticky":false,"template":"","format":"standard","meta":{"footnotes":""},"categories":[133],"tags":[],"class_list":["post-70964","post","type-post","status-publish","format-standard","has-post-thumbnail","hentry","category-motocross"],"_links":{"self":[{"href":"https:\/\/mx1gpbrasil.alperprojetos.com.br\/index.php\/wp-json\/wp\/v2\/posts\/70964","targetHints":{"allow":["GET"]}}],"collection":[{"href":"https:\/\/mx1gpbrasil.alperprojetos.com.br\/index.php\/wp-json\/wp\/v2\/posts"}],"about":[{"href":"https:\/\/mx1gpbrasil.alperprojetos.com.br\/index.php\/wp-json\/wp\/v2\/types\/post"}],"author":[{"embeddable":true,"href":"https:\/\/mx1gpbrasil.alperprojetos.com.br\/index.php\/wp-json\/wp\/v2\/users\/1"}],"replies":[{"embeddable":true,"href":"https:\/\/mx1gpbrasil.alperprojetos.com.br\/index.php\/wp-json\/wp\/v2\/comments?post=70964"}],"version-history":[{"count":0,"href":"https:\/\/mx1gpbrasil.alperprojetos.com.br\/index.php\/wp-json\/wp\/v2\/posts\/70964\/revisions"}],"wp:featuredmedia":[{"embeddable":true,"href":"https:\/\/mx1gpbrasil.alperprojetos.com.br\/index.php\/wp-json\/wp\/v2\/media\/70967"}],"wp:attachment":[{"href":"https:\/\/mx1gpbrasil.alperprojetos.com.br\/index.php\/wp-json\/wp\/v2\/media?parent=70964"}],"wp:term":[{"taxonomy":"category","embeddable":true,"href":"https:\/\/mx1gpbrasil.alperprojetos.com.br\/index.php\/wp-json\/wp\/v2\/categories?post=70964"},{"taxonomy":"post_tag","embeddable":true,"href":"https:\/\/mx1gpbrasil.alperprojetos.com.br\/index.php\/wp-json\/wp\/v2\/tags?post=70964"}],"curies":[{"name":"wp","href":"https:\/\/api.w.org\/{rel}","templated":true}]}}