{"id":70969,"date":"2024-08-05T08:38:36","date_gmt":"2024-08-05T11:38:36","guid":{"rendered":"http:\/\/mx1gpbrasil.com.br\/?p=70969"},"modified":"2024-08-05T08:38:36","modified_gmt":"2024-08-05T11:38:36","slug":"fabio-santos-e-campeao-brasileiro-de-motocross-2024","status":"publish","type":"post","link":"https:\/\/mx1gpbrasil.alperprojetos.com.br\/index.php\/2024\/08\/05\/fabio-santos-e-campeao-brasileiro-de-motocross-2024\/","title":{"rendered":"F\u00e1bio Santos \u00e9 Campe\u00e3o Brasileiro de Motocross 2024"},"content":{"rendered":"\n<p class=\"wp-block-paragraph\"><br><em><strong>Foto: Rodrigo Junior<\/strong><\/em><\/p>\n\n\n\n<p class=\"wp-block-paragraph\"><strong>Piloto da Yamaha Monster Energy Gera\u00e7\u00e3o, conquistou o tricampeonato na categoria MX1<\/strong><\/p>\n\n\n\n<p class=\"wp-block-paragraph\">Neste domingo (4), o piloto F\u00e1bio Santos, natural de Jarinu, S\u00e3o Paulo, sagrou-se Campe\u00e3o Brasileiro de Motocross na temporada 2024 na categoria principal, a MX1, durante a \u00faltima etapa do campeonato em Ponta Grossa, Paran\u00e1.<\/p>\n\n\n\n<p class=\"wp-block-paragraph\">O campeonato se encaminhou para a \u00faltima etapa sem defini\u00e7\u00e3o de campe\u00e3o, F\u00e1bio estava apenas 8 pontos \u00e0 frente de seu maior advers\u00e1rio, o franc\u00eas Sthepen Rubini da equipe Honda Racing.<\/p>\n\n\n\n<p class=\"wp-block-paragraph\">A primeira bateria da MX1 prometeu grandes emo\u00e7\u00f5es, desde a largada at\u00e9 o minuto final da corrida. O piloto F\u00e1bio que precisava aumentar a diferen\u00e7a em rela\u00e7\u00e3o a Rubini para garantir o t\u00edtulo, acabou tendo uma queda logo ap\u00f3s a largada. No entanto, o piloto brasileiro fez uma impressionante prova de recupera\u00e7\u00e3o, terminando em terceiro lugar.<\/p>\n\n\n\n<p class=\"wp-block-paragraph\">Stephen Rubini, conhecido por sua determina\u00e7\u00e3o e habilidades, tamb\u00e9m trouxe um show \u00e0 parte. Mesmo enfrentando uma les\u00e3o no ombro, consequ\u00eancia de uma queda na etapa anterior realizada em Interlagos, ele competiu com garra, lutando contra a dor, deixando a decis\u00e3o do campeonato para a \u00faltima bateria, a Elite MX.<\/p>\n\n\n\n<p class=\"wp-block-paragraph\">Na \u00faltima e decisiva corrida, a tens\u00e3o era palp\u00e1vel entre o p\u00fablico. O sil\u00eancio da expectativa se contrastava com o rugido dos motores. F\u00e1bio Santos, mostrando grande habilidade, ra\u00e7a e consci\u00eancia, finalizou a bateria em 4\u00ba, consagrando-se Bicampe\u00e3o Brasileiro de Motocross. O primeiro lugar da categoria Elite MX, no entanto, ficou com Harry Kullas, piloto da KTM, seguido de Jetro Salazar e Carlos Campano.<\/p>\n\n\n\n<p class=\"wp-block-paragraph\"><strong>Resultados:<\/strong><\/p>\n\n\n\n<p class=\"wp-block-paragraph\"><strong>Resultado MX1:<\/strong><\/p>\n\n\n\n<p class=\"wp-block-paragraph\">1\u00ba &#8211; Carlos Campano<br>2\u00ba &#8211; Miro Sihvonen<br>3\u00ba &#8211; F\u00e1bio Santos<br>4\u00ba &#8211; Sthepen Rubini<br>5\u00ba &#8211; Jetro Salazar<\/p>\n\n\n\n<p class=\"wp-block-paragraph\"><strong><u>Resultado Elite MX:<\/u><\/strong><\/p>\n\n\n\n<p class=\"wp-block-paragraph\">1\u00ba \u2013 Harri Kulla<br>2\u00ba \u2013 Jetro Salazar<br>3\u00ba \u2013 Carlos Campano<br>4\u00ba &#8211; F\u00e1bio Santos<br>5\u00ba &#8211; Sthepen Rubini<\/p>\n\n\n\n<p class=\"wp-block-paragraph\"><img decoding=\"async\" alt=\"\" src=\"https:\/\/cbm.esp.br\/sistema\/kcfinder\/upload\/images\/IMG_3015%20Foto%202%20CRISTIANO%20FOX.JPEG\"><br><em><strong>Foto: CRISTIANO FOX<\/strong><\/em><\/p>\n\n\n\n<p class=\"wp-block-paragraph\"><strong>Soma MX1:<\/strong><\/p>\n\n\n\n<p class=\"wp-block-paragraph\">1\u00ba &#8211; Carlos Campano<br>2\u00ba &#8211; Harri Kullas<br>3\u00ba &#8211; Jetro Salazar<br>4\u00ba &#8211; F\u00e1bio Santos<br>5\u00ba &#8211; Sthepen Rubini<\/p>\n\n\n\n<p class=\"wp-block-paragraph\"><img decoding=\"async\" alt=\"\" src=\"https:\/\/cbm.esp.br\/sistema\/kcfinder\/upload\/images\/IMG_3015%20Foto%203%20CRISTIANO%20FOX.JPEG\"><br><em><strong>Foto: CRISTIANO FOX<\/strong><\/em><\/p>\n\n\n\n<p class=\"wp-block-paragraph\">&#8211; Campe\u00e3o: F\u00e1bio Santos<\/p>\n\n\n\n<p class=\"wp-block-paragraph\">&#8211; Vice-Campe\u00e3o: Stephen Rubini<\/p>\n\n\n\n<p class=\"wp-block-paragraph\"><img decoding=\"async\" alt=\"\" src=\"https:\/\/cbm.esp.br\/sistema\/kcfinder\/upload\/images\/YAMAHA%20RACING-22%20Foto%2004%20Rodrigo%20Junior.jpg\"><br><em><strong>Foto: Rodrigo Junior<\/strong><\/em><\/p>\n\n\n\n<p class=\"wp-block-paragraph\"><img decoding=\"async\" alt=\"\" src=\"https:\/\/cbm.esp.br\/sistema\/kcfinder\/upload\/images\/StephenRubini_HondaRacing2024_Brasileirodemotocross24_2Etapa07_Credito-NeyEvangelista_DSC_1488.jpg\"><br><em><strong>FOTO: Ney Evangelista<\/strong><\/em><\/p>\n\n\n\n<p class=\"wp-block-paragraph\">O Campeonato Brasileiro de Motocross 2024 destacou-se pelo alto n\u00edvel de competi\u00e7\u00e3o, exigindo excel\u00eancia dos pilotos e proporcionando ao p\u00fablico disputas intensas e um verdadeiro espet\u00e1culo de pilotagem. F\u00e1bio Santos e Stephen Rubini, em especial, protagonizaram uma temporada emocionante e saud\u00e1vel disputa pelo t\u00edtulo.<\/p>\n\n\n\n<p class=\"wp-block-paragraph\"><img decoding=\"async\" alt=\"\" src=\"https:\/\/cbm.esp.br\/sistema\/kcfinder\/upload\/images\/FOTO%2007%20Tata%20Mello.jpeg\"><br><em><strong>FOTO: Tata Mello<\/strong><\/em><\/p>\n\n\n\n<p class=\"wp-block-paragraph\">Parab\u00e9ns a F\u00e1bio Santos pelo merecido t\u00edtulo de campe\u00e3o e a Stephen Rubini pelo vice-campeonato. Ambos demonstraram esp\u00edrito esportivo e paix\u00e3o pelo motocross, elevando o n\u00edvel do esporte no Brasil.<\/p>\n\n\n\n<p class=\"wp-block-paragraph\"><img decoding=\"async\" alt=\"\" src=\"https:\/\/cbm.esp.br\/sistema\/kcfinder\/upload\/images\/IMG_3017%20Foto%2008%20Cristiano%20Fox.JPEG\"><br><em><strong>Foto: Cristiano Fox<\/strong><\/em><\/p>\n\n\n\n<p class=\"wp-block-paragraph\"><em>Texto: \u00c9rica Roman Testa &#8211; Assessoria de Imprensa do Brasileiro de Motocross<\/em><\/p>\n\n\n\n<p class=\"wp-block-paragraph\"><a href=\"javascript:history.back()\"><\/a><\/p>\n","protected":false},"excerpt":{"rendered":"<p>Foto: Rodrigo Junior Piloto da Yamaha Monster Energy Gera\u00e7\u00e3o, conquistou o tricampeonato na categoria MX1 Neste domingo (4), o piloto F\u00e1bio Santos, natural de Jarinu, S\u00e3o Paulo, sagrou-se Campe\u00e3o Brasileiro de Motocross na temporada 2024 na categoria principal, a MX1, durante a \u00faltima etapa do campeonato em Ponta Grossa, Paran\u00e1. O campeonato se encaminhou para [&hellip;]<\/p>\n","protected":false},"author":1,"featured_media":70970,"comment_status":"closed","ping_status":"open","sticky":false,"template":"","format":"standard","meta":{"footnotes":""},"categories":[134],"tags":[],"class_list":["post-70969","post","type-post","status-publish","format-standard","has-post-thumbnail","hentry","category-sem-categoria"],"_links":{"self":[{"href":"https:\/\/mx1gpbrasil.alperprojetos.com.br\/index.php\/wp-json\/wp\/v2\/posts\/70969","targetHints":{"allow":["GET"]}}],"collection":[{"href":"https:\/\/mx1gpbrasil.alperprojetos.com.br\/index.php\/wp-json\/wp\/v2\/posts"}],"about":[{"href":"https:\/\/mx1gpbrasil.alperprojetos.com.br\/index.php\/wp-json\/wp\/v2\/types\/post"}],"author":[{"embeddable":true,"href":"https:\/\/mx1gpbrasil.alperprojetos.com.br\/index.php\/wp-json\/wp\/v2\/users\/1"}],"replies":[{"embeddable":true,"href":"https:\/\/mx1gpbrasil.alperprojetos.com.br\/index.php\/wp-json\/wp\/v2\/comments?post=70969"}],"version-history":[{"count":0,"href":"https:\/\/mx1gpbrasil.alperprojetos.com.br\/index.php\/wp-json\/wp\/v2\/posts\/70969\/revisions"}],"wp:featuredmedia":[{"embeddable":true,"href":"https:\/\/mx1gpbrasil.alperprojetos.com.br\/index.php\/wp-json\/wp\/v2\/media\/70970"}],"wp:attachment":[{"href":"https:\/\/mx1gpbrasil.alperprojetos.com.br\/index.php\/wp-json\/wp\/v2\/media?parent=70969"}],"wp:term":[{"taxonomy":"category","embeddable":true,"href":"https:\/\/mx1gpbrasil.alperprojetos.com.br\/index.php\/wp-json\/wp\/v2\/categories?post=70969"},{"taxonomy":"post_tag","embeddable":true,"href":"https:\/\/mx1gpbrasil.alperprojetos.com.br\/index.php\/wp-json\/wp\/v2\/tags?post=70969"}],"curies":[{"name":"wp","href":"https:\/\/api.w.org\/{rel}","templated":true}]}}