{"id":70974,"date":"2024-08-06T11:00:00","date_gmt":"2024-08-06T14:00:00","guid":{"rendered":"http:\/\/mx1gpbrasil.com.br\/?p=70974"},"modified":"2024-08-06T11:00:00","modified_gmt":"2024-08-06T14:00:00","slug":"final-do-campeonato-brasileiro-de-motocross-conheca-os-campeoes","status":"publish","type":"post","link":"https:\/\/mx1gpbrasil.alperprojetos.com.br\/index.php\/2024\/08\/06\/final-do-campeonato-brasileiro-de-motocross-conheca-os-campeoes\/","title":{"rendered":"Final do Campeonato Brasileiro de Motocross: Conhe\u00e7a os Campe\u00f5es"},"content":{"rendered":"\n<p class=\"wp-block-paragraph\"><em><strong>Foto: Rodrigo J\u00fanior<\/strong><\/em><\/p>\n\n\n\n<p class=\"wp-block-paragraph\">O palco da final do Campeonato Brasileiro de Motocross foi montado no grandioso centro de eventos de Ponta Grossa no Paran\u00e1 neste final de semana 03 e 04 de agosto. O evento garantiu muita emo\u00e7\u00e3o e consagrou os campe\u00f5es da temporada 2024.<\/p>\n\n\n\n<p class=\"wp-block-paragraph\">Na categoria MX3 o grande Campe\u00e3o foi o piloto Jos\u00e9 Felipe, que fez uma incr\u00edvel temporada e finalizou o campeonato 34 pontos \u00e0 frente do vice-campe\u00e3o, Cleiton Borges. Jos\u00e9 Felipe tamb\u00e9m venceu a prova da MX3 em Ponta Grossa, garantindo os pontos do t\u00edtulo.<\/p>\n\n\n\n<p class=\"wp-block-paragraph\"><strong>Resultado do Campeonato:<\/strong><br>Campe\u00e3o: Jos\u00e9 Felipe<br>Vice-campe\u00e3o: Cleiton Borges<\/p>\n\n\n\n<p class=\"wp-block-paragraph\"><img decoding=\"async\" alt=\"\" src=\"https:\/\/cbm.esp.br\/sistema\/kcfinder\/upload\/images\/IMG_3061%20Foto%2001%20-%20Cristiano%20Fox.JPG\"><br><em><strong>Foto: Cristiano Fox<\/strong><\/em><br>&nbsp;<\/p>\n\n\n\n<p class=\"wp-block-paragraph\"><strong>Resultado da prova &#8211; MX3:<\/strong><br>1\u00ba &#8211; Jos\u00e9 Felipe<br>2\u00ba &#8211; C\u00e1ssio Anacleto<br>3\u00ba &#8211; Cleiton Borges<br>4\u00ba &#8211; Leonardo Dambr\u00f3s<br>5\u00ba &#8211; Jackson Keil<\/p>\n\n\n\n<p class=\"wp-block-paragraph\">Pela categoria MXF a emo\u00e7\u00e3o tomou conta. Na prova, quem levou a melhor e faturou o primeiro lugar foi a piloto da 595 Racing, Luana Neves (Luaninha), que diminuiu a diferen\u00e7a para 4 pontos. No entanto, Tat\u00e1 Castro, piloto JP Racing finalizou a prova em segundo, mas devido a sua pontua\u00e7\u00e3o conquistou seu primeiro t\u00edtulo de Campe\u00e3 Brasileira.<\/p>\n\n\n\n<p class=\"wp-block-paragraph\">Tat\u00e1 e Luaninha emocionaram a todos ao demonstrarem sua felicidade em cruzar a linha de chegada e conquistarem o campeonato e o vice-campeonato, respectivamente.<\/p>\n\n\n\n<p class=\"wp-block-paragraph\"><strong>Resultado do Campeonato:<\/strong><br>Campe\u00e3: Tat\u00e1 Castro<br>Vice-Campe\u00e3: Luana Neves<\/p>\n\n\n\n<p class=\"wp-block-paragraph\"><img decoding=\"async\" alt=\"\" src=\"https:\/\/cbm.esp.br\/sistema\/kcfinder\/upload\/images\/IMG_3052%20Foto%2002%20-%20Rodrigo%20J%C3%BAnior.JPG\"><br><em><strong>Foto: Rodrigo J\u00fanior<\/strong><\/em><br>&nbsp;<\/p>\n\n\n\n<p class=\"wp-block-paragraph\"><strong>Resultado da prova \u2013 MXF:<\/strong><br>1\u00ba &#8211; Luana Neves (Luaninha)<br>2\u00ba &#8211; Tat\u00e1 Castro<br>3\u00ba &#8211; Paola Menegusso<br>4\u00ba &#8211; Brunna Avila<br>5\u00ba &#8211; Fernanda Fabris<\/p>\n\n\n\n<p class=\"wp-block-paragraph\">Os jovens pilotos da categoria 65cc tamb\u00e9m deram um show e mostraram que apesar da idade, possuem forte pilotagem, t\u00e9cnica e const\u00e2ncia. Tamb\u00e9m nesta categoria nada estava definido por antecipa\u00e7\u00e3o, e com isso, rolou emo\u00e7\u00e3o do in\u00edcio ao fim da prova.<\/p>\n\n\n\n<p class=\"wp-block-paragraph\">Zion Bertchtold que estava na disputa pelo t\u00edtulo venceu a prova, enquanto seu principal advers\u00e1rio Lorenzo Ricken, passou pela terceira posi\u00e7\u00e3o.<\/p>\n\n\n\n<p class=\"wp-block-paragraph\">Com esse resultado e com a vantagem de pontos, o grande campe\u00e3o foi Lorenzo Ricken e Zion Berchtold, piloto Pro Tork KTM Racing Team, foi o vice-campe\u00e3o da categoria 65cc.<\/p>\n\n\n\n<p class=\"wp-block-paragraph\"><strong>Resultado do Campeonato:<\/strong><br>Campe\u00e3o: Lorenzo Ricken<br>Vice-Campe\u00e3o: Zion Berchtold<\/p>\n\n\n\n<p class=\"wp-block-paragraph\"><img decoding=\"async\" alt=\"\" src=\"https:\/\/cbm.esp.br\/sistema\/kcfinder\/upload\/images\/IMG_3054%20Foto%2003%20-%20Cristiano%20Fox%281%29.JPEG\"><br><em><strong>Foto: Cristiano Fox<\/strong><\/em><\/p>\n\n\n\n<p class=\"wp-block-paragraph\"><strong>Resultado da prova \u2013 65cc:<\/strong><br>1\u00ba &#8211; Zion Berchtold<br>2\u00ba &#8211; Heitor Matos<br>3\u00ba &#8211; Lorenzo Ricken<br>4\u00ba &#8211; Henri Krug<br>5\u00ba Jefferson Junior<\/p>\n\n\n\n<p class=\"wp-block-paragraph\">Na MXJR, quem venceu a prova foi o piloto Heverto Silveira seguido de Gui Ferreira que ficou com o segundo lugar. Pablo Galdino que brigava pelo t\u00edtulo ficou em 4\u00ba lugar e Caio Grosbelli que tamb\u00e9m estava na disputa do t\u00edtulo ficou em 7\u00ba lugar.<\/p>\n\n\n\n<p class=\"wp-block-paragraph\">Devido a vantagem de pontos de Caio e Pablo, o resultado da prova n\u00e3o interferiu no resultado do campeonato, sagrando-se assim, Campe\u00e3o e Vice-Campe\u00e3o Brasileiro de Motocross 2024, respectivamente, na categoria MXJR.<\/p>\n\n\n\n<p class=\"wp-block-paragraph\"><strong>Resultado do Campeonato:<\/strong><br>Campe\u00e3o: Caio Grosbelli<br>Vice-campe\u00e3o: Pablo Galdino<\/p>\n\n\n\n<p class=\"wp-block-paragraph\"><img decoding=\"async\" alt=\"\" src=\"https:\/\/cbm.esp.br\/sistema\/kcfinder\/upload\/images\/IMG_3058%20Foto%2004%20-%20Cristiano%20Fox.JPEG\"><br><em><strong>Foto: Cristiano Fox<\/strong><\/em><\/p>\n\n\n\n<p class=\"wp-block-paragraph\"><strong>Resultado da prova \u2013 MXJR:<\/strong><br>1\u00ba &#8211; Heverton Silveira<br>2\u00ba &#8211; Gui Ferreira<br>3\u00ba &#8211; Francesco Copetti<br>4\u00ba &#8211; Pablo Galdino<br>5\u00ba &#8211; Enzo Fialho<\/p>\n\n\n\n<p class=\"wp-block-paragraph\">Cristian Kehl venceu a prova da categoria MX4, garantindo o vice-campeonato na categoria, apenas 1 ponto atr\u00e1s do grande campe\u00e3o, Roosevelt Assun\u00e7\u00e3o da equipe JP Racing. Enquanto na corrida, Roosevelt manteve a quarta posi\u00e7\u00e3o, preferindo n\u00e3o arriscar e garantir o t\u00edtulo.<\/p>\n\n\n\n<p class=\"wp-block-paragraph\"><strong>Resultado do Campeonato:<\/strong><br>Campe\u00e3o: Roosevelt Assun\u00e7\u00e3o<br>Vice-Campe\u00e3o: Cristian Kehl<\/p>\n\n\n\n<p class=\"wp-block-paragraph\"><img decoding=\"async\" alt=\"\" src=\"https:\/\/cbm.esp.br\/sistema\/kcfinder\/upload\/images\/IMG_3063%20Foto%2005%20-%20Cristiano%20Fox.JPG\"><br><em><strong>Foto: Cristiano Fox<\/strong><\/em><\/p>\n\n\n\n<p class=\"wp-block-paragraph\"><strong>Resultado da prova \u2013 MX4:<\/strong><br>1\u00ba &#8211; Cristian Kehl<br>2\u00ba &#8211; Jo\u00e3o Cardeli<br>3\u00ba &#8211; Markolf Berchtold<br>4\u00ba &#8211; Roosevelt Junior Assun\u00e7\u00e3o<br>5\u00ba &#8211; Richard Bairos<\/p>\n\n\n\n<p class=\"wp-block-paragraph\">Pela categoria MX2JR, o piloto Honda Racing, Vitor Borba j\u00e1 havia garantindo o t\u00edtulo na etapa anterior, por isso, preferiu n\u00e3o correr a prova tendo em vista que estava na briga pelo t\u00edtulo da MX2.<\/p>\n\n\n\n<p class=\"wp-block-paragraph\">J\u00e1 Pietro Piroli, piloto Husqvarna BR Factory Racing fez uma incr\u00edvel prova e subiu ao p\u00f3dio no lugar mais alto v\u00e1lido pela prova da MX2JR, garantindo assim o vice-campeonato.<\/p>\n\n\n\n<p class=\"wp-block-paragraph\"><strong>Resulatdo do campeonato:<\/strong><\/p>\n\n\n\n<p class=\"wp-block-paragraph\">Campe\u00e3o:&nbsp; Vitor Borba<br>Vice-Campe\u00e3o: Pietro Piroli<\/p>\n\n\n\n<p class=\"wp-block-paragraph\"><img decoding=\"async\" alt=\"\" src=\"https:\/\/cbm.esp.br\/sistema\/kcfinder\/upload\/images\/IMG_3060%20Foto%2006%20-%20Cristiano%20Fox.JPG\"><br><em><strong>Foto: Cristiano Fox<\/strong><\/em><\/p>\n\n\n\n<p class=\"wp-block-paragraph\"><strong>Resultado da Corrida:<\/strong><br>1\u00ba &#8211; Pietro Piroli<br>2\u00ba &#8211; Inaki Abarzua<br>3\u00ba &#8211; Gabriel Cirino<br>4\u00ba &#8211; Tyler Joseph<br>5\u00ba &#8211; Vasko Durand<\/p>\n\n\n\n<p class=\"wp-block-paragraph\">Parab\u00e9ns a todos os pilotos pela dedica\u00e7\u00e3o e desempenho na temporada 2024. O Campeonato Brasileiro de Motocross deste ano proporcionou grandes momentos de emo\u00e7\u00e3o e habilidade nas pistas. Agradecemos a todos os envolvidos e esperamos v\u00ea-los novamente na pr\u00f3xima temporada, para mais um ano de disputas acirradas e muita adrenalina.<\/p>\n\n\n\n<p class=\"wp-block-paragraph\"><em>Texto: \u00c9rica Roman Testa &#8211; Assessoria de Imprensa do Campeonato Brasileiro de Motocross<\/em><\/p>\n","protected":false},"excerpt":{"rendered":"<p>Foto: Rodrigo J\u00fanior O palco da final do Campeonato Brasileiro de Motocross foi montado no grandioso centro de eventos de Ponta Grossa no Paran\u00e1 neste final de semana 03 e 04 de agosto. O evento garantiu muita emo\u00e7\u00e3o e consagrou os campe\u00f5es da temporada 2024. Na categoria MX3 o grande Campe\u00e3o foi o piloto Jos\u00e9 [&hellip;]<\/p>\n","protected":false},"author":1,"featured_media":70975,"comment_status":"closed","ping_status":"open","sticky":false,"template":"","format":"standard","meta":{"footnotes":""},"categories":[134],"tags":[],"class_list":["post-70974","post","type-post","status-publish","format-standard","has-post-thumbnail","hentry","category-sem-categoria"],"_links":{"self":[{"href":"https:\/\/mx1gpbrasil.alperprojetos.com.br\/index.php\/wp-json\/wp\/v2\/posts\/70974","targetHints":{"allow":["GET"]}}],"collection":[{"href":"https:\/\/mx1gpbrasil.alperprojetos.com.br\/index.php\/wp-json\/wp\/v2\/posts"}],"about":[{"href":"https:\/\/mx1gpbrasil.alperprojetos.com.br\/index.php\/wp-json\/wp\/v2\/types\/post"}],"author":[{"embeddable":true,"href":"https:\/\/mx1gpbrasil.alperprojetos.com.br\/index.php\/wp-json\/wp\/v2\/users\/1"}],"replies":[{"embeddable":true,"href":"https:\/\/mx1gpbrasil.alperprojetos.com.br\/index.php\/wp-json\/wp\/v2\/comments?post=70974"}],"version-history":[{"count":0,"href":"https:\/\/mx1gpbrasil.alperprojetos.com.br\/index.php\/wp-json\/wp\/v2\/posts\/70974\/revisions"}],"wp:featuredmedia":[{"embeddable":true,"href":"https:\/\/mx1gpbrasil.alperprojetos.com.br\/index.php\/wp-json\/wp\/v2\/media\/70975"}],"wp:attachment":[{"href":"https:\/\/mx1gpbrasil.alperprojetos.com.br\/index.php\/wp-json\/wp\/v2\/media?parent=70974"}],"wp:term":[{"taxonomy":"category","embeddable":true,"href":"https:\/\/mx1gpbrasil.alperprojetos.com.br\/index.php\/wp-json\/wp\/v2\/categories?post=70974"},{"taxonomy":"post_tag","embeddable":true,"href":"https:\/\/mx1gpbrasil.alperprojetos.com.br\/index.php\/wp-json\/wp\/v2\/tags?post=70974"}],"curies":[{"name":"wp","href":"https:\/\/api.w.org\/{rel}","templated":true}]}}