{"id":70986,"date":"2025-01-20T19:13:08","date_gmt":"2025-01-20T22:13:08","guid":{"rendered":"https:\/\/mx1gpbrasil.com.br\/?p=70986"},"modified":"2025-01-20T19:13:08","modified_gmt":"2025-01-20T22:13:08","slug":"historico-pela-primeira-vez-todas-as-regioes-do-brasil-receberao-etapas-do-campeonato-brasileiro-de-motocross-brmx-em-2025","status":"publish","type":"post","link":"https:\/\/mx1gpbrasil.alperprojetos.com.br\/index.php\/2025\/01\/20\/historico-pela-primeira-vez-todas-as-regioes-do-brasil-receberao-etapas-do-campeonato-brasileiro-de-motocross-brmx-em-2025\/","title":{"rendered":"&#8220;Hist\u00f3rico! Pela Primeira Vez, Todas as Regi\u00f5es do Brasil Receber\u00e3o Etapas do Campeonato Brasileiro de Motocross (BRMX) em 2025!&#8221;"},"content":{"rendered":"\n<p class=\"wp-block-paragraph\">*foto: Ney Evangelista<br><br>O Campeonato Brasileiro de Motocross (BRMX) est\u00e1 prestes a viver sua temporada mais hist\u00f3rica de todos os tempos! As mudan\u00e7as ser\u00e3o muitas e j\u00e1 come\u00e7a pelo nome, que a partir desse ano, se chamar\u00e1 \u201c<strong>MX1 GP BRASIL\u201d<\/strong>, a mudan\u00e7a do nome tem um prop\u00f3sito, a inten\u00e7\u00e3o \u00e9 dar identidade pr\u00f3pria ao Campeonato, com isso voc\u00eas ir\u00e3o perceber um grande investimento no marketing e em toda a rede de jornalismo e m\u00eddia que gira em torno desse Campeonato, assim como \u00e9 \u201cl\u00e1 fora\u201d com os principais Campeonatos do mundo.&nbsp;<\/p>\n\n\n\n<p class=\"wp-block-paragraph\">Pela primeira vez em sua trajet\u00f3ria, <em>todas<\/em> as regi\u00f5es do Brasil ter\u00e3o a oportunidade de receber uma etapa do campeonato, gra\u00e7as ao esfor\u00e7o incans\u00e1vel e \u00e0 dedica\u00e7\u00e3o de Firmo Henrique Alvez, empres\u00e1rio vision\u00e1rio e promotor do evento. O que parecia imposs\u00edvel, agora \u00e9 uma realidade que vai elevar o motocross nacional a um novo patamar!<\/p>\n\n\n\n<p class=\"wp-block-paragraph\">A <strong>PROMOX BRASIL<\/strong>, promotora oficial do <strong>MX1 GP BRASIL<\/strong>, acaba de revelar o pr\u00e9-calend\u00e1rio da temporada de 2025, e a grande surpresa \u00e9 que, pela primeira vez na hist\u00f3ria, as regi\u00f5es Norte e Nordeste do pa\u00eds ter\u00e3o o privil\u00e9gio de sediar etapas do campeonato. Um sonho que por muitos anos parecia distante, agora \u00e9 um marco da evolu\u00e7\u00e3o do motocross no Brasil!<\/p>\n\n\n\n<p class=\"wp-block-paragraph\"><strong>A REGI\u00c3O NORTE\/NORDESTE AGUARDAVA POR ESSE MOMENTO!<\/strong><\/p>\n\n\n\n<p class=\"wp-block-paragraph\">Durante anos, os f\u00e3s e pilotos dessas regi\u00f5es, que sempre demonstraram uma paix\u00e3o imensa pelo esporte, lamentavam a falta de uma etapa oficial do <strong>MX1 GP BRASIL<\/strong> em suas cidades.&nbsp;<\/p>\n\n\n\n<p class=\"wp-block-paragraph\">Em 2025, Palmas (TO) e Santa Cruz do Capibaribe (PE) ser\u00e3o as respons\u00e1veis por representar as regi\u00f5es Norte e Nordeste do Brasil no cen\u00e1rio do motocross nacional.&nbsp;<\/p>\n\n\n\n<p class=\"wp-block-paragraph\"><strong>O ESFOR\u00c7O QUE MUDOU O JOGO<\/strong><\/p>\n\n\n\n<p class=\"wp-block-paragraph\">Esse feito s\u00f3 foi poss\u00edvel gra\u00e7as ao trabalho incans\u00e1vel de Firmo Henrique Alves, que se dedicou por anos para quebrar as barreiras que impediam a inclus\u00e3o dessas regi\u00f5es no campeonato. Seu compromisso com o esporte, com os pilotos e com os f\u00e3s de todo o Brasil foi o motor que impulsionou a cria\u00e7\u00e3o de um calend\u00e1rio mais inclusivo e representativo. Firmo, que sempre acreditou no potencial de crescimento do motocross no Brasil, agora v\u00ea sua vis\u00e3o se concretizar de forma espetacular.<\/p>\n\n\n\n<p class=\"wp-block-paragraph\">&nbsp;\u201cEu sempre acreditei no potencial do Motocross brasileiro, entendo que ainda tem muito a evoluir, entretanto os n\u00fameros e a qualidade do evento demonstram a sua gigantesca evolu\u00e7\u00e3o nos \u00faltimos 10 anos. Esse ano as novidades ser\u00e3o muitas, aumentamos a quantidade de etapas para 09 e conseguiremos \u201cestar\u201d em todas as regi\u00f5es do Brasil. Esse formato sacramentar\u00e1 o <strong>MX1 GP BRASIL<\/strong> como o maior da Am\u00e9rica Latina e o segundo maior Campeonato do mundo, tornando-se um polo mundial importante para pilotos de outros Pa\u00edses que querem evoluir.\u201d &nbsp;<\/p>\n\n\n\n<p class=\"wp-block-paragraph\"><strong>UM CAMPEONATO MAIS BRASILEIRO DO QUE NUNCA!<\/strong><\/p>\n\n\n\n<p class=\"wp-block-paragraph\">Essa mudan\u00e7a \u00e9 um marco de transforma\u00e7\u00e3o! O <strong>MX1 GP BRASIL<\/strong> de 2025 ser\u00e1, sem d\u00favida, o campeonato mais plural, acess\u00edvel e emocionante de todos os tempos. Desde as pistas mais tradicionais at\u00e9 os terrenos mais desafiadores das regi\u00f5es Norte e Nordeste, os pilotos ter\u00e3o a chance de competir nas mais variadas pistas, enfrentando desafios \u00fanicos e intensos. E o melhor: com a energia e o calor humano que s\u00f3 essas regi\u00f5es sabem oferecer.<\/p>\n\n\n\n<p class=\"wp-block-paragraph\"><strong>Realizar as etapas do MX1 GP Brasil \u00e9 uma satisfa\u00e7\u00e3o imensa, mas receb\u00ea-las em um estado e regi\u00e3o espec\u00edficos tamb\u00e9m significa um compromisso com a responsabilidade e o empenho de manter o espa\u00e7o em excelente condi\u00e7\u00e3o para acolher pilotos, equipes e p\u00fablico do Brasil inteiro e do exterior. Confira os depoimentos dos diretores que ser\u00e3o respons\u00e1veis por receber as incr\u00edveis etapas do MX1 GP Brasil e que far\u00e3o parte deste marco importante, levando o motocross a todas as regi\u00f5es do pa\u00eds em 2025:<\/strong><\/p>\n\n\n\n<p class=\"wp-block-paragraph\">&#8211; \u201cVer o Campeonato Brasileiro de Motocross chegando \u00e0 regi\u00e3o Nordeste \u00e9, para n\u00f3s, a certeza de que estamos no caminho certo. Esse avan\u00e7o trar\u00e1 um crescimento significativo, n\u00e3o apenas para os pilotos, mas tamb\u00e9m para as empresas associadas ao motociclismo em toda a nossa na\u00e7\u00e3o. Estamos trabalhando incansavelmente para impulsionar esse desenvolvimento, e em breve mais regi\u00f5es ser\u00e3o contempladas com etapas do maior e melhor campeonato de motocross da Am\u00e9rica Latina. O motocross est\u00e1 expandindo, e juntos, vamos fortalecer ainda mais essa grande paix\u00e3o nacional! \u201d &#8211; Wesley Rodrigues Magalh\u00e3es (Pakito) &#8211; Diretor de Motocross CBM e Vice-Presidente CBM.<\/p>\n\n\n\n<p class=\"wp-block-paragraph\">&#8211; \u201cCom toda tradi\u00e7\u00e3o e prest\u00edgio que tem o Campeonato Brasileiro de Motocross, ele \u00e9 um dos focos principais da Yamaha Racing Brasil, que ano a ano amplia investimentos e esfor\u00e7os para estruturar ainda mais os times e incrementar o apoio ao esporte. Nosso time oficial, a Yamaha Monster Energy Gera\u00e7\u00e3o, \u00e9 o maior vencedor dos \u00faltimos 15 anos e entra novamente nesta temporada com muita determina\u00e7\u00e3o para conquistar novos t\u00edtulos. O Programa bLU cRU em 2025 vai viver a sua s\u00e9tima temporada aqui no Brasil, consolidado como o maior programa de incentivo para pilotos independentes no pa\u00eds. E a IMS YZ125 bLU cRU Am\u00e9rica Latina ter\u00e1 sua segunda temporada de forma\u00e7\u00e3o de pilotos, sempre primando pela seguran\u00e7a dos pilotos. Os f\u00e3s de Yamaha podem ter certeza que estamos trabalhando para fazer mais um ano muito produtivo. Contamos com a torcida de voc\u00eas!\u201d &#8211; Vitor Reis &#8211; Diretor de Competi\u00e7\u00f5es da Yamaha.<\/p>\n\n\n\n<p class=\"wp-block-paragraph\">&#8211; \u201cFaz mais de dez anos que tivemos uma etapa do Campeonato Brasileiro no Nordeste e em Pernambuco nunca aconteceu. Vai ser um evento muito positivo para o com\u00e9rcio, para o turismo, esporte, lazer e para a cidade de uma maneira geral. Vai movimentar os mais diversos setores. Tamb\u00e9m \u00e9 muito importante retomarmos o brasileiro aqui para o Nordeste, regi\u00e3o que \u00e9 celeiro de grandes pilotos. Ent\u00e3o para a gente como organiza\u00e7\u00e3o e como apaixonados por motocross \u00e9 uma grande conquista.\u201d &#8211; Tiago Henrique Ferreira Chagas &#8211; Promotor das duas etapas do Nordeste.<\/p>\n\n\n\n<p class=\"wp-block-paragraph\">&#8211; O Motociclismo de fato \u00e9 apaixonante em v\u00e1rias categorias e modalidade, mas sempre gera em nossos cora\u00e7\u00f5es, uma modalidade espec\u00edfica! Para n\u00f3s essa Modalidade \u00e9 o Motocross, desde ainda crian\u00e7a vendo o meu pai correr de Motocross, despertou uma paix\u00e3o e uma conex\u00e3o que s\u00f3 os apaixonados sabem descrever.<\/p>\n\n\n\n<p class=\"wp-block-paragraph\">Com o crescimento da modalidade em todo Pa\u00eds, essa paix\u00e3o travessou as barretas do Estado e fortaleceu la\u00e7os, gerando o desejo j\u00e1 como Federa\u00e7\u00e3o Estadual de trazer para o Tocantins, o que de forma indiscut\u00edvel \u00e9 o maior Campeonato da Am\u00e9rica Latina de Motocross.<\/p>\n\n\n\n<p class=\"wp-block-paragraph\">E isso gera expectativas na maior regi\u00e3o do Brasil, a regi\u00e3o Norte, projeto este que foi realizado em 2024, e, diga-se de passagem, com compet\u00eancia e maestria por uma equipe top 10 da CBM e a PROMOX Brasil em conjunto com a FMT!!<\/p>\n\n\n\n<p class=\"wp-block-paragraph\">J\u00e1 para 2025 as expectativas se renovam para mais uma etapa desse renomado Campeonato no Tocantins, que acreditamos que ser\u00e1 um grande sucesso, pois j\u00e1 est\u00e1 sendo esperado por mais de 80 mil expectadores presentes de todos Brasil e cremos que a etapa Palmas vai superar os 600 pilotos, e contempla a regi\u00e3o Norte e suas centenas de pilotos e milhares de apaixonados pelo MOTOCROSS. Parab\u00e9ns a CBM E a PROMOX Brasil\u201d &#8211; Maur\u00edcio, Presidente da Federa\u00e7\u00e3o de Motociclismo do Tocantins e Promotor da etapa de Palmas\/TO &#8211; Regi\u00e3o Norte.<\/p>\n\n\n\n<p class=\"wp-block-paragraph\">&#8211; \u201c\u00c9 um prazer, um orgulho danado, a gente poder divulgar um calend\u00e1rio que cobre todas as regi\u00f5es do pa\u00eds. \u00c9 uma coisa in\u00e9dita, gra\u00e7as a um trabalho incessante a\u00ed da PROMOX junto com a CBM tentando envolver todos os organizadores, todos os estados. E a gente poder levar esse campeonato que hoje \u00e9 considerado o segundo maior do mundo, para o Brasil inteiro, principalmente para a turma l\u00e1 no Nordeste, que tem muitos anos que n\u00e3o v\u00ea uma prova dessas.&nbsp;<\/p>\n\n\n\n<p class=\"wp-block-paragraph\">Algumas vezes n\u00f3s prometemos e acabamos que n\u00e3o cumprimos, s\u00f3 que dessa vez, agora n\u00e3o tem volta, agora vai acontecer. E \u00e9 um pessoal que merece, n\u00e9? Pessoal do Nordeste, inclusive, eles s\u00e3o grandes consumidores de motocicleta, de vendas de motos. Ent\u00e3o, enfim, um campeonato que s\u00f3 cresce, cada ano com novidades, a gente vai ter mais novidades ainda com rela\u00e7\u00e3o ao Na\u00e7\u00f5es tamb\u00e9m, que foi um sucesso ano passado. A gente vai fazer uma equipe de novo, corrigindo alguns errinhos que tivemos, j\u00e1 ser\u00e3o l\u00e1 nos Estados Unidos. A gente j\u00e1 est\u00e1 com planejamento, j\u00e1 estou conversando com o pessoal, vai ser um sucesso e \u00e9 isso.<\/p>\n\n\n\n<p class=\"wp-block-paragraph\">Parab\u00e9ns para a PROMOX, para o Firmo, pela dedica\u00e7\u00e3o, com o empenho todo para poder fazer esse calend\u00e1rio fant\u00e1stico.\u201d &#8211; Gustavo Jacob &#8211; Presidente da Confedera\u00e7\u00e3o Brasileira de Motociclismo&nbsp;<\/p>\n\n\n\n<p class=\"wp-block-paragraph\">&#8211; \u201cEstou muito entusiasmado para mais uma temporada do Brasileiro de Motocross. O n\u00edvel est\u00e1 cada vez mais alto e isso torna nossa profiss\u00e3o ainda mais interessante. Estou em busca de meu quarto t\u00edtulo na MX1, o terceiro consecutivo, e para isso estamos trabalhando duro, como sempre. A pr\u00e9-temporada est\u00e1 muito boa, nossos equipamentos est\u00e3o muito bons, e j\u00e1 estou aguardando com empolga\u00e7\u00e3o a abertura do Campeonato. \u201d \u2013 F\u00e1bio Santos \u2013 Atual Campe\u00e3o Brasileiro pela Yamaha Monster Energy Gera\u00e7\u00e3o<\/p>\n\n\n\n<p class=\"wp-block-paragraph\">\u201cEu amo Brumadinho e eu quero que a nossa cidade tenha coisas extraordin\u00e1rias por aqui, nosso povo merece!<br>Com toda certeza o Brasileiro de motocross \u00e9 uma dessas coisas, estou extremamente honrado e feliz em poder proporcionar esse momento a nossa cidade e refor\u00e7o a nossa expectativa de ser uma das maiores etapas de Brasileiro da hist\u00f3ria.\u201d &#8211; Gabriel Parreiras &#8211; Prefeito de Brumadinho<\/p>\n\n\n\n<p class=\"wp-block-paragraph\">Agora \u00e9 hora de se preparar para a grande temporada de 2025, onde o Brasil inteiro respirar\u00e1 motocross e cada regi\u00e3o ter\u00e1 seu lugar de destaque nesse espet\u00e1culo! Prepare-se para testemunhar momentos inesquec\u00edveis e muita adrenalina.<\/p>\n\n\n\n<p class=\"wp-block-paragraph\"><strong>Confira o pr\u00e9-calend\u00e1rio da temporada 2025:<\/strong><\/p>\n\n\n\n<p class=\"wp-block-paragraph\"><strong>1\u00aa Etapa \u2013 06 de Abril \u2013 Ponta Grossa\/PR<br>2\u00aa Etapa \u2013 27 de Abril \u2013 Canelinha\/SC<br>3\u00aa Etapa \u2013 <strong>24 de Maio \u2013 Cuiab\u00e1 \u2013 MT<\/strong><br>4\u00aa Etapa \u2013 <strong>08 de Junho \u2013 Palmas \u2013 TO<\/strong><br>5\u00aa Etapa \u2013 <strong>18 de Julho \u2013 Santa Cruz do Capibaribe &#8211; PE<\/strong><br>6\u00aa Etapa \u2013 <strong>20 de Julho \u2013 Santa Cruz do Capibaribe &#8211; PE<\/strong><br>7\u00aa Etapa \u2013 <strong>17 de Agosto \u2013 Brumadinho &#8211; MG<\/strong><br>8\u00aa Etapa \u2013 <strong>31 de Agosto \u2013 Rio Verde &#8211; GO<\/strong><br>9\u00aa Etapa \u2013 14 de Setembro &#8211; Indaiatuba &#8211; SP<\/strong><\/p>\n\n\n\n<p class=\"wp-block-paragraph\">O Brasil inteiro vai se unir para viver a maior temporada de motocross da hist\u00f3ria! O que antes parecia imposs\u00edvel, agora \u00e9 real. Preparem-se, porque 2025 ser\u00e1 o ano em que o motocross brasileiro vai conquistar novos horizontes!<\/p>\n","protected":false},"excerpt":{"rendered":"<p>*foto: Ney Evangelista O Campeonato Brasileiro de Motocross (BRMX) est\u00e1 prestes a viver sua temporada mais hist\u00f3rica de todos os tempos! As mudan\u00e7as ser\u00e3o muitas e j\u00e1 come\u00e7a pelo nome, que a partir desse ano, se chamar\u00e1 \u201cMX1 GP BRASIL\u201d, a mudan\u00e7a do nome tem um prop\u00f3sito, a inten\u00e7\u00e3o \u00e9 dar identidade pr\u00f3pria ao Campeonato, [&hellip;]<\/p>\n","protected":false},"author":1,"featured_media":70987,"comment_status":"closed","ping_status":"open","sticky":false,"template":"","format":"standard","meta":{"footnotes":""},"categories":[133],"tags":[],"class_list":["post-70986","post","type-post","status-publish","format-standard","has-post-thumbnail","hentry","category-motocross"],"_links":{"self":[{"href":"https:\/\/mx1gpbrasil.alperprojetos.com.br\/index.php\/wp-json\/wp\/v2\/posts\/70986","targetHints":{"allow":["GET"]}}],"collection":[{"href":"https:\/\/mx1gpbrasil.alperprojetos.com.br\/index.php\/wp-json\/wp\/v2\/posts"}],"about":[{"href":"https:\/\/mx1gpbrasil.alperprojetos.com.br\/index.php\/wp-json\/wp\/v2\/types\/post"}],"author":[{"embeddable":true,"href":"https:\/\/mx1gpbrasil.alperprojetos.com.br\/index.php\/wp-json\/wp\/v2\/users\/1"}],"replies":[{"embeddable":true,"href":"https:\/\/mx1gpbrasil.alperprojetos.com.br\/index.php\/wp-json\/wp\/v2\/comments?post=70986"}],"version-history":[{"count":0,"href":"https:\/\/mx1gpbrasil.alperprojetos.com.br\/index.php\/wp-json\/wp\/v2\/posts\/70986\/revisions"}],"wp:featuredmedia":[{"embeddable":true,"href":"https:\/\/mx1gpbrasil.alperprojetos.com.br\/index.php\/wp-json\/wp\/v2\/media\/70987"}],"wp:attachment":[{"href":"https:\/\/mx1gpbrasil.alperprojetos.com.br\/index.php\/wp-json\/wp\/v2\/media?parent=70986"}],"wp:term":[{"taxonomy":"category","embeddable":true,"href":"https:\/\/mx1gpbrasil.alperprojetos.com.br\/index.php\/wp-json\/wp\/v2\/categories?post=70986"},{"taxonomy":"post_tag","embeddable":true,"href":"https:\/\/mx1gpbrasil.alperprojetos.com.br\/index.php\/wp-json\/wp\/v2\/tags?post=70986"}],"curies":[{"name":"wp","href":"https:\/\/api.w.org\/{rel}","templated":true}]}}