{"id":71010,"date":"2025-01-31T15:01:36","date_gmt":"2025-01-31T18:01:36","guid":{"rendered":"https:\/\/mx1gpbrasil.com.br\/?p=71010"},"modified":"2025-01-31T15:01:36","modified_gmt":"2025-01-31T18:01:36","slug":"promox-divulga-regulamento-2025-e-mantem-a-definicao-das-categorias-do-mx1-gp-brasil","status":"publish","type":"post","link":"https:\/\/mx1gpbrasil.alperprojetos.com.br\/index.php\/2025\/01\/31\/promox-divulga-regulamento-2025-e-mantem-a-definicao-das-categorias-do-mx1-gp-brasil\/","title":{"rendered":"\u00a0PROMOX divulga regulamento 2025 e mant\u00e9m a defini\u00e7\u00e3o das categorias do MX1 GP Brasil\u00a0"},"content":{"rendered":"\n<p class=\"wp-block-paragraph\">Cr\u00e9ditos foto: Cristiano Fox<br><br>A PROMOX, promotora do MX1 GP Brasil, divulgou o regulamento oficial para a temporada 2025, trazendo as defini\u00e7\u00f5es das categorias para cada etapa do campeonato. Embora a separa\u00e7\u00e3o das categorias j\u00e1 seja uma tradi\u00e7\u00e3o no evento, a organiza\u00e7\u00e3o reafirma a import\u00e2ncia de conciliar as divis\u00f5es de maneira estrat\u00e9gica, visando o bom andamento das competi\u00e7\u00f5es e a experi\u00eancia de todos os envolvidos.\u00a0<\/p>\n\n\n\n<p class=\"wp-block-paragraph\">Destacamos que a correta organiza\u00e7\u00e3o das provas e a distribui\u00e7\u00e3o das categorias nas etapas ser\u00e1 fundamental para garantir a fluidez das disputas, a seguran\u00e7a dos pilotos e a qualidade do evento. A ideia central \u00e9 manter um campeonato bem equilibrado, onde as disputas entre atletas de diferentes n\u00edveis sejam intensas e justas.&nbsp;<\/p>\n\n\n\n<p class=\"wp-block-paragraph\">Confira abaixo como fica o calend\u00e1rio para a temporada 2025:&nbsp;<\/p>\n\n\n\n<p class=\"wp-block-paragraph\">\uf0b7 <strong>1\u00aa Etapa &#8211; Ponta Grossa\/PR &#8211; 05 e 06 de abril&nbsp;<\/strong><\/p>\n\n\n\n<p class=\"wp-block-paragraph\">MX1 &#8211; MX2 &#8211; MX3 &#8211; MX4 &#8211; MX2JR &#8211; MXJR &#8211; MXF &#8211; YZ125bLUcRU &#8211; 65cc e 50cc.&nbsp;<\/p>\n\n\n\n<p class=\"wp-block-paragraph\">\uf0b7 <strong>2\u00aa Etapa \u2013 Canelinha\/SC &#8211; 26 e 27 de abril&nbsp;<\/strong><\/p>\n\n\n\n<p class=\"wp-block-paragraph\">MX1 &#8211; MX2 &#8211; MX3 &#8211; MX5 &#8211; MX2JR &#8211; MXJR &#8211; MXF &#8211; YZ125bLUcRU &#8211; 65cc e 50cc.&nbsp;<\/p>\n\n\n\n<p class=\"wp-block-paragraph\">\uf0b7 <strong>3\u00aa Etapa &#8211; Campo Grande\/MS &#8211; 17 e 18 de maio&nbsp;<\/strong><\/p>\n\n\n\n<p class=\"wp-block-paragraph\">MX1 &#8211; MX2 &#8211; MX3 &#8211; MX4 &#8211; MX2JR &#8211; MXJR &#8211; MXF &#8211; 65cc e 50cc.&nbsp;<\/p>\n\n\n\n<p class=\"wp-block-paragraph\">\uf0b7 <strong>4\u00aa Etapa \u2013 Cuiab\u00e1\/MT &#8211; 24 e 25 de maio&nbsp;<\/strong><\/p>\n\n\n\n<p class=\"wp-block-paragraph\">MX1 &#8211; MX2 &#8211; MX3 &#8211; MX5 &#8211; MX2JR &#8211; MXJR &#8211; YZ125bLUcRU &#8211; 65cc e 50cc.&nbsp;<\/p>\n\n\n\n<p class=\"wp-block-paragraph\">\uf0b7 <strong>5\u00aa Etapa \u2013 Palmas\/TO &#8211; 07 e 08 de junho&nbsp;<\/strong><\/p>\n\n\n\n<p class=\"wp-block-paragraph\">MX1 &#8211; MX2 &#8211; MX3 &#8211; MX2JR &#8211; MXJR &#8211; MXF &#8211; 65cc e 50cc.&nbsp;<\/p>\n\n\n\n<p class=\"wp-block-paragraph\">\uf0b7 <strong>6\u00aa e 7\u00aa Etapa &#8211; Santa Cruz Capibaribe\/PE &#8211; 18, 19 e 20 de julho&nbsp;<\/strong><\/p>\n\n\n\n<p class=\"wp-block-paragraph\">MX1 &#8211; MX2 &#8211; MX3 &#8211; MX4 &#8211; MX2JR &#8211; MXJR &#8211; YZ125bLUcRU.&nbsp;<\/p>\n\n\n\n<p class=\"wp-block-paragraph\">\uf0b7 <strong>8\u00aa Etapa \u2013 Brumadinho\/MG &#8211; 16 e 17 de agosto&nbsp;<\/strong><\/p>\n\n\n\n<p class=\"wp-block-paragraph\">MX1 &#8211; MX2 &#8211; MX5 &#8211; MX2JR &#8211; MXJR &#8211; MXF &#8211; YZ125bLUcRU &#8211; YZ125 Latino &#8211; 65cc e 50cc.&nbsp;<\/p>\n\n\n\n<p class=\"wp-block-paragraph\">\uf0b7 <strong>9\u00aa Etapa \u2013 Indaiatuba\/SP &#8211; 13 e 14 de abril&nbsp;<\/strong><\/p>\n\n\n\n<p class=\"wp-block-paragraph\">MX1 &#8211; MX2 &#8211; MX3 &#8211; MX2JR &#8211; MXJR &#8211; MXF &#8211; 65cc e 50cc.&nbsp;<\/p>\n\n\n\n<p class=\"wp-block-paragraph\">Confira o regulamento do MX1 GP Brasil 2025, j\u00e1 dispon\u00edvel.&nbsp;<\/p>\n\n\n\n<p class=\"wp-block-paragraph\"><strong><a href=\"http:\/\/mx1gpbrasil.com.br\/wp-content\/uploads\/2025\/01\/Regulamento_BRMX_2025.pdf\" data-type=\"link\" data-id=\"http:\/\/mx1gpbrasil.com.br\/wp-content\/uploads\/2025\/01\/Regulamento_BRMX_2025.pdf\">ACESSE AQUI O PDF DO REGULAMENTO\u00a0<\/a><\/strong><\/p>\n\n\n\n<p class=\"wp-block-paragraph\">Fique atento \u00e0s novidades e prepare-se para mais uma temporada de adrenalina e muita velocidade nas pistas! Vai come\u00e7ar o <strong>MX1 GP BRASIL.&nbsp;<\/strong><\/p>\n","protected":false},"excerpt":{"rendered":"<p>Cr\u00e9ditos foto: Cristiano Fox A PROMOX, promotora do MX1 GP Brasil, divulgou o regulamento oficial para a temporada 2025, trazendo as defini\u00e7\u00f5es das categorias para cada etapa do campeonato. Embora a separa\u00e7\u00e3o das categorias j\u00e1 seja uma tradi\u00e7\u00e3o no evento, a organiza\u00e7\u00e3o reafirma a import\u00e2ncia de conciliar as divis\u00f5es de maneira estrat\u00e9gica, visando o bom [&hellip;]<\/p>\n","protected":false},"author":1,"featured_media":71011,"comment_status":"closed","ping_status":"open","sticky":false,"template":"","format":"standard","meta":{"footnotes":""},"categories":[133],"tags":[],"class_list":["post-71010","post","type-post","status-publish","format-standard","has-post-thumbnail","hentry","category-motocross"],"_links":{"self":[{"href":"https:\/\/mx1gpbrasil.alperprojetos.com.br\/index.php\/wp-json\/wp\/v2\/posts\/71010","targetHints":{"allow":["GET"]}}],"collection":[{"href":"https:\/\/mx1gpbrasil.alperprojetos.com.br\/index.php\/wp-json\/wp\/v2\/posts"}],"about":[{"href":"https:\/\/mx1gpbrasil.alperprojetos.com.br\/index.php\/wp-json\/wp\/v2\/types\/post"}],"author":[{"embeddable":true,"href":"https:\/\/mx1gpbrasil.alperprojetos.com.br\/index.php\/wp-json\/wp\/v2\/users\/1"}],"replies":[{"embeddable":true,"href":"https:\/\/mx1gpbrasil.alperprojetos.com.br\/index.php\/wp-json\/wp\/v2\/comments?post=71010"}],"version-history":[{"count":0,"href":"https:\/\/mx1gpbrasil.alperprojetos.com.br\/index.php\/wp-json\/wp\/v2\/posts\/71010\/revisions"}],"wp:featuredmedia":[{"embeddable":true,"href":"https:\/\/mx1gpbrasil.alperprojetos.com.br\/index.php\/wp-json\/wp\/v2\/media\/71011"}],"wp:attachment":[{"href":"https:\/\/mx1gpbrasil.alperprojetos.com.br\/index.php\/wp-json\/wp\/v2\/media?parent=71010"}],"wp:term":[{"taxonomy":"category","embeddable":true,"href":"https:\/\/mx1gpbrasil.alperprojetos.com.br\/index.php\/wp-json\/wp\/v2\/categories?post=71010"},{"taxonomy":"post_tag","embeddable":true,"href":"https:\/\/mx1gpbrasil.alperprojetos.com.br\/index.php\/wp-json\/wp\/v2\/tags?post=71010"}],"curies":[{"name":"wp","href":"https:\/\/api.w.org\/{rel}","templated":true}]}}