{"id":71045,"date":"2025-03-14T15:21:41","date_gmt":"2025-03-14T18:21:41","guid":{"rendered":"https:\/\/mx1gpbrasil.com.br\/?p=71045"},"modified":"2025-03-14T15:21:41","modified_gmt":"2025-03-14T18:21:41","slug":"aberto-o-credenciamento-de-imprensa-para-o-mx1-gp-brasil-2025","status":"publish","type":"post","link":"https:\/\/mx1gpbrasil.alperprojetos.com.br\/index.php\/2025\/03\/14\/aberto-o-credenciamento-de-imprensa-para-o-mx1-gp-brasil-2025\/","title":{"rendered":"Aberto o Credenciamento de Imprensa para o MX1 GP Brasil 2025"},"content":{"rendered":"\n<p class=\"wp-block-paragraph\">O credenciamento de imprensa para o MX1 GP Brasil 2025 \u2013 1\u00aa Etapa em Ponta Grossa\/PR \u2013 est\u00e1 oficialmente aberto. Profissionais da comunica\u00e7\u00e3o que desejam cobrir o campeonato j\u00e1 podem realizar o cadastro, que \u00e9 obrigat\u00f3rio para garantir acesso \u00e0s \u00e1reas destinadas \u00e0 imprensa.<\/p>\n\n\n\n<p class=\"wp-block-paragraph\">Juntamente com o credenciamento, est\u00e3o dispon\u00edveis o Regulamento de Imprensa e o Termo de Responsabilidade. Esses documentos detalham as diretrizes para a atua\u00e7\u00e3o dos profissionais durante o evento, incluindo normas de seguran\u00e7a, regras para circula\u00e7\u00e3o nas pistas, uso de coletes de imprensa e demais procedimentos.<\/p>\n\n\n\n<p class=\"wp-block-paragraph\">Refor\u00e7a-se que o acesso \u00e0s \u00e1reas de competi\u00e7\u00e3o ser\u00e1 permitido apenas aos credenciados que assinarem o Termo de Responsabilidade, garantindo que todos estejam cientes das normas de seguran\u00e7a e conduta profissional.<\/p>\n\n\n\n<p class=\"wp-block-paragraph\">O credenciamento e os documentos est\u00e3o dispon\u00edveis no site do campeonato (www.mx1gpbrasil.com.br), na aba \u201cIMPRENSA\u201d. O prazo para solicita\u00e7\u00e3o de credenciamento estar\u00e1 aberto at\u00e9 26 de mar\u00e7o, quarta-feira.<\/p>\n\n\n\n<p class=\"wp-block-paragraph\">Para mais informa\u00e7\u00f5es, acompanhe o site e as redes sociais oficiais do campeonato ou entre em contato pelo e-mail: mx1gpbrasil@gmail.com.<\/p>\n\n\n\n<p class=\"wp-block-paragraph\">A emo\u00e7\u00e3o sobre duas rodas come\u00e7a agora! 5 e 6 de abril em Ponta Grossa\/PR.<\/p>\n\n\n\n\n\n\n\n<figure class=\"wp-block-gallery has-nested-images columns-default is-cropped wp-block-gallery-1 is-layout-flex wp-block-gallery-is-layout-flex\"><\/figure>\n\n\n\n<p class=\"wp-block-paragraph\"><\/p>\n","protected":false},"excerpt":{"rendered":"<p>O credenciamento de imprensa para o MX1 GP Brasil 2025 \u2013 1\u00aa Etapa em Ponta Grossa\/PR \u2013 est\u00e1 oficialmente aberto. Profissionais da comunica\u00e7\u00e3o que desejam cobrir o campeonato j\u00e1 podem realizar o cadastro, que \u00e9 obrigat\u00f3rio para garantir acesso \u00e0s \u00e1reas destinadas \u00e0 imprensa. Juntamente com o credenciamento, est\u00e3o dispon\u00edveis o Regulamento de Imprensa e [&hellip;]<\/p>\n","protected":false},"author":1,"featured_media":71055,"comment_status":"closed","ping_status":"open","sticky":false,"template":"","format":"standard","meta":{"footnotes":""},"categories":[133],"tags":[],"class_list":["post-71045","post","type-post","status-publish","format-standard","has-post-thumbnail","hentry","category-motocross"],"_links":{"self":[{"href":"https:\/\/mx1gpbrasil.alperprojetos.com.br\/index.php\/wp-json\/wp\/v2\/posts\/71045","targetHints":{"allow":["GET"]}}],"collection":[{"href":"https:\/\/mx1gpbrasil.alperprojetos.com.br\/index.php\/wp-json\/wp\/v2\/posts"}],"about":[{"href":"https:\/\/mx1gpbrasil.alperprojetos.com.br\/index.php\/wp-json\/wp\/v2\/types\/post"}],"author":[{"embeddable":true,"href":"https:\/\/mx1gpbrasil.alperprojetos.com.br\/index.php\/wp-json\/wp\/v2\/users\/1"}],"replies":[{"embeddable":true,"href":"https:\/\/mx1gpbrasil.alperprojetos.com.br\/index.php\/wp-json\/wp\/v2\/comments?post=71045"}],"version-history":[{"count":0,"href":"https:\/\/mx1gpbrasil.alperprojetos.com.br\/index.php\/wp-json\/wp\/v2\/posts\/71045\/revisions"}],"wp:featuredmedia":[{"embeddable":true,"href":"https:\/\/mx1gpbrasil.alperprojetos.com.br\/index.php\/wp-json\/wp\/v2\/media\/71055"}],"wp:attachment":[{"href":"https:\/\/mx1gpbrasil.alperprojetos.com.br\/index.php\/wp-json\/wp\/v2\/media?parent=71045"}],"wp:term":[{"taxonomy":"category","embeddable":true,"href":"https:\/\/mx1gpbrasil.alperprojetos.com.br\/index.php\/wp-json\/wp\/v2\/categories?post=71045"},{"taxonomy":"post_tag","embeddable":true,"href":"https:\/\/mx1gpbrasil.alperprojetos.com.br\/index.php\/wp-json\/wp\/v2\/tags?post=71045"}],"curies":[{"name":"wp","href":"https:\/\/api.w.org\/{rel}","templated":true}]}}