{"id":71092,"date":"2025-03-31T20:47:16","date_gmt":"2025-03-31T23:47:16","guid":{"rendered":"http:\/\/mx1gpbrasil.com.br\/?p=71092"},"modified":"2025-03-31T20:47:16","modified_gmt":"2025-03-31T23:47:16","slug":"divulgados-os-valores-de-boxes-para-a-1a-etapa-do-mx1-gp-brasil-2025-em-ponta-grossa-pr","status":"publish","type":"post","link":"https:\/\/mx1gpbrasil.alperprojetos.com.br\/index.php\/2025\/03\/31\/divulgados-os-valores-de-boxes-para-a-1a-etapa-do-mx1-gp-brasil-2025-em-ponta-grossa-pr\/","title":{"rendered":"Divulgados os valores de boxes para a 1\u00aa etapa do MX1 GP Brasil 2025 em Ponta Grossa (PR)"},"content":{"rendered":"\n<p class=\"wp-block-paragraph\">O promotor local da etapa de Ponta Grossa, anunciou os valores de boxes para a primeira etapa da competi\u00e7\u00e3o, que ser\u00e1 realizada no Centro de Eventos em Ponta Grossa, Paran\u00e1. O evento marcar\u00e1 o in\u00edcio da temporada e reunir\u00e1 grandes nome do motocross nacional e internacional.<\/p>\n\n\n\n<p class=\"wp-block-paragraph\">Os valores definidos para os boxes s\u00e3o os seguintes:<br>\u2022 Carreta \u2013 R$ 500,00<br>\u2022 \u00d4nibus \u2013 R$ 400,00<br>\u2022 Micro-\u00f4nibus \u2013 R$ 300,00<br>\u2022 Van \u2013 R$ 200,00<br>\u2022 Estacionamento VIP para carros \u2013 R$ 100,00 <\/p>\n\n\n\n<p class=\"wp-block-paragraph\"><strong>A venda dos boxes, ser\u00e1 realizada somente no dia e os valores s\u00e3o v\u00e1lidos para todo os dias de evento.<\/strong> <br>Lembramos que dentro deste valor est\u00e1 inclusa estrutura completa de box.<\/p>\n\n\n\n<p class=\"wp-block-paragraph\">J\u00e1 as pulseira que d\u00e3o acesso ao box, est\u00e3o no valor de R$ 45,00 antecipadas, na hora haver\u00e1 acr\u00e9scimo de valor e podem ser adquiridas pelo site: <a href=\"https:\/\/pontagrossamotocross.com.br\/\" data-type=\"link\" data-id=\"https:\/\/pontagrossamotocross.com.br\/\"><strong>https:\/\/pontagrossamotocross.com.br\/<\/strong><\/a> bem como, aquisi\u00e7\u00e3o de camarotes e mais informa\u00e7\u00f5es.<\/p>\n\n\n\n<p class=\"wp-block-paragraph\">Refor\u00e7amos que a iniciativa de cobran\u00e7a partiu do promotor local, com o objetivo de custear uma parte da estrutura de box oferecida aos pilotos.<\/p>\n\n\n\n<p class=\"wp-block-paragraph\">O MX1 GP Brasil 2025 vai come\u00e7ar e promete disputas acirradas e de grandes emo\u00e7\u00e3o. Voc\u00ea n\u00e3o pode ficar de fora!<\/p>\n\n\n\n<p class=\"wp-block-paragraph\"><\/p>\n","protected":false},"excerpt":{"rendered":"<p>O promotor local da etapa de Ponta Grossa, anunciou os valores de boxes para a primeira etapa da competi\u00e7\u00e3o, que ser\u00e1 realizada no Centro de Eventos em Ponta Grossa, Paran\u00e1. O evento marcar\u00e1 o in\u00edcio da temporada e reunir\u00e1 grandes nome do motocross nacional e internacional. Os valores definidos para os boxes s\u00e3o os seguintes:\u2022 [&hellip;]<\/p>\n","protected":false},"author":1,"featured_media":71093,"comment_status":"closed","ping_status":"open","sticky":false,"template":"","format":"standard","meta":{"footnotes":""},"categories":[133],"tags":[],"class_list":["post-71092","post","type-post","status-publish","format-standard","has-post-thumbnail","hentry","category-motocross"],"_links":{"self":[{"href":"https:\/\/mx1gpbrasil.alperprojetos.com.br\/index.php\/wp-json\/wp\/v2\/posts\/71092","targetHints":{"allow":["GET"]}}],"collection":[{"href":"https:\/\/mx1gpbrasil.alperprojetos.com.br\/index.php\/wp-json\/wp\/v2\/posts"}],"about":[{"href":"https:\/\/mx1gpbrasil.alperprojetos.com.br\/index.php\/wp-json\/wp\/v2\/types\/post"}],"author":[{"embeddable":true,"href":"https:\/\/mx1gpbrasil.alperprojetos.com.br\/index.php\/wp-json\/wp\/v2\/users\/1"}],"replies":[{"embeddable":true,"href":"https:\/\/mx1gpbrasil.alperprojetos.com.br\/index.php\/wp-json\/wp\/v2\/comments?post=71092"}],"version-history":[{"count":0,"href":"https:\/\/mx1gpbrasil.alperprojetos.com.br\/index.php\/wp-json\/wp\/v2\/posts\/71092\/revisions"}],"wp:featuredmedia":[{"embeddable":true,"href":"https:\/\/mx1gpbrasil.alperprojetos.com.br\/index.php\/wp-json\/wp\/v2\/media\/71093"}],"wp:attachment":[{"href":"https:\/\/mx1gpbrasil.alperprojetos.com.br\/index.php\/wp-json\/wp\/v2\/media?parent=71092"}],"wp:term":[{"taxonomy":"category","embeddable":true,"href":"https:\/\/mx1gpbrasil.alperprojetos.com.br\/index.php\/wp-json\/wp\/v2\/categories?post=71092"},{"taxonomy":"post_tag","embeddable":true,"href":"https:\/\/mx1gpbrasil.alperprojetos.com.br\/index.php\/wp-json\/wp\/v2\/tags?post=71092"}],"curies":[{"name":"wp","href":"https:\/\/api.w.org\/{rel}","templated":true}]}}