{"id":71105,"date":"2025-04-05T20:15:52","date_gmt":"2025-04-05T23:15:52","guid":{"rendered":"http:\/\/mx1gpbrasil.com.br\/?p=71105"},"modified":"2025-04-05T20:15:52","modified_gmt":"2025-04-05T23:15:52","slug":"pilotos-superam-pista-tecnica-e-lama-no-primeiro-dia-de-competicoes-oficiais-na-abertura-do-mx1-gp-brasil-em-ponta-grossa-pr","status":"publish","type":"post","link":"https:\/\/mx1gpbrasil.alperprojetos.com.br\/index.php\/2025\/04\/05\/pilotos-superam-pista-tecnica-e-lama-no-primeiro-dia-de-competicoes-oficiais-na-abertura-do-mx1-gp-brasil-em-ponta-grossa-pr\/","title":{"rendered":"Pilotos superam pista t\u00e9cnica e lama no primeiro dia de competi\u00e7\u00f5es oficiais na abertura do MX1 GP Brasil, em Ponta Grossa\/PR"},"content":{"rendered":"\n<p class=\"wp-block-paragraph\">A chuva marcou presen\u00e7a no primeiro dia de disputas da 1\u00aa etapa do MX1 GP Brasil, em Ponta Grossa\/PR. Com um novo cronograma, devido a grande quantidade de pilotos, as categorias MX3, YZ125, 50cc, MX2 Jr., 65cc e MX4 realizaram treinos livres, baterias classificat\u00f3rias e provas finais ao longo do dia.<\/p>\n\n\n\n<p class=\"wp-block-paragraph\">Palco da emocionante grande final da temporada passada, caracterizada por disputas eletrizantes, Ponta Grossa novamente n\u00e3o decepcionou neste s\u00e1bado. O dia foi repleto de lama, supera\u00e7\u00e3o e embates decididos nos momentos finais.<\/p>\n\n\n\n<p class=\"wp-block-paragraph\">A categoria MX3 deu in\u00edcio \u00e0s provas oficiais, com a presen\u00e7a de grandes nomes como Jean Ramos, Anderson Amaral, Jacson Keil, entre outros. Anderson Amaral, conhecido por suas boas largadas, fez o holeshot, mas logo foi superado por Jean Ramos, que assumiu a lideran\u00e7a.<\/p>\n\n\n\n<p class=\"wp-block-paragraph\">Com a chuva se intensificando ao longo da prova, Jean Ramos, natural de Curitiba\/PR, mostrou muita habilidade na pista lisa e molhada. Ele cruzou a linha de chegada com uma vantagem de aproximadamente 40 segundos sobre o segundo colocado, conquistando a vit\u00f3ria em sua estreia na categoria. Cleiton Borges garantiu a segunda posi\u00e7\u00e3o ao superar Anderson Amaral na volta final. Rodrigo Guimar\u00e3es e Jacson Keil completaram os cinco primeiros colocados.<\/p>\n\n\n\n<p class=\"wp-block-paragraph\">1 \u2013 Jean Ramos #18<br>2 \u2013 Cleiton Borges #90<br>3 \u2013 Anderson Amaral #83<br>4 \u2013 Rodrigo Guimar\u00e3es<br>5 \u2013 Jacson Keil<\/p>\n\n\n\n<figure class=\"wp-block-image size-large\"><img loading=\"lazy\" decoding=\"async\" width=\"1024\" height=\"683\" src=\"http:\/\/mx1gpbrasil.com.br\/wp-content\/uploads\/2025\/04\/WhatsApp-Image-2025-04-05-at-18.50.30-2-1024x683.jpeg\" alt=\"\" class=\"wp-image-71106\" srcset=\"https:\/\/mx1gpbrasil.alperprojetos.com.br\/wp-content\/uploads\/2025\/04\/WhatsApp-Image-2025-04-05-at-18.50.30-2-1024x683.jpeg 1024w, https:\/\/mx1gpbrasil.alperprojetos.com.br\/wp-content\/uploads\/2025\/04\/WhatsApp-Image-2025-04-05-at-18.50.30-2-300x200.jpeg 300w, https:\/\/mx1gpbrasil.alperprojetos.com.br\/wp-content\/uploads\/2025\/04\/WhatsApp-Image-2025-04-05-at-18.50.30-2-768x512.jpeg 768w, https:\/\/mx1gpbrasil.alperprojetos.com.br\/wp-content\/uploads\/2025\/04\/WhatsApp-Image-2025-04-05-at-18.50.30-2-1536x1024.jpeg 1536w, https:\/\/mx1gpbrasil.alperprojetos.com.br\/wp-content\/uploads\/2025\/04\/WhatsApp-Image-2025-04-05-at-18.50.30-2-128x85.jpeg 128w, https:\/\/mx1gpbrasil.alperprojetos.com.br\/wp-content\/uploads\/2025\/04\/WhatsApp-Image-2025-04-05-at-18.50.30-2-32x21.jpeg 32w, https:\/\/mx1gpbrasil.alperprojetos.com.br\/wp-content\/uploads\/2025\/04\/WhatsApp-Image-2025-04-05-at-18.50.30-2-600x400.jpeg 600w, https:\/\/mx1gpbrasil.alperprojetos.com.br\/wp-content\/uploads\/2025\/04\/WhatsApp-Image-2025-04-05-at-18.50.30-2.jpeg 1599w\" sizes=\"auto, (max-width: 1024px) 100vw, 1024px\" \/><\/figure>\n\n\n\n<p class=\"wp-block-paragraph\">O catarinense Kau\u00e3 Vieira foi um dos grandes destaques deste s\u00e1bado em Ponta Grossa, com vit\u00f3rias na IMS YZ 125 bLU cRU Cup e tamb\u00e9m na MX2 Jr. Na YZ 125, Kau\u00e3 fez uma boa largada e, ap\u00f3s algumas voltas acirradas, superou o goiano Gustavo Torres. Com uma pilotagem limpa, mesmo sob condi\u00e7\u00f5es extremas, ele abriu vantagem volta ap\u00f3s volta. O piloto venceu com ampla vantagem, cerca de 25 segundos \u00e0 frente de Gustavo Torres.<\/p>\n\n\n\n<p class=\"wp-block-paragraph\">1 \u2013 Kau\u00e3 Vieira #438<br>2 \u2013 Gustavo Torres #712<br>3 \u2013 Rodrigo Stuardo #102<br>4 \u2013 Diego Ramirez<br>5 \u2013 Heverton Silveira<\/p>\n\n\n\n<figure class=\"wp-block-image size-large\"><img loading=\"lazy\" decoding=\"async\" width=\"1024\" height=\"683\" src=\"http:\/\/mx1gpbrasil.com.br\/wp-content\/uploads\/2025\/04\/WhatsApp-Image-2025-04-05-at-18.50.32-1024x683.jpeg\" alt=\"\" class=\"wp-image-71107\" srcset=\"https:\/\/mx1gpbrasil.alperprojetos.com.br\/wp-content\/uploads\/2025\/04\/WhatsApp-Image-2025-04-05-at-18.50.32-1024x683.jpeg 1024w, https:\/\/mx1gpbrasil.alperprojetos.com.br\/wp-content\/uploads\/2025\/04\/WhatsApp-Image-2025-04-05-at-18.50.32-300x200.jpeg 300w, https:\/\/mx1gpbrasil.alperprojetos.com.br\/wp-content\/uploads\/2025\/04\/WhatsApp-Image-2025-04-05-at-18.50.32-768x512.jpeg 768w, https:\/\/mx1gpbrasil.alperprojetos.com.br\/wp-content\/uploads\/2025\/04\/WhatsApp-Image-2025-04-05-at-18.50.32-1536x1024.jpeg 1536w, https:\/\/mx1gpbrasil.alperprojetos.com.br\/wp-content\/uploads\/2025\/04\/WhatsApp-Image-2025-04-05-at-18.50.32-128x85.jpeg 128w, https:\/\/mx1gpbrasil.alperprojetos.com.br\/wp-content\/uploads\/2025\/04\/WhatsApp-Image-2025-04-05-at-18.50.32-32x21.jpeg 32w, https:\/\/mx1gpbrasil.alperprojetos.com.br\/wp-content\/uploads\/2025\/04\/WhatsApp-Image-2025-04-05-at-18.50.32-600x400.jpeg 600w, https:\/\/mx1gpbrasil.alperprojetos.com.br\/wp-content\/uploads\/2025\/04\/WhatsApp-Image-2025-04-05-at-18.50.32.jpeg 1599w\" sizes=\"auto, (max-width: 1024px) 100vw, 1024px\" \/><\/figure>\n\n\n\n<p class=\"wp-block-paragraph\">Na MX2Jr, dessa vez largando um pouco mais atr\u00e1s, o piloto catarinense novamente mostrou t\u00e9cnica e buscou linhas estrat\u00e9gicas em mais uma prova incr\u00edvel, onde com poucos erros durante a bateria, superou os seus advers\u00e1rios volta a volta para vencer a segunda bateria na tarde de hoje.<\/p>\n\n\n\n<p class=\"wp-block-paragraph\">1 \u2013 Kaua Vieira #438<br>2 \u2013 Pietro Piroli #168<br>3 \u2013 Juan Garcia #517<br>4 \u2013 Gabriel Bilhar<br>5 \u2013 Artur Gomes<\/p>\n\n\n\n<figure class=\"wp-block-image size-large\"><img loading=\"lazy\" decoding=\"async\" width=\"1024\" height=\"682\" src=\"http:\/\/mx1gpbrasil.com.br\/wp-content\/uploads\/2025\/04\/WhatsApp-Image-2025-04-05-at-18.50.31-1-1024x682.jpeg\" alt=\"\" class=\"wp-image-71108\" srcset=\"https:\/\/mx1gpbrasil.alperprojetos.com.br\/wp-content\/uploads\/2025\/04\/WhatsApp-Image-2025-04-05-at-18.50.31-1-1024x682.jpeg 1024w, https:\/\/mx1gpbrasil.alperprojetos.com.br\/wp-content\/uploads\/2025\/04\/WhatsApp-Image-2025-04-05-at-18.50.31-1-300x200.jpeg 300w, https:\/\/mx1gpbrasil.alperprojetos.com.br\/wp-content\/uploads\/2025\/04\/WhatsApp-Image-2025-04-05-at-18.50.31-1-768x512.jpeg 768w, https:\/\/mx1gpbrasil.alperprojetos.com.br\/wp-content\/uploads\/2025\/04\/WhatsApp-Image-2025-04-05-at-18.50.31-1-1536x1023.jpeg 1536w, https:\/\/mx1gpbrasil.alperprojetos.com.br\/wp-content\/uploads\/2025\/04\/WhatsApp-Image-2025-04-05-at-18.50.31-1-128x85.jpeg 128w, https:\/\/mx1gpbrasil.alperprojetos.com.br\/wp-content\/uploads\/2025\/04\/WhatsApp-Image-2025-04-05-at-18.50.31-1-32x21.jpeg 32w, https:\/\/mx1gpbrasil.alperprojetos.com.br\/wp-content\/uploads\/2025\/04\/WhatsApp-Image-2025-04-05-at-18.50.31-1-600x400.jpeg 600w, https:\/\/mx1gpbrasil.alperprojetos.com.br\/wp-content\/uploads\/2025\/04\/WhatsApp-Image-2025-04-05-at-18.50.31-1.jpeg 1600w\" sizes=\"auto, (max-width: 1024px) 100vw, 1024px\" \/><\/figure>\n\n\n\n<p class=\"wp-block-paragraph\">Um duelo intenso entre Ana Helo\u00edsa e Valentina Barg foi a disputa mais marcante de hoje. Ana e Valentina demonstraram garra, supera\u00e7\u00e3o e muita t\u00e9cnica ao enfrentarem a lama do circuito a bordo de suas motocicletas 50cc, na busca pela vit\u00f3ria em uma prova repleta de emo\u00e7\u00e3o. Com diversas trocas de posi\u00e7\u00e3o entre elas, em meio a quedas e erros, foi Valentina quem assumiu a lideran\u00e7a no final e cruzou a linha de chegada com menos de 1 segundo de vantagem, saindo na frente na primeira etapa do campeonato.<\/p>\n\n\n\n<p class=\"wp-block-paragraph\">1 \u2013 Valentina Barg #27<br>2 \u2013 Ana Helo\u00edsa #177<br>3 \u2013 Enzo Wiebbelling #8<br>4 \u2013 Ben Sagae<br>5 \u2013 Antonio Balbi<\/p>\n\n\n\n<figure class=\"wp-block-image size-large\"><img loading=\"lazy\" decoding=\"async\" width=\"1024\" height=\"682\" src=\"http:\/\/mx1gpbrasil.com.br\/wp-content\/uploads\/2025\/04\/WhatsApp-Image-2025-04-05-at-18.50.31-2-1024x682.jpeg\" alt=\"\" class=\"wp-image-71115\" srcset=\"https:\/\/mx1gpbrasil.alperprojetos.com.br\/wp-content\/uploads\/2025\/04\/WhatsApp-Image-2025-04-05-at-18.50.31-2-1024x682.jpeg 1024w, https:\/\/mx1gpbrasil.alperprojetos.com.br\/wp-content\/uploads\/2025\/04\/WhatsApp-Image-2025-04-05-at-18.50.31-2-300x200.jpeg 300w, https:\/\/mx1gpbrasil.alperprojetos.com.br\/wp-content\/uploads\/2025\/04\/WhatsApp-Image-2025-04-05-at-18.50.31-2-768x512.jpeg 768w, https:\/\/mx1gpbrasil.alperprojetos.com.br\/wp-content\/uploads\/2025\/04\/WhatsApp-Image-2025-04-05-at-18.50.31-2-1536x1023.jpeg 1536w, https:\/\/mx1gpbrasil.alperprojetos.com.br\/wp-content\/uploads\/2025\/04\/WhatsApp-Image-2025-04-05-at-18.50.31-2-128x85.jpeg 128w, https:\/\/mx1gpbrasil.alperprojetos.com.br\/wp-content\/uploads\/2025\/04\/WhatsApp-Image-2025-04-05-at-18.50.31-2-32x21.jpeg 32w, https:\/\/mx1gpbrasil.alperprojetos.com.br\/wp-content\/uploads\/2025\/04\/WhatsApp-Image-2025-04-05-at-18.50.31-2-600x400.jpeg 600w, https:\/\/mx1gpbrasil.alperprojetos.com.br\/wp-content\/uploads\/2025\/04\/WhatsApp-Image-2025-04-05-at-18.50.31-2.jpeg 1600w\" sizes=\"auto, (max-width: 1024px) 100vw, 1024px\" \/><\/figure>\n\n\n\n<p class=\"wp-block-paragraph\">Na categoria 65cc, Henri Krug fez uma prova impec\u00e1vel, vencendo a abertura. Krug largou na frente, chegou a ser ultrapassado por Henrique Spinass\u00e9 nas primeiras voltas, mas reassumiu a lideran\u00e7a ap\u00f3s um erro do piloto capixaba. De volta \u00e0 ponta, Krug n\u00e3o deu chance a mais ningu\u00e9m, fazendo uma prova consciente e estrat\u00e9gica para vencer a bateria.<\/p>\n\n\n\n<p class=\"wp-block-paragraph\">1 \u2013 Henri Krug #12<br>2 \u2013 Ronan Felipe #78<br>3 \u2013 Vitor Brito #30<br>4 \u2013 Henrique Spinass\u00e9<br>5 \u2013 Jo\u00e3o Gabriel<\/p>\n\n\n\n<figure class=\"wp-block-image size-large\"><img loading=\"lazy\" decoding=\"async\" width=\"1024\" height=\"682\" src=\"http:\/\/mx1gpbrasil.com.br\/wp-content\/uploads\/2025\/04\/WhatsApp-Image-2025-04-05-at-18.50.31-1024x682.jpeg\" alt=\"\" class=\"wp-image-71109\" srcset=\"https:\/\/mx1gpbrasil.alperprojetos.com.br\/wp-content\/uploads\/2025\/04\/WhatsApp-Image-2025-04-05-at-18.50.31-1024x682.jpeg 1024w, https:\/\/mx1gpbrasil.alperprojetos.com.br\/wp-content\/uploads\/2025\/04\/WhatsApp-Image-2025-04-05-at-18.50.31-300x200.jpeg 300w, https:\/\/mx1gpbrasil.alperprojetos.com.br\/wp-content\/uploads\/2025\/04\/WhatsApp-Image-2025-04-05-at-18.50.31-768x512.jpeg 768w, https:\/\/mx1gpbrasil.alperprojetos.com.br\/wp-content\/uploads\/2025\/04\/WhatsApp-Image-2025-04-05-at-18.50.31-1536x1023.jpeg 1536w, https:\/\/mx1gpbrasil.alperprojetos.com.br\/wp-content\/uploads\/2025\/04\/WhatsApp-Image-2025-04-05-at-18.50.31-128x85.jpeg 128w, https:\/\/mx1gpbrasil.alperprojetos.com.br\/wp-content\/uploads\/2025\/04\/WhatsApp-Image-2025-04-05-at-18.50.31-32x21.jpeg 32w, https:\/\/mx1gpbrasil.alperprojetos.com.br\/wp-content\/uploads\/2025\/04\/WhatsApp-Image-2025-04-05-at-18.50.31-600x400.jpeg 600w, https:\/\/mx1gpbrasil.alperprojetos.com.br\/wp-content\/uploads\/2025\/04\/WhatsApp-Image-2025-04-05-at-18.50.31.jpeg 1600w\" sizes=\"auto, (max-width: 1024px) 100vw, 1024px\" \/><\/figure>\n\n\n\n<p class=\"wp-block-paragraph\">Encerrando as provas oficias desse s\u00e1bado, a MX4 teve o dom\u00ednio de Marcus Vin\u00edcius, o \u201cMano\u201d, vencedor de sua corrida de estreia na nova categoria. Mas antes disso, foi a vez de Jorge Negretti surpreender ao p\u00fablico com um holeshot seguido de um sprint no in\u00edcio.<\/p>\n\n\n\n<p class=\"wp-block-paragraph\">Ap\u00f3s assumir a lideran\u00e7a, o sul-matogrossense acelerou firme para abrir vantagem na pista que ficava cada vez mais t\u00e9cnica. J\u00e1 com a vantagem foi a vez Mano pilotar com cautela para cruzar a linha de chegada na frente e somar 25 pontos na lideran\u00e7a.<\/p>\n\n\n\n<p class=\"wp-block-paragraph\">1 \u2013 Marcus Vinicius #11<br>2 -.Jo\u00e3o Vitor Cardeli #149<br>3 \u2013 Richard Berois #91<br>4 \u2013 Jorge Negretti<br>5 \u2013 Pedro Beagim<\/p>\n\n\n\n<figure class=\"wp-block-image size-large\"><img loading=\"lazy\" decoding=\"async\" width=\"1024\" height=\"682\" src=\"http:\/\/mx1gpbrasil.com.br\/wp-content\/uploads\/2025\/04\/WhatsApp-Image-2025-04-05-at-18.50.32-1-1024x682.jpeg\" alt=\"\" class=\"wp-image-71110\" srcset=\"https:\/\/mx1gpbrasil.alperprojetos.com.br\/wp-content\/uploads\/2025\/04\/WhatsApp-Image-2025-04-05-at-18.50.32-1-1024x682.jpeg 1024w, https:\/\/mx1gpbrasil.alperprojetos.com.br\/wp-content\/uploads\/2025\/04\/WhatsApp-Image-2025-04-05-at-18.50.32-1-300x200.jpeg 300w, https:\/\/mx1gpbrasil.alperprojetos.com.br\/wp-content\/uploads\/2025\/04\/WhatsApp-Image-2025-04-05-at-18.50.32-1-768x512.jpeg 768w, https:\/\/mx1gpbrasil.alperprojetos.com.br\/wp-content\/uploads\/2025\/04\/WhatsApp-Image-2025-04-05-at-18.50.32-1-1536x1023.jpeg 1536w, https:\/\/mx1gpbrasil.alperprojetos.com.br\/wp-content\/uploads\/2025\/04\/WhatsApp-Image-2025-04-05-at-18.50.32-1-128x85.jpeg 128w, https:\/\/mx1gpbrasil.alperprojetos.com.br\/wp-content\/uploads\/2025\/04\/WhatsApp-Image-2025-04-05-at-18.50.32-1-32x21.jpeg 32w, https:\/\/mx1gpbrasil.alperprojetos.com.br\/wp-content\/uploads\/2025\/04\/WhatsApp-Image-2025-04-05-at-18.50.32-1-600x400.jpeg 600w, https:\/\/mx1gpbrasil.alperprojetos.com.br\/wp-content\/uploads\/2025\/04\/WhatsApp-Image-2025-04-05-at-18.50.32-1.jpeg 1600w\" sizes=\"auto, (max-width: 1024px) 100vw, 1024px\" \/><\/figure>\n\n\n\n<p class=\"wp-block-paragraph\">Nesse domingo as disputas continuam, dessa vez com as principais categorias em a\u00e7\u00e3o. As categorias MX1, MX2, MXJr e MXF ter\u00e3o os treinos livres, cronometrados e corridas principais, com o in\u00edcio da programa\u00e7\u00e3o previsto para a partir das 8h.<\/p>\n\n\n\n<p class=\"wp-block-paragraph\">A transmiss\u00e3o ao vivo acontece atrav\u00e9s do canal SportBay, no Youtube \u00e0 partir de 10h15.<\/p>\n\n\n\n<p class=\"wp-block-paragraph\"><strong>Domingo<\/strong><\/p>\n\n\n\n<p class=\"wp-block-paragraph\"><strong>Treinos livres<\/strong><br>7h45 \u00e0s 8h- MX2<br>8h05 \u00e0s 8h20 \u2013 MX1<br>8h25 \u00e0s 8h40 \u2013 MXF<br>8h45 \u00e0s 9h \u2013 MXJr<\/p>\n\n\n\n<p class=\"wp-block-paragraph\"><strong>Treinos cronometrados<br><\/strong>9h05 \u00e0s 9h20- MX2<br>9h25 \u00e0s 9h40 \u2013 MX1<br>9h45 \u00e0s 10h \u2013 MXF<br>10h05 \u00e0s 10h20 \u2013 MXJr<\/p>\n\n\n\n<p class=\"wp-block-paragraph\"><strong>Provas<\/strong><br>10h45 \u2013 MXF (15min + 2 voltas)<br>P\u00f3dio categoria MXF<br><br>Manuten\u00e7\u00e3o de pista (55min)<br>12h \u2013 MX2 (30min + 2 voltas)<br>13h \u2013 MX1 (30min + 2 voltas)<br>13h50 \u2013 MXJr (20min+ 2 voltas)<br>14h20 \u2013 P\u00f3dio categoria MXJr<br>14h50 \u2013 MX2 (30min + 2 voltas)<br>15h45 \u2013 MX1 (30min + 2 voltas)<\/p>\n\n\n\n<p class=\"wp-block-paragraph\"><strong>Assista a transmiss\u00e3o ao vivo: <\/strong><a href=\"https:\/\/youtube.com\/live\/_zsJP9q2alM\" data-type=\"link\" data-id=\"https:\/\/youtube.com\/live\/_zsJP9q2alM\">https:\/\/youtube.com\/live\/_zsJP9q2alM<\/a><\/p>\n\n\n\n<p class=\"wp-block-paragraph\"> <\/p>\n","protected":false},"excerpt":{"rendered":"<p>A chuva marcou presen\u00e7a no primeiro dia de disputas da 1\u00aa etapa do MX1 GP Brasil, em Ponta Grossa\/PR. Com um novo cronograma, devido a grande quantidade de pilotos, as categorias MX3, YZ125, 50cc, MX2 Jr., 65cc e MX4 realizaram treinos livres, baterias classificat\u00f3rias e provas finais ao longo do dia. Palco da emocionante grande [&hellip;]<\/p>\n","protected":false},"author":1,"featured_media":71112,"comment_status":"closed","ping_status":"open","sticky":false,"template":"","format":"standard","meta":{"footnotes":""},"categories":[133],"tags":[],"class_list":["post-71105","post","type-post","status-publish","format-standard","has-post-thumbnail","hentry","category-motocross"],"_links":{"self":[{"href":"https:\/\/mx1gpbrasil.alperprojetos.com.br\/index.php\/wp-json\/wp\/v2\/posts\/71105","targetHints":{"allow":["GET"]}}],"collection":[{"href":"https:\/\/mx1gpbrasil.alperprojetos.com.br\/index.php\/wp-json\/wp\/v2\/posts"}],"about":[{"href":"https:\/\/mx1gpbrasil.alperprojetos.com.br\/index.php\/wp-json\/wp\/v2\/types\/post"}],"author":[{"embeddable":true,"href":"https:\/\/mx1gpbrasil.alperprojetos.com.br\/index.php\/wp-json\/wp\/v2\/users\/1"}],"replies":[{"embeddable":true,"href":"https:\/\/mx1gpbrasil.alperprojetos.com.br\/index.php\/wp-json\/wp\/v2\/comments?post=71105"}],"version-history":[{"count":0,"href":"https:\/\/mx1gpbrasil.alperprojetos.com.br\/index.php\/wp-json\/wp\/v2\/posts\/71105\/revisions"}],"wp:featuredmedia":[{"embeddable":true,"href":"https:\/\/mx1gpbrasil.alperprojetos.com.br\/index.php\/wp-json\/wp\/v2\/media\/71112"}],"wp:attachment":[{"href":"https:\/\/mx1gpbrasil.alperprojetos.com.br\/index.php\/wp-json\/wp\/v2\/media?parent=71105"}],"wp:term":[{"taxonomy":"category","embeddable":true,"href":"https:\/\/mx1gpbrasil.alperprojetos.com.br\/index.php\/wp-json\/wp\/v2\/categories?post=71105"},{"taxonomy":"post_tag","embeddable":true,"href":"https:\/\/mx1gpbrasil.alperprojetos.com.br\/index.php\/wp-json\/wp\/v2\/tags?post=71105"}],"curies":[{"name":"wp","href":"https:\/\/api.w.org\/{rel}","templated":true}]}}