{"id":71118,"date":"2025-04-06T19:38:06","date_gmt":"2025-04-06T22:38:06","guid":{"rendered":"http:\/\/mx1gpbrasil.com.br\/?p=71118"},"modified":"2025-04-06T19:38:06","modified_gmt":"2025-04-06T22:38:06","slug":"principais-corridas-do-domingo-na-abertura-do-mx1-gp-brasil-em-ponta-grossa-pr","status":"publish","type":"post","link":"https:\/\/mx1gpbrasil.alperprojetos.com.br\/index.php\/2025\/04\/06\/principais-corridas-do-domingo-na-abertura-do-mx1-gp-brasil-em-ponta-grossa-pr\/","title":{"rendered":"Principais corridas do domingo na abertura do MX1 GP Brasil em Ponta Grossa-PR"},"content":{"rendered":"\n<p class=\"wp-block-paragraph\">Nesse domingo, dia 06 de abril, aconteceram as principais corridas da etapa de abertura da temporada 2025 do MX1 GP Brasil, na cidade de Ponta Grossa, PR. Apesar do clima bastante nublado e frio no in\u00edcio do dia, com os treinos ainda bem enlameados, os pilotos das categorias MX1, MX2, MXF e Junior garantiram um bel\u00edssimo espet\u00e1culo ao p\u00fablico que, na hora das largadas oficiais, presenciou grandes corridas em uma pista que iniciou pesada e, na medida que as nuvens se afastavam, ficou bastante t\u00e9cnica e com melhores condi\u00e7\u00f5es para as disputas!<\/p>\n\n\n\n<p class=\"wp-block-paragraph\">A primeira categoria a correr foi a MXF, classe voltada \u00e0s pilotos femininas, que contou com um bom n\u00famero de participantes e um alto n\u00edvel de competidoras. Luanna Neves, da equipe oficial KTM Brasil, foi a mais r\u00e1pida nos treinos, mas na corrida acabou sendo surpreendida por uma bela largada de Beatriz Gomes, que liderou a prova de ponta a ponta sem cometer erros, enquanto Luanna sofreu algumas quedas durante a bateria e fez uma grande prova de recupera\u00e7\u00e3o, finalizando a corrida na 2\u00aa posi\u00e7\u00e3o. Marcely Cazadini foi a 3\u00aa colocada, Fernanda Fabris ficou no 4\u00ba lugar e Al\u00edcia Sagae fechou o p\u00f3dio!<\/p>\n\n\n\n<p class=\"wp-block-paragraph\">1\u00ba Beatriz Gomes #811<br>2\u00ba Luanna Neves #19<br>3\u00ba Marcely Cazadini #222<br>4\u00ba Fernanda Fabris 201<br>5\u00ba Al\u00edcia Sagae 8<\/p>\n\n\n\n<figure class=\"wp-block-image size-large\"><img loading=\"lazy\" decoding=\"async\" width=\"1024\" height=\"682\" src=\"http:\/\/mx1gpbrasil.com.br\/wp-content\/uploads\/2025\/04\/WhatsApp-Image-2025-04-06-at-18.56.42-1024x682.jpeg\" alt=\"\" class=\"wp-image-71122\" srcset=\"https:\/\/mx1gpbrasil.alperprojetos.com.br\/wp-content\/uploads\/2025\/04\/WhatsApp-Image-2025-04-06-at-18.56.42-1024x682.jpeg 1024w, https:\/\/mx1gpbrasil.alperprojetos.com.br\/wp-content\/uploads\/2025\/04\/WhatsApp-Image-2025-04-06-at-18.56.42-300x200.jpeg 300w, https:\/\/mx1gpbrasil.alperprojetos.com.br\/wp-content\/uploads\/2025\/04\/WhatsApp-Image-2025-04-06-at-18.56.42-768x512.jpeg 768w, https:\/\/mx1gpbrasil.alperprojetos.com.br\/wp-content\/uploads\/2025\/04\/WhatsApp-Image-2025-04-06-at-18.56.42-1536x1023.jpeg 1536w, https:\/\/mx1gpbrasil.alperprojetos.com.br\/wp-content\/uploads\/2025\/04\/WhatsApp-Image-2025-04-06-at-18.56.42-128x85.jpeg 128w, https:\/\/mx1gpbrasil.alperprojetos.com.br\/wp-content\/uploads\/2025\/04\/WhatsApp-Image-2025-04-06-at-18.56.42-32x21.jpeg 32w, https:\/\/mx1gpbrasil.alperprojetos.com.br\/wp-content\/uploads\/2025\/04\/WhatsApp-Image-2025-04-06-at-18.56.42-600x400.jpeg 600w, https:\/\/mx1gpbrasil.alperprojetos.com.br\/wp-content\/uploads\/2025\/04\/WhatsApp-Image-2025-04-06-at-18.56.42.jpeg 1600w\" sizes=\"auto, (max-width: 1024px) 100vw, 1024px\" \/><\/figure>\n\n\n\n<p class=\"wp-block-paragraph\">Na sequ\u00eancia, foi a vez da categoria MX2 entrar em a\u00e7\u00e3o pela primeira vez na temporada, onde os r\u00e1pidos jovens das 250cc estavam famintos para acelerar e competir diante do p\u00fablico que lotava o recinto. O piloto do time Honda Racing, Bernardo Tiburcio, saiu na ponta e liderou a prova do in\u00edcio ao fim, sendo seguido pelo seu companheiro de equipe Vitor Borba, que finalizou na segunda coloca\u00e7\u00e3o. Na 3\u00aa posi\u00e7\u00e3o ficou German Bratschi, do Uruguai, pela equipe KTM Brasil. Marcello Leodorico, da Yamaha, foi o 4\u00ba, acompanhado por seu companheiro de equipe Pietro Piroli na 5\u00aa coloca\u00e7\u00e3o.<\/p>\n\n\n\n<p class=\"wp-block-paragraph\">Na segunda bateria do dia, novamente Bernardo saiu na frente, mas seu companheiro Vitor Borba conseguiu surpreend\u00ea-lo. Em seguida, Bernardo retomou a ponta e, no meio da prova, abriu uma vantagem segura para finalizar com a vit\u00f3ria geral nesta abertura. Borba ficou em 2\u00ba. Confira a seguir os TOP 5 na soma das duas baterias!<\/p>\n\n\n\n<p class=\"wp-block-paragraph\">1\u00ba Bernardo Tiburcio #3<br>2\u00ba Vitor Borba #1<br>3\u00ba Pietro Piroli #161<br>4\u00ba German Bratschi 146<br>5\u00ba Benjamin Andres 339<\/p>\n\n\n\n<figure class=\"wp-block-image size-large\"><img loading=\"lazy\" decoding=\"async\" width=\"1024\" height=\"682\" src=\"http:\/\/mx1gpbrasil.com.br\/wp-content\/uploads\/2025\/04\/WhatsApp-Image-2025-04-06-at-18.56.41-1024x682.jpeg\" alt=\"\" class=\"wp-image-71121\" srcset=\"https:\/\/mx1gpbrasil.alperprojetos.com.br\/wp-content\/uploads\/2025\/04\/WhatsApp-Image-2025-04-06-at-18.56.41-1024x682.jpeg 1024w, https:\/\/mx1gpbrasil.alperprojetos.com.br\/wp-content\/uploads\/2025\/04\/WhatsApp-Image-2025-04-06-at-18.56.41-300x200.jpeg 300w, https:\/\/mx1gpbrasil.alperprojetos.com.br\/wp-content\/uploads\/2025\/04\/WhatsApp-Image-2025-04-06-at-18.56.41-768x512.jpeg 768w, https:\/\/mx1gpbrasil.alperprojetos.com.br\/wp-content\/uploads\/2025\/04\/WhatsApp-Image-2025-04-06-at-18.56.41-1536x1023.jpeg 1536w, https:\/\/mx1gpbrasil.alperprojetos.com.br\/wp-content\/uploads\/2025\/04\/WhatsApp-Image-2025-04-06-at-18.56.41-128x85.jpeg 128w, https:\/\/mx1gpbrasil.alperprojetos.com.br\/wp-content\/uploads\/2025\/04\/WhatsApp-Image-2025-04-06-at-18.56.41-32x21.jpeg 32w, https:\/\/mx1gpbrasil.alperprojetos.com.br\/wp-content\/uploads\/2025\/04\/WhatsApp-Image-2025-04-06-at-18.56.41-600x400.jpeg 600w, https:\/\/mx1gpbrasil.alperprojetos.com.br\/wp-content\/uploads\/2025\/04\/WhatsApp-Image-2025-04-06-at-18.56.41.jpeg 1600w\" sizes=\"auto, (max-width: 1024px) 100vw, 1024px\" \/><\/figure>\n\n\n\n<p class=\"wp-block-paragraph\">A segunda corrida do dia foi a MX1, a categoria principal com as motos de 450cc, onde temos um alto n\u00edvel de pilotos internacionais competindo no Brasil. Nomes como os franceses Stephen Rubini e Greg Aranda, entre outros, est\u00e3o elevando o n\u00edvel. Por\u00e9m, o Brasil segue bem representado com o atual campe\u00e3o, o piloto da Yamaha Monster Eenergy Gera\u00e7\u00e3o, Fabio Santos, que venceu a primeira corrida do dia, com Rubini, que caiu na largada, na 2\u00aa coloca\u00e7\u00e3o ap\u00f3s uma prova de recupera\u00e7\u00e3o. Gustavo Pessoa, da JP Pro Honda Circuit, ficou em 3\u00ba, Gabriel Andrigo em 4\u00ba e Hector Assun\u00e7\u00e3o em 5\u00ba.<\/p>\n\n\n\n<p class=\"wp-block-paragraph\">J\u00e1 na segunda bateria, os dois franceses sa\u00edram na frente e imprimiram um ritmo alucinante. O brasileiro Fabio Santos saiu no meio do pelot\u00e3o e conseguiu se recuperar at\u00e9 a 3\u00aa coloca\u00e7\u00e3o, onde permaneceu acompanhando o duelo franc\u00eas de longe. Rubini assumiu a lideran\u00e7a, superando Aranda ap\u00f3s os 10 minutos de prova, mas foi surpreendido pelo piloto da KTM Brasil na \u00faltima volta, a poucas curvas do fim. Com essa invers\u00e3o de resultados, Aranda, que havia ficado na \u00faltima posi\u00e7\u00e3o na primeira corrida, venceu a segunda. Fabio fez 1\u00ba e 3\u00ba, levando o geral, enquanto Rubini, com 2\u00ba e 2\u00ba, foi o 2\u00ba no p\u00f3dio.<\/p>\n\n\n\n<p class=\"wp-block-paragraph\">Confira a seguir os 5 primeiros da categoria.<\/p>\n\n\n\n<p class=\"wp-block-paragraph\">1\u00ba Fabio Santos #1<br>2\u00ba Stephen Rubini #106<br>3\u00ba Greg Aranda #206<br>4\u00ba Eric Tomas 8<br>5\u00ba Gabi Andrigo 10<\/p>\n\n\n\n<figure class=\"wp-block-image size-large\"><img loading=\"lazy\" decoding=\"async\" width=\"1024\" height=\"682\" src=\"http:\/\/mx1gpbrasil.com.br\/wp-content\/uploads\/2025\/04\/WhatsApp-Image-2025-04-06-at-18.56.40-1024x682.jpeg\" alt=\"\" class=\"wp-image-71120\" srcset=\"https:\/\/mx1gpbrasil.alperprojetos.com.br\/wp-content\/uploads\/2025\/04\/WhatsApp-Image-2025-04-06-at-18.56.40-1024x682.jpeg 1024w, https:\/\/mx1gpbrasil.alperprojetos.com.br\/wp-content\/uploads\/2025\/04\/WhatsApp-Image-2025-04-06-at-18.56.40-300x200.jpeg 300w, https:\/\/mx1gpbrasil.alperprojetos.com.br\/wp-content\/uploads\/2025\/04\/WhatsApp-Image-2025-04-06-at-18.56.40-768x512.jpeg 768w, https:\/\/mx1gpbrasil.alperprojetos.com.br\/wp-content\/uploads\/2025\/04\/WhatsApp-Image-2025-04-06-at-18.56.40-1536x1023.jpeg 1536w, https:\/\/mx1gpbrasil.alperprojetos.com.br\/wp-content\/uploads\/2025\/04\/WhatsApp-Image-2025-04-06-at-18.56.40-128x85.jpeg 128w, https:\/\/mx1gpbrasil.alperprojetos.com.br\/wp-content\/uploads\/2025\/04\/WhatsApp-Image-2025-04-06-at-18.56.40-32x21.jpeg 32w, https:\/\/mx1gpbrasil.alperprojetos.com.br\/wp-content\/uploads\/2025\/04\/WhatsApp-Image-2025-04-06-at-18.56.40-600x400.jpeg 600w, https:\/\/mx1gpbrasil.alperprojetos.com.br\/wp-content\/uploads\/2025\/04\/WhatsApp-Image-2025-04-06-at-18.56.40.jpeg 1600w\" sizes=\"auto, (max-width: 1024px) 100vw, 1024px\" \/><\/figure>\n\n\n\n<p class=\"wp-block-paragraph\">A categoria MX Junior, contou com um gate bastante cheio de v\u00e1rios jovens talentosos e r\u00e1pidos que s\u00e3o a promessa do futuro do Motocross no Brasil e na Am\u00e9rica Latina. Zion Berchtold saiu na frente, mas logo foi superado pelo argentino Francesco Copetti, que liderou a prova do in\u00edcio ao fim garantindo a vit\u00f3ria. Em 2\u00ba ficou o catarinense Zion Berchtold, o 3\u00ba foi Heverton Silveira, em 4\u00ba ficou Lorenzo Ricken e em 5\u00ba Heitor Matos.<\/p>\n\n\n\n<p class=\"wp-block-paragraph\">1\u00ba Francesco Copetti #128<br>2\u00ba Zion Berchtold #17<br>3\u00ba Heverton Silveira #11<br>4\u00ba Lorenzo Ricken 16<br>5\u00ba Heitor Matos 300<\/p>\n\n\n\n<figure class=\"wp-block-image size-large\"><img loading=\"lazy\" decoding=\"async\" width=\"1024\" height=\"682\" src=\"http:\/\/mx1gpbrasil.com.br\/wp-content\/uploads\/2025\/04\/WhatsApp-Image-2025-04-06-at-18.56.39-1024x682.jpeg\" alt=\"\" class=\"wp-image-71119\" srcset=\"https:\/\/mx1gpbrasil.alperprojetos.com.br\/wp-content\/uploads\/2025\/04\/WhatsApp-Image-2025-04-06-at-18.56.39-1024x682.jpeg 1024w, https:\/\/mx1gpbrasil.alperprojetos.com.br\/wp-content\/uploads\/2025\/04\/WhatsApp-Image-2025-04-06-at-18.56.39-300x200.jpeg 300w, https:\/\/mx1gpbrasil.alperprojetos.com.br\/wp-content\/uploads\/2025\/04\/WhatsApp-Image-2025-04-06-at-18.56.39-768x512.jpeg 768w, https:\/\/mx1gpbrasil.alperprojetos.com.br\/wp-content\/uploads\/2025\/04\/WhatsApp-Image-2025-04-06-at-18.56.39-1536x1023.jpeg 1536w, https:\/\/mx1gpbrasil.alperprojetos.com.br\/wp-content\/uploads\/2025\/04\/WhatsApp-Image-2025-04-06-at-18.56.39-128x85.jpeg 128w, https:\/\/mx1gpbrasil.alperprojetos.com.br\/wp-content\/uploads\/2025\/04\/WhatsApp-Image-2025-04-06-at-18.56.39-32x21.jpeg 32w, https:\/\/mx1gpbrasil.alperprojetos.com.br\/wp-content\/uploads\/2025\/04\/WhatsApp-Image-2025-04-06-at-18.56.39-600x400.jpeg 600w, https:\/\/mx1gpbrasil.alperprojetos.com.br\/wp-content\/uploads\/2025\/04\/WhatsApp-Image-2025-04-06-at-18.56.39.jpeg 1600w\" sizes=\"auto, (max-width: 1024px) 100vw, 1024px\" \/><\/figure>\n\n\n\n<p class=\"wp-block-paragraph\">O campeonato retorna em duas semanas, nos dias 26 e 27 de abril, na tradicional cidade de Canelinha, SC, com a 2\u00aa etapa da temporada do MX1 GP Brasil. Fiquem ligados e acompanhem tudo deste que \u00e9 considerado o maior campeonato de Motocross da Am\u00e9rica Latina!<\/p>\n\n\n\n<p class=\"wp-block-paragraph\">Acompanhe nossas redes sociais @mx1gpbrasil<\/p>\n","protected":false},"excerpt":{"rendered":"<p>Nesse domingo, dia 06 de abril, aconteceram as principais corridas da etapa de abertura da temporada 2025 do MX1 GP Brasil, na cidade de Ponta Grossa, PR. Apesar do clima bastante nublado e frio no in\u00edcio do dia, com os treinos ainda bem enlameados, os pilotos das categorias MX1, MX2, MXF e Junior garantiram um [&hellip;]<\/p>\n","protected":false},"author":1,"featured_media":71123,"comment_status":"closed","ping_status":"open","sticky":false,"template":"","format":"standard","meta":{"footnotes":""},"categories":[133],"tags":[],"class_list":["post-71118","post","type-post","status-publish","format-standard","has-post-thumbnail","hentry","category-motocross"],"_links":{"self":[{"href":"https:\/\/mx1gpbrasil.alperprojetos.com.br\/index.php\/wp-json\/wp\/v2\/posts\/71118","targetHints":{"allow":["GET"]}}],"collection":[{"href":"https:\/\/mx1gpbrasil.alperprojetos.com.br\/index.php\/wp-json\/wp\/v2\/posts"}],"about":[{"href":"https:\/\/mx1gpbrasil.alperprojetos.com.br\/index.php\/wp-json\/wp\/v2\/types\/post"}],"author":[{"embeddable":true,"href":"https:\/\/mx1gpbrasil.alperprojetos.com.br\/index.php\/wp-json\/wp\/v2\/users\/1"}],"replies":[{"embeddable":true,"href":"https:\/\/mx1gpbrasil.alperprojetos.com.br\/index.php\/wp-json\/wp\/v2\/comments?post=71118"}],"version-history":[{"count":0,"href":"https:\/\/mx1gpbrasil.alperprojetos.com.br\/index.php\/wp-json\/wp\/v2\/posts\/71118\/revisions"}],"wp:featuredmedia":[{"embeddable":true,"href":"https:\/\/mx1gpbrasil.alperprojetos.com.br\/index.php\/wp-json\/wp\/v2\/media\/71123"}],"wp:attachment":[{"href":"https:\/\/mx1gpbrasil.alperprojetos.com.br\/index.php\/wp-json\/wp\/v2\/media?parent=71118"}],"wp:term":[{"taxonomy":"category","embeddable":true,"href":"https:\/\/mx1gpbrasil.alperprojetos.com.br\/index.php\/wp-json\/wp\/v2\/categories?post=71118"},{"taxonomy":"post_tag","embeddable":true,"href":"https:\/\/mx1gpbrasil.alperprojetos.com.br\/index.php\/wp-json\/wp\/v2\/tags?post=71118"}],"curies":[{"name":"wp","href":"https:\/\/api.w.org\/{rel}","templated":true}]}}