{"id":71129,"date":"2025-04-11T19:52:06","date_gmt":"2025-04-11T22:52:06","guid":{"rendered":"http:\/\/mx1gpbrasil.com.br\/?p=71129"},"modified":"2025-04-11T19:52:06","modified_gmt":"2025-04-11T22:52:06","slug":"credenciamento-de-imprensa-aberto-para-a-2a-etapa-do-mx1-gp-brasil-2025-em-canelinha-sc","status":"publish","type":"post","link":"https:\/\/mx1gpbrasil.alperprojetos.com.br\/index.php\/2025\/04\/11\/credenciamento-de-imprensa-aberto-para-a-2a-etapa-do-mx1-gp-brasil-2025-em-canelinha-sc\/","title":{"rendered":"Credenciamento de imprensa aberto para a 2\u00aa Etapa do MX1 GP Brasil 2025 em Canelinha\/SC"},"content":{"rendered":"\n<p class=\"wp-block-paragraph\">Est\u00e1 aberto o credenciamento de imprensa para a 2\u00aa etapa do MX1 GP Brasil 2025, que acontece nos dias 26 e 27 de abril em Canelinha\/SC. Comunicadores interessados na cobertura do evento j\u00e1 podem realizar o cadastro obrigat\u00f3rio para acesso \u00e0s \u00e1reas exclusivas destinadas \u00e0 imprensa.<\/p>\n\n\n\n<p class=\"wp-block-paragraph\">O processo de credenciamento deve ser feito neste site, na aba &#8220;imprensa&#8221;, onde tamb\u00e9m est\u00e3o dispon\u00edveis o Regulamento e o Termo de Responsabilidade. Esses documentos estabelecem as diretrizes de atua\u00e7\u00e3o dos profissionais durante o evento, abordando normas de seguran\u00e7a, circula\u00e7\u00e3o nas \u00e1reas de pista, uso dos coletes de identifica\u00e7\u00e3o e demais orienta\u00e7\u00f5es operacionais.<\/p>\n\n\n\n<p class=\"wp-block-paragraph\">O termo de responsabilidade \u00e9 preenchido no local.<\/p>\n\n\n\n<p class=\"wp-block-paragraph\">\u00c9 importante destacar que o acesso \u00e0s \u00e1reas de competi\u00e7\u00e3o ser\u00e1 concedido exclusivamente aos profissionais que tiverem o credenciamento aprovado, al\u00e9m de assinar o termo, garantindo ci\u00eancia e concord\u00e2ncia com as normas de seguran\u00e7a e conduta exigidas.<\/p>\n\n\n\n<p class=\"wp-block-paragraph\">A solicita\u00e7\u00e3o deve ser feita at\u00e9 o dia <strong>18 de abril (sexta-feira)<\/strong>.<\/p>\n\n\n\n<p class=\"wp-block-paragraph\"><strong>Aten\u00e7\u00e3o:<\/strong> o prazo para solicita\u00e7\u00e3o do credenciamento anual j\u00e1 foi encerrado. Profissionais que realizaram o pedido dentro do per\u00edodo e tiveram seu credenciamento aprovado <strong>n\u00e3o precisam efetuar nova solicita\u00e7\u00e3o para esta etapa<\/strong>.<\/p>\n\n\n\n<p class=\"wp-block-paragraph\">Informamos tamb\u00e9m, que todos credenciamentos s\u00e3o respondidos com anteced\u00eancia. <\/p>\n\n\n\n<p class=\"wp-block-paragraph\">Fique por dentro de todas as novidades no site e nas redes sociais oficiais do campeonato. Em caso de d\u00favidas, ou se deseja receber materiais para divulgar o campeonato, entre em contato pelo e-mail: <strong><a class=\"\">mx1gpbrasil@gmail.com<\/a><\/strong> .<\/p>\n\n\n\n<p class=\"wp-block-paragraph\"><\/p>\n","protected":false},"excerpt":{"rendered":"<p>Est\u00e1 aberto o credenciamento de imprensa para a 2\u00aa etapa do MX1 GP Brasil 2025, que acontece nos dias 26 e 27 de abril em Canelinha\/SC. Comunicadores interessados na cobertura do evento j\u00e1 podem realizar o cadastro obrigat\u00f3rio para acesso \u00e0s \u00e1reas exclusivas destinadas \u00e0 imprensa. O processo de credenciamento deve ser feito neste site, [&hellip;]<\/p>\n","protected":false},"author":1,"featured_media":71132,"comment_status":"closed","ping_status":"open","sticky":false,"template":"","format":"standard","meta":{"footnotes":""},"categories":[133],"tags":[],"class_list":["post-71129","post","type-post","status-publish","format-standard","has-post-thumbnail","hentry","category-motocross"],"_links":{"self":[{"href":"https:\/\/mx1gpbrasil.alperprojetos.com.br\/index.php\/wp-json\/wp\/v2\/posts\/71129","targetHints":{"allow":["GET"]}}],"collection":[{"href":"https:\/\/mx1gpbrasil.alperprojetos.com.br\/index.php\/wp-json\/wp\/v2\/posts"}],"about":[{"href":"https:\/\/mx1gpbrasil.alperprojetos.com.br\/index.php\/wp-json\/wp\/v2\/types\/post"}],"author":[{"embeddable":true,"href":"https:\/\/mx1gpbrasil.alperprojetos.com.br\/index.php\/wp-json\/wp\/v2\/users\/1"}],"replies":[{"embeddable":true,"href":"https:\/\/mx1gpbrasil.alperprojetos.com.br\/index.php\/wp-json\/wp\/v2\/comments?post=71129"}],"version-history":[{"count":0,"href":"https:\/\/mx1gpbrasil.alperprojetos.com.br\/index.php\/wp-json\/wp\/v2\/posts\/71129\/revisions"}],"wp:featuredmedia":[{"embeddable":true,"href":"https:\/\/mx1gpbrasil.alperprojetos.com.br\/index.php\/wp-json\/wp\/v2\/media\/71132"}],"wp:attachment":[{"href":"https:\/\/mx1gpbrasil.alperprojetos.com.br\/index.php\/wp-json\/wp\/v2\/media?parent=71129"}],"wp:term":[{"taxonomy":"category","embeddable":true,"href":"https:\/\/mx1gpbrasil.alperprojetos.com.br\/index.php\/wp-json\/wp\/v2\/categories?post=71129"},{"taxonomy":"post_tag","embeddable":true,"href":"https:\/\/mx1gpbrasil.alperprojetos.com.br\/index.php\/wp-json\/wp\/v2\/tags?post=71129"}],"curies":[{"name":"wp","href":"https:\/\/api.w.org\/{rel}","templated":true}]}}