{"id":71142,"date":"2025-04-17T15:48:59","date_gmt":"2025-04-17T18:48:59","guid":{"rendered":"http:\/\/mx1gpbrasil.com.br\/?p=71142"},"modified":"2025-04-17T15:48:59","modified_gmt":"2025-04-17T18:48:59","slug":"informacoes-sobre-o-mx1-gp-brasil-sportbay-que-desembarca-em-canelinha-sc-a-cidade-do-mundial-de-motocross-nos-dias-26-e-27-de-abril","status":"publish","type":"post","link":"https:\/\/mx1gpbrasil.alperprojetos.com.br\/index.php\/2025\/04\/17\/informacoes-sobre-o-mx1-gp-brasil-sportbay-que-desembarca-em-canelinha-sc-a-cidade-do-mundial-de-motocross-nos-dias-26-e-27-de-abril\/","title":{"rendered":"Informa\u00e7\u00f5es sobre o MX1 GP Brasil Sportbay que desembarca em Canelinha\/SC, a cidade do Mundial de Motocross, nos dias 26 e 27 de abril"},"content":{"rendered":"\n<p class=\"wp-block-paragraph\">Canelinha, conhecida por j\u00e1 ter sediado o Mundial de Motocross, o principal campeonato da modalidade no mundo, volta a ser o centro das aten\u00e7\u00f5es do motocross nacional. Nos dias <strong>26 e 27 de abril<\/strong>, o munic\u00edpio catarinense sedia a <strong>segunda etapa do Campeonato Brasileiro de Motocross, o MX1 GP Brasil Sportbay<\/strong>, evento que promete agitar a regi\u00e3o com muita adrenalina e velocidade em uma das <strong>melhores pistas do Brasil<\/strong>.<\/p>\n\n\n\n<p class=\"wp-block-paragraph\">A etapa acontece na tradicional Fazenda Silva Neto, que tamb\u00e9m recebeu o campeonato no ano passado. O local \u00e9 reconhecido nacionalmente por sua pista de aproximadamente 1.500 metros, com terreno \u00edngreme e desafiador, sendo considerada uma das melhores pista do Brasil, o que proporciona um verdadeiro cen\u00e1rio de campeonato mundial.<\/p>\n\n\n\n<p class=\"wp-block-paragraph\">Com a presen\u00e7a de aproximadamente 500 pilotos de 19 pa\u00edses diferentes, a competi\u00e7\u00e3o se consolida como o maior campeonato de motocross da Am\u00e9rica Latina e o segundo maior do mundo, reunindo importantes nomes do cen\u00e1rio nacional e internacional da modalidade.<\/p>\n\n\n\n<p class=\"wp-block-paragraph\">A estrutura do evento, mais uma vez, foi cuidadosamente planejada para oferecer o melhor tanto para o p\u00fablico quanto para os competidores. Est\u00e3o chegando \u00e0 Canelinha as carretas das principais equipes do pa\u00eds, trazendo toda a grandeza do MX1 GP Brasil Sportbay. Os boxes contam com infraestrutura completa, incluindo \u00e1gua e energia el\u00e9trica, oferecendo o suporte necess\u00e1rio para as equipes e seus pilotos.<\/p>\n\n\n\n<p class=\"wp-block-paragraph\">Para o p\u00fablico, o MX1 GP Brasil Sportbay oferece uma estrutura completa, com pra\u00e7a de alimenta\u00e7\u00e3o diversificada, arquibancadas, camarotes, estacionamento e uma ampla \u00e1rea de conviv\u00eancia, garantindo conforto e seguran\u00e7a durante todo o fim de semana.<\/p>\n\n\n\n<p class=\"wp-block-paragraph\">Al\u00e9m do car\u00e1ter esportivo, divulgamos informa\u00e7\u00f5es pr\u00e1ticas para pilotos, equipes, imprensa e p\u00fablico:<\/p>\n\n\n\n<p class=\"wp-block-paragraph\"><strong>Inscri\u00e7\u00f5es antecipadas:<\/strong><br>Abertas at\u00e9 o dia <strong>24 de abril \u00e0s 18h<\/strong>, por meio do link: <a href=\"https:\/\/eventos.sportbay.com.br\/eventos\/2-MX1-GP-SPORTBAY\">https:\/\/eventos.sportbay.com.br\/eventos\/2-MX1-GP-SPORTBAY<\/a><br>Ser\u00e1 poss\u00edvel realizar a inscri\u00e7\u00e3o at\u00e9 na sexta-feira no local do evento, por\u00e9m haver\u00e1 aumento no valor.<\/p>\n\n\n\n<p class=\"wp-block-paragraph\"><strong>Valores de box por ve\u00edculo<\/strong>:<br>Van: R$ 100,00<br>Motorhome: R$ 200,00<br>Carreta: R$ 500,00<br>Tr\u00e2nsito livre no box (carros): R$ 80,00<\/p>\n\n\n\n<p class=\"wp-block-paragraph\"><strong>Estacionamento normal:<\/strong><br>S\u00e1bado: R$ 30,00<br>Domingo: R$ 50,00<\/p>\n\n\n\n<p class=\"wp-block-paragraph\"><strong>Ingressos para o p\u00fablico<\/strong>:<br>Acesso geral ao evento: <strong>R$ 50,00<\/strong><br>Camarote coberto: <strong>R$ 100,00<\/strong><br>Adquira j\u00e1 o seu ingresso no link: <a href=\"https:\/\/zig.tickets\/en-US\/eventos\/2-etapa-do-campeonato-brasileiro-de-motocross-mx1-gp-brasil-sportbay\" data-type=\"link\" data-id=\"https:\/\/zig.tickets\/en-US\/eventos\/2-etapa-do-campeonato-brasileiro-de-motocross-mx1-gp-brasil-sportbay\">https:\/\/zig.tickets\/en-US\/eventos\/2-etapa-do-campeonato-brasileiro-de-motocross-mx1-gp-brasil-sportbay<\/a><\/p>\n\n\n\n<p class=\"wp-block-paragraph\"><strong>Credenciamento de imprensa<\/strong>:<br>O prazo final para o credenciamento de profissionais da imprensa se encerra amanh\u00e3, dia 18\/04. Interessados devem solicitar seu credenciamento no site, na aba &#8220;Imprensa&#8221;.<\/p>\n\n\n\n<p class=\"wp-block-paragraph\"><strong>Lista de Hot\u00e9is<\/strong>:<\/p>\n\n\n\n<figure class=\"wp-block-image size-large\"><img loading=\"lazy\" decoding=\"async\" width=\"728\" height=\"1024\" src=\"http:\/\/mx1gpbrasil.com.br\/wp-content\/uploads\/2025\/04\/WhatsApp-Image-2025-04-17-at-13.04.56-728x1024.jpeg\" alt=\"\" class=\"wp-image-71143\" srcset=\"https:\/\/mx1gpbrasil.alperprojetos.com.br\/wp-content\/uploads\/2025\/04\/WhatsApp-Image-2025-04-17-at-13.04.56-728x1024.jpeg 728w, https:\/\/mx1gpbrasil.alperprojetos.com.br\/wp-content\/uploads\/2025\/04\/WhatsApp-Image-2025-04-17-at-13.04.56-213x300.jpeg 213w, https:\/\/mx1gpbrasil.alperprojetos.com.br\/wp-content\/uploads\/2025\/04\/WhatsApp-Image-2025-04-17-at-13.04.56-768x1080.jpeg 768w, https:\/\/mx1gpbrasil.alperprojetos.com.br\/wp-content\/uploads\/2025\/04\/WhatsApp-Image-2025-04-17-at-13.04.56-1092x1536.jpeg 1092w, https:\/\/mx1gpbrasil.alperprojetos.com.br\/wp-content\/uploads\/2025\/04\/WhatsApp-Image-2025-04-17-at-13.04.56-91x128.jpeg 91w, https:\/\/mx1gpbrasil.alperprojetos.com.br\/wp-content\/uploads\/2025\/04\/WhatsApp-Image-2025-04-17-at-13.04.56-23x32.jpeg 23w, https:\/\/mx1gpbrasil.alperprojetos.com.br\/wp-content\/uploads\/2025\/04\/WhatsApp-Image-2025-04-17-at-13.04.56-600x844.jpeg 600w, https:\/\/mx1gpbrasil.alperprojetos.com.br\/wp-content\/uploads\/2025\/04\/WhatsApp-Image-2025-04-17-at-13.04.56.jpeg 1138w\" sizes=\"auto, (max-width: 728px) 100vw, 728px\" \/><\/figure>\n\n\n\n<p class=\"wp-block-paragraph\"><strong>Transmiss\u00e3o Ao Vivo<\/strong>:<br>Haver\u00e1 transmiss\u00e3o ao vivo pelo youtube da Sportbay no s\u00e1bado e domingo para voc\u00ea que n\u00e3o poder\u00e1 acompanhar o evento de perto.<\/p>\n\n\n\n<p class=\"wp-block-paragraph\"><strong><mark style=\"background-color:rgba(0, 0, 0, 0)\" class=\"has-inline-color has-black-color\">Programa\u00e7\u00e3o:<\/mark><\/strong><\/p>\n\n\n\n<figure class=\"wp-block-image size-large\"><img loading=\"lazy\" decoding=\"async\" width=\"724\" height=\"1024\" src=\"http:\/\/mx1gpbrasil.com.br\/wp-content\/uploads\/2025\/04\/Programacao-2a-etapa-Canelinha-Oficial_page-0001-724x1024.jpg\" alt=\"\" class=\"wp-image-71144\" srcset=\"https:\/\/mx1gpbrasil.alperprojetos.com.br\/wp-content\/uploads\/2025\/04\/Programacao-2a-etapa-Canelinha-Oficial_page-0001-724x1024.jpg 724w, https:\/\/mx1gpbrasil.alperprojetos.com.br\/wp-content\/uploads\/2025\/04\/Programacao-2a-etapa-Canelinha-Oficial_page-0001-212x300.jpg 212w, https:\/\/mx1gpbrasil.alperprojetos.com.br\/wp-content\/uploads\/2025\/04\/Programacao-2a-etapa-Canelinha-Oficial_page-0001-768x1086.jpg 768w, https:\/\/mx1gpbrasil.alperprojetos.com.br\/wp-content\/uploads\/2025\/04\/Programacao-2a-etapa-Canelinha-Oficial_page-0001-1086x1536.jpg 1086w, https:\/\/mx1gpbrasil.alperprojetos.com.br\/wp-content\/uploads\/2025\/04\/Programacao-2a-etapa-Canelinha-Oficial_page-0001-91x128.jpg 91w, https:\/\/mx1gpbrasil.alperprojetos.com.br\/wp-content\/uploads\/2025\/04\/Programacao-2a-etapa-Canelinha-Oficial_page-0001-23x32.jpg 23w, https:\/\/mx1gpbrasil.alperprojetos.com.br\/wp-content\/uploads\/2025\/04\/Programacao-2a-etapa-Canelinha-Oficial_page-0001-600x849.jpg 600w, https:\/\/mx1gpbrasil.alperprojetos.com.br\/wp-content\/uploads\/2025\/04\/Programacao-2a-etapa-Canelinha-Oficial_page-0001.jpg 1241w\" sizes=\"auto, (max-width: 724px) 100vw, 724px\" \/><\/figure>\n\n\n\n<figure class=\"wp-block-image size-large\"><img loading=\"lazy\" decoding=\"async\" width=\"724\" height=\"1024\" src=\"http:\/\/mx1gpbrasil.com.br\/wp-content\/uploads\/2025\/04\/Programacao-2a-etapa-Canelinha-Oficial_page-0002-724x1024.jpg\" alt=\"\" class=\"wp-image-71145\" srcset=\"https:\/\/mx1gpbrasil.alperprojetos.com.br\/wp-content\/uploads\/2025\/04\/Programacao-2a-etapa-Canelinha-Oficial_page-0002-724x1024.jpg 724w, https:\/\/mx1gpbrasil.alperprojetos.com.br\/wp-content\/uploads\/2025\/04\/Programacao-2a-etapa-Canelinha-Oficial_page-0002-212x300.jpg 212w, https:\/\/mx1gpbrasil.alperprojetos.com.br\/wp-content\/uploads\/2025\/04\/Programacao-2a-etapa-Canelinha-Oficial_page-0002-768x1086.jpg 768w, https:\/\/mx1gpbrasil.alperprojetos.com.br\/wp-content\/uploads\/2025\/04\/Programacao-2a-etapa-Canelinha-Oficial_page-0002-1086x1536.jpg 1086w, https:\/\/mx1gpbrasil.alperprojetos.com.br\/wp-content\/uploads\/2025\/04\/Programacao-2a-etapa-Canelinha-Oficial_page-0002-91x128.jpg 91w, https:\/\/mx1gpbrasil.alperprojetos.com.br\/wp-content\/uploads\/2025\/04\/Programacao-2a-etapa-Canelinha-Oficial_page-0002-23x32.jpg 23w, https:\/\/mx1gpbrasil.alperprojetos.com.br\/wp-content\/uploads\/2025\/04\/Programacao-2a-etapa-Canelinha-Oficial_page-0002-600x849.jpg 600w, https:\/\/mx1gpbrasil.alperprojetos.com.br\/wp-content\/uploads\/2025\/04\/Programacao-2a-etapa-Canelinha-Oficial_page-0002.jpg 1241w\" sizes=\"auto, (max-width: 724px) 100vw, 724px\" \/><\/figure>\n\n\n\n<figure class=\"wp-block-image size-large\"><img loading=\"lazy\" decoding=\"async\" width=\"724\" height=\"1024\" src=\"http:\/\/mx1gpbrasil.com.br\/wp-content\/uploads\/2025\/04\/Programacao-2a-etapa-Canelinha-Oficial_page-0003-724x1024.jpg\" alt=\"\" class=\"wp-image-71146\" srcset=\"https:\/\/mx1gpbrasil.alperprojetos.com.br\/wp-content\/uploads\/2025\/04\/Programacao-2a-etapa-Canelinha-Oficial_page-0003-724x1024.jpg 724w, https:\/\/mx1gpbrasil.alperprojetos.com.br\/wp-content\/uploads\/2025\/04\/Programacao-2a-etapa-Canelinha-Oficial_page-0003-212x300.jpg 212w, https:\/\/mx1gpbrasil.alperprojetos.com.br\/wp-content\/uploads\/2025\/04\/Programacao-2a-etapa-Canelinha-Oficial_page-0003-768x1086.jpg 768w, https:\/\/mx1gpbrasil.alperprojetos.com.br\/wp-content\/uploads\/2025\/04\/Programacao-2a-etapa-Canelinha-Oficial_page-0003-1086x1536.jpg 1086w, https:\/\/mx1gpbrasil.alperprojetos.com.br\/wp-content\/uploads\/2025\/04\/Programacao-2a-etapa-Canelinha-Oficial_page-0003-91x128.jpg 91w, https:\/\/mx1gpbrasil.alperprojetos.com.br\/wp-content\/uploads\/2025\/04\/Programacao-2a-etapa-Canelinha-Oficial_page-0003-23x32.jpg 23w, https:\/\/mx1gpbrasil.alperprojetos.com.br\/wp-content\/uploads\/2025\/04\/Programacao-2a-etapa-Canelinha-Oficial_page-0003-600x849.jpg 600w, https:\/\/mx1gpbrasil.alperprojetos.com.br\/wp-content\/uploads\/2025\/04\/Programacao-2a-etapa-Canelinha-Oficial_page-0003.jpg 1241w\" sizes=\"auto, (max-width: 724px) 100vw, 724px\" \/><\/figure>\n\n\n\n<p class=\"wp-block-paragraph\">A expectativa \u00e9 receber <strong>mais de 30 mil pessoas<\/strong> nos dois dias de evento, o que deve movimentar significativamente a economia local e refor\u00e7ar o papel de Canelinha como um dos grandes palcos do motocross brasileiro.<\/p>\n\n\n\n<p class=\"wp-block-paragraph\">Temos um encontro marcado nos dias 26 e 27 de abril em Canelinha, esperamos ver todos voc\u00eas neste grande evento. <\/p>\n\n\n\n<p class=\"wp-block-paragraph\"><\/p>\n","protected":false},"excerpt":{"rendered":"<p>Canelinha, conhecida por j\u00e1 ter sediado o Mundial de Motocross, o principal campeonato da modalidade no mundo, volta a ser o centro das aten\u00e7\u00f5es do motocross nacional. Nos dias 26 e 27 de abril, o munic\u00edpio catarinense sedia a segunda etapa do Campeonato Brasileiro de Motocross, o MX1 GP Brasil Sportbay, evento que promete agitar [&hellip;]<\/p>\n","protected":false},"author":1,"featured_media":71149,"comment_status":"closed","ping_status":"open","sticky":false,"template":"","format":"standard","meta":{"footnotes":""},"categories":[133],"tags":[],"class_list":["post-71142","post","type-post","status-publish","format-standard","has-post-thumbnail","hentry","category-motocross"],"_links":{"self":[{"href":"https:\/\/mx1gpbrasil.alperprojetos.com.br\/index.php\/wp-json\/wp\/v2\/posts\/71142","targetHints":{"allow":["GET"]}}],"collection":[{"href":"https:\/\/mx1gpbrasil.alperprojetos.com.br\/index.php\/wp-json\/wp\/v2\/posts"}],"about":[{"href":"https:\/\/mx1gpbrasil.alperprojetos.com.br\/index.php\/wp-json\/wp\/v2\/types\/post"}],"author":[{"embeddable":true,"href":"https:\/\/mx1gpbrasil.alperprojetos.com.br\/index.php\/wp-json\/wp\/v2\/users\/1"}],"replies":[{"embeddable":true,"href":"https:\/\/mx1gpbrasil.alperprojetos.com.br\/index.php\/wp-json\/wp\/v2\/comments?post=71142"}],"version-history":[{"count":0,"href":"https:\/\/mx1gpbrasil.alperprojetos.com.br\/index.php\/wp-json\/wp\/v2\/posts\/71142\/revisions"}],"wp:featuredmedia":[{"embeddable":true,"href":"https:\/\/mx1gpbrasil.alperprojetos.com.br\/index.php\/wp-json\/wp\/v2\/media\/71149"}],"wp:attachment":[{"href":"https:\/\/mx1gpbrasil.alperprojetos.com.br\/index.php\/wp-json\/wp\/v2\/media?parent=71142"}],"wp:term":[{"taxonomy":"category","embeddable":true,"href":"https:\/\/mx1gpbrasil.alperprojetos.com.br\/index.php\/wp-json\/wp\/v2\/categories?post=71142"},{"taxonomy":"post_tag","embeddable":true,"href":"https:\/\/mx1gpbrasil.alperprojetos.com.br\/index.php\/wp-json\/wp\/v2\/tags?post=71142"}],"curies":[{"name":"wp","href":"https:\/\/api.w.org\/{rel}","templated":true}]}}