{"id":71235,"date":"2025-04-26T21:29:08","date_gmt":"2025-04-27T00:29:08","guid":{"rendered":"http:\/\/mx1gpbrasil.com.br\/?p=71235"},"modified":"2025-04-26T21:29:08","modified_gmt":"2025-04-27T00:29:08","slug":"primeiro-dia-de-disputas-agita-a-2a-etapa-do-mx1-gp-brasil-em-canelinha-sc","status":"publish","type":"post","link":"https:\/\/mx1gpbrasil.alperprojetos.com.br\/index.php\/2025\/04\/26\/primeiro-dia-de-disputas-agita-a-2a-etapa-do-mx1-gp-brasil-em-canelinha-sc\/","title":{"rendered":"Primeiro dia de disputas agita a 2\u00aa etapa do MX1 GP Brasil Sportbay em Canelinha, SC"},"content":{"rendered":"\n<p class=\"wp-block-paragraph\">O MX1 GP Brasil Sportbay chegou ao estado de Santa Catarina para a realiza\u00e7\u00e3o da segunda etapa da temporada 2025, em um cen\u00e1rio que dispensa apresenta\u00e7\u00f5es: a tradicional cidade de Canelinha, verdadeiro templo do motocross nacional.<\/p>\n\n\n\n<p class=\"wp-block-paragraph\">Com uma estrutura impec\u00e1vel, pista de alto n\u00edvel e organiza\u00e7\u00e3o de primeira linha, o evento reflete o momento grandioso que vive o motocross brasileiro, consolidando o campeonato como um dos maiores do mundo. A excel\u00eancia n\u00e3o se limita \u00e0 infraestrutura: o alto n\u00edvel t\u00e9cnico dos pilotos e equipes, em todas as categorias, foi comprovado j\u00e1 no primeiro dia de competi\u00e7\u00f5es.<\/p>\n\n\n\n<figure class=\"wp-block-image size-large\"><img loading=\"lazy\" decoding=\"async\" width=\"1024\" height=\"683\" src=\"http:\/\/mx1gpbrasil.com.br\/wp-content\/uploads\/2025\/04\/CANELINHA-1-1024x683.jpg\" alt=\"\" class=\"wp-image-71250\" srcset=\"https:\/\/mx1gpbrasil.alperprojetos.com.br\/wp-content\/uploads\/2025\/04\/CANELINHA-1-1024x683.jpg 1024w, https:\/\/mx1gpbrasil.alperprojetos.com.br\/wp-content\/uploads\/2025\/04\/CANELINHA-1-300x200.jpg 300w, https:\/\/mx1gpbrasil.alperprojetos.com.br\/wp-content\/uploads\/2025\/04\/CANELINHA-1-768x512.jpg 768w, https:\/\/mx1gpbrasil.alperprojetos.com.br\/wp-content\/uploads\/2025\/04\/CANELINHA-1-1536x1024.jpg 1536w, https:\/\/mx1gpbrasil.alperprojetos.com.br\/wp-content\/uploads\/2025\/04\/CANELINHA-1-128x85.jpg 128w, https:\/\/mx1gpbrasil.alperprojetos.com.br\/wp-content\/uploads\/2025\/04\/CANELINHA-1-32x21.jpg 32w, https:\/\/mx1gpbrasil.alperprojetos.com.br\/wp-content\/uploads\/2025\/04\/CANELINHA-1-600x400.jpg 600w, https:\/\/mx1gpbrasil.alperprojetos.com.br\/wp-content\/uploads\/2025\/04\/CANELINHA-1.jpg 2048w\" sizes=\"auto, (max-width: 1024px) 100vw, 1024px\" \/><\/figure>\n\n\n\n<p class=\"wp-block-paragraph\">Neste s\u00e1bado, seis categorias entraram em a\u00e7\u00e3o, reunindo veteranos consagrados e jovens talentos da nova gera\u00e7\u00e3o do motocross. O dia come\u00e7ou com a disputa da MX3, onde o paranaense Jean Ramos dominou e garantiu sua segunda vit\u00f3ria consecutiva na temporada.<\/p>\n\n\n\n<p class=\"wp-block-paragraph\"><strong>MX3<\/strong><br>1\u00ba &#8211; Jean Ramos<br>2\u00ba &#8211; Andreson Do Amaral<br>3\u00ba &#8211; Cleiton Borges<br>4\u00ba &#8211; Pedro Godoy<br>5\u00ba &#8211; Marcuss Vinicius<\/p>\n\n\n\n<figure class=\"wp-block-image size-large\"><img decoding=\"async\" src=\"http:\/\/mx1gpbrasil.com.br\/wp-content\/uploads\/2025\/04\/3R2A3758-1024x683.jpg\" alt=\"\" class=\"wp-image-71243\"\/><\/figure>\n\n\n\n<p class=\"wp-block-paragraph\">Na sequ\u00eancia, foi a vez da YZ125 Cup, categoria monomarca da Yamaha. Kau\u00e3 Vieira protagonizou uma incr\u00edvel corrida de recupera\u00e7\u00e3o, largando da \u00faltima posi\u00e7\u00e3o para vencer com autoridade tanto a classifica\u00e7\u00e3o geral da YZ125 quanto a YZ BluCru Cup. Na divis\u00e3o YZ Privados, o vencedor foi Heverton Silveira.<\/p>\n\n\n\n<p class=\"wp-block-paragraph\"><strong>YZ 125 Geral<\/strong><br>1\u00ba &#8211; Kau\u00e3 Vieira<br>2\u00ba &#8211; Heverton Silveira<br>3\u00ba &#8211; Sebastian Velasquez<br>4\u00ba &#8211; Pedro Lobo<br>5\u00ba &#8211; Gustavo Torres<\/p>\n\n\n\n<figure class=\"wp-block-image size-large\"><img decoding=\"async\" src=\"http:\/\/mx1gpbrasil.com.br\/wp-content\/uploads\/2025\/04\/3R2A3760-1024x683.jpg\" alt=\"\" class=\"wp-image-71240\"\/><\/figure>\n\n\n\n<p class=\"wp-block-paragraph\"><strong>YZ<\/strong><br>1\u00ba &#8211; Heverton Silveira<br>2\u00ba &#8211; Miguel Boer<br>3\u00ba &#8211; Eduardo Gusman<br>4\u00ba &#8211; Luiz Afonso<br>5\u00ba &#8211; Gustavo Pinheiro<\/p>\n\n\n\n<figure class=\"wp-block-image size-large\"><img decoding=\"async\" src=\"http:\/\/mx1gpbrasil.com.br\/wp-content\/uploads\/2025\/04\/3R2A3762-1-1024x683.jpg\" alt=\"\" class=\"wp-image-71244\"\/><\/figure>\n\n\n\n<p class=\"wp-block-paragraph\"><strong>YZ 125 BLUCRU CUP<\/strong><br>1\u00ba &#8211; Kau\u00e3 Vieira<br>2\u00ba &#8211; Sebastian Velasquez<br>3\u00ba &#8211; Pedro Lobo<br>4\u00ba &#8211; Gustavo Torres<br>5\u00ba &#8211; Henzo Martins<\/p>\n\n\n\n<figure class=\"wp-block-image size-large\"><img loading=\"lazy\" decoding=\"async\" width=\"1024\" height=\"682\" src=\"http:\/\/mx1gpbrasil.com.br\/wp-content\/uploads\/2025\/04\/WhatsApp-Image-2025-04-26-at-21.26.22-1024x682.jpeg\" alt=\"\" class=\"wp-image-71251\" srcset=\"https:\/\/mx1gpbrasil.alperprojetos.com.br\/wp-content\/uploads\/2025\/04\/WhatsApp-Image-2025-04-26-at-21.26.22-1024x682.jpeg 1024w, https:\/\/mx1gpbrasil.alperprojetos.com.br\/wp-content\/uploads\/2025\/04\/WhatsApp-Image-2025-04-26-at-21.26.22-300x200.jpeg 300w, https:\/\/mx1gpbrasil.alperprojetos.com.br\/wp-content\/uploads\/2025\/04\/WhatsApp-Image-2025-04-26-at-21.26.22-768x512.jpeg 768w, https:\/\/mx1gpbrasil.alperprojetos.com.br\/wp-content\/uploads\/2025\/04\/WhatsApp-Image-2025-04-26-at-21.26.22-128x85.jpeg 128w, https:\/\/mx1gpbrasil.alperprojetos.com.br\/wp-content\/uploads\/2025\/04\/WhatsApp-Image-2025-04-26-at-21.26.22-32x21.jpeg 32w, https:\/\/mx1gpbrasil.alperprojetos.com.br\/wp-content\/uploads\/2025\/04\/WhatsApp-Image-2025-04-26-at-21.26.22-600x400.jpeg 600w, https:\/\/mx1gpbrasil.alperprojetos.com.br\/wp-content\/uploads\/2025\/04\/WhatsApp-Image-2025-04-26-at-21.26.22.jpeg 1280w\" sizes=\"auto, (max-width: 1024px) 100vw, 1024px\" \/><\/figure>\n\n\n\n<p class=\"wp-block-paragraph\">A terceira largada do dia foi da 50cc, onde a catarinense Valentina Barg brilhou e venceu de ponta a ponta, levando a vit\u00f3ria para o estado e representando com destaque o p\u00fablico feminino.<\/p>\n\n\n\n<p class=\"wp-block-paragraph\"><strong>50cc<\/strong><br>1\u00ba &#8211; Valentina Barg<br>2\u00ba &#8211; Enzo Wiebbeling<br>3\u00ba &#8211; Bernardo Santos<br>4\u00ba &#8211; Antonio Balbi Neto<br>5\u00ba &#8211; Benjamin Sagae<\/p>\n\n\n\n<figure class=\"wp-block-image size-large\"><img decoding=\"async\" src=\"http:\/\/mx1gpbrasil.com.br\/wp-content\/uploads\/2025\/04\/3R2A3767-1024x683.jpg\" alt=\"\" class=\"wp-image-71245\"\/><\/figure>\n\n\n\n<p class=\"wp-block-paragraph\">Na sequ\u00eancia, os veteranos da MX5 (acima de 50 anos) alinharam no gate. Jorge Negretti saiu na frente, mas foi superado pelo paranaense William Guimar\u00e3es, que dominou a prova e ficou com a vit\u00f3ria na abertura da categoria nesta temporada.<\/p>\n\n\n\n<p class=\"wp-block-paragraph\"><strong>MX5<\/strong><br>1\u00ba &#8211; Willian Guimar\u00e3es<br>2\u00ba &#8211; Alexandro Martins<br>3\u00ba &#8211; Geraldo Almeida<br>4\u00ba &#8211; Richard Gabriel<br>5\u00ba &#8211; Amilton Amorin<\/p>\n\n\n\n<figure class=\"wp-block-image size-large\"><img decoding=\"async\" src=\"http:\/\/mx1gpbrasil.com.br\/wp-content\/uploads\/2025\/04\/3R2A3768-1024x683.jpg\" alt=\"\" class=\"wp-image-71246\"\/><\/figure>\n\n\n\n<p class=\"wp-block-paragraph\">A pen\u00faltima bateria do s\u00e1bado foi a da 65cc, vencida com autoridade pelo jovem talento Henri Krug, que liderou de ponta a ponta.<\/p>\n\n\n\n<p class=\"wp-block-paragraph\"><strong>65cc<\/strong><br>1\u00ba &#8211; Henri Krug<br>2\u00ba &#8211; Arthur Lourenzo<br>3\u00ba &#8211; Jo\u00e3o Gabriel Wost<br>4\u00ba &#8211; Ronan Ramos<br>5\u00ba &#8211; Pietro Fraga<\/p>\n\n\n\n<figure class=\"wp-block-image size-large\"><img decoding=\"async\" src=\"http:\/\/mx1gpbrasil.com.br\/wp-content\/uploads\/2025\/04\/3R2A3773-1024x683.jpg\" alt=\"\" class=\"wp-image-71247\"\/><\/figure>\n\n\n\n<p class=\"wp-block-paragraph\">Encerrando o dia, a MX2 J\u00fanior trouxe a primeira vit\u00f3ria de Pietro Piroli na temporada, representando a Yamaha Racing Brasil e colocando o Rio Grande do Sul no topo do p\u00f3dio.<\/p>\n\n\n\n<p class=\"wp-block-paragraph\"><strong>MX2JR<\/strong><br>1\u00ba &#8211; Pietro Piroli<br>2\u00ba &#8211; Kau\u00e3 Vieira<br>3\u00ba &#8211; Gabriel Cirino<br>4\u00ba &#8211; Caio Grosbelli<br>5\u00ba &#8211; Wagner Guilherme<\/p>\n\n\n\n<figure class=\"wp-block-image size-large\"><img loading=\"lazy\" decoding=\"async\" width=\"1024\" height=\"682\" src=\"http:\/\/mx1gpbrasil.com.br\/wp-content\/uploads\/2025\/04\/WhatsApp-Image-2025-04-26-at-21.26.23-1024x682.jpeg\" alt=\"\" class=\"wp-image-71252\" srcset=\"https:\/\/mx1gpbrasil.alperprojetos.com.br\/wp-content\/uploads\/2025\/04\/WhatsApp-Image-2025-04-26-at-21.26.23-1024x682.jpeg 1024w, https:\/\/mx1gpbrasil.alperprojetos.com.br\/wp-content\/uploads\/2025\/04\/WhatsApp-Image-2025-04-26-at-21.26.23-300x200.jpeg 300w, https:\/\/mx1gpbrasil.alperprojetos.com.br\/wp-content\/uploads\/2025\/04\/WhatsApp-Image-2025-04-26-at-21.26.23-768x512.jpeg 768w, https:\/\/mx1gpbrasil.alperprojetos.com.br\/wp-content\/uploads\/2025\/04\/WhatsApp-Image-2025-04-26-at-21.26.23-128x85.jpeg 128w, https:\/\/mx1gpbrasil.alperprojetos.com.br\/wp-content\/uploads\/2025\/04\/WhatsApp-Image-2025-04-26-at-21.26.23-32x21.jpeg 32w, https:\/\/mx1gpbrasil.alperprojetos.com.br\/wp-content\/uploads\/2025\/04\/WhatsApp-Image-2025-04-26-at-21.26.23-600x400.jpeg 600w, https:\/\/mx1gpbrasil.alperprojetos.com.br\/wp-content\/uploads\/2025\/04\/WhatsApp-Image-2025-04-26-at-21.26.23.jpeg 1280w\" sizes=\"auto, (max-width: 1024px) 100vw, 1024px\" \/><\/figure>\n\n\n\n<p class=\"wp-block-paragraph\">Assim fechamos o primeiro dia da grande festa que est\u00e1 sendo o MX1 GP Brasil em Canelinha. No domingo, as disputas seguem com as principais categorias em pista e uma enorme expectativa de p\u00fablico vindo de todo o pa\u00eds. Acompanhem tudo em nosso site e nas redes sociais!<\/p>\n\n\n\n<p class=\"wp-block-paragraph\"><\/p>\n","protected":false},"excerpt":{"rendered":"<p>O MX1 GP Brasil Sportbay chegou ao estado de Santa Catarina para a realiza\u00e7\u00e3o da segunda etapa da temporada 2025, em um cen\u00e1rio que dispensa apresenta\u00e7\u00f5es: a tradicional cidade de Canelinha, verdadeiro templo do motocross nacional. Com uma estrutura impec\u00e1vel, pista de alto n\u00edvel e organiza\u00e7\u00e3o de primeira linha, o evento reflete o momento grandioso [&hellip;]<\/p>\n","protected":false},"author":1,"featured_media":71249,"comment_status":"closed","ping_status":"open","sticky":false,"template":"","format":"standard","meta":{"footnotes":""},"categories":[133],"tags":[],"class_list":["post-71235","post","type-post","status-publish","format-standard","has-post-thumbnail","hentry","category-motocross"],"_links":{"self":[{"href":"https:\/\/mx1gpbrasil.alperprojetos.com.br\/index.php\/wp-json\/wp\/v2\/posts\/71235","targetHints":{"allow":["GET"]}}],"collection":[{"href":"https:\/\/mx1gpbrasil.alperprojetos.com.br\/index.php\/wp-json\/wp\/v2\/posts"}],"about":[{"href":"https:\/\/mx1gpbrasil.alperprojetos.com.br\/index.php\/wp-json\/wp\/v2\/types\/post"}],"author":[{"embeddable":true,"href":"https:\/\/mx1gpbrasil.alperprojetos.com.br\/index.php\/wp-json\/wp\/v2\/users\/1"}],"replies":[{"embeddable":true,"href":"https:\/\/mx1gpbrasil.alperprojetos.com.br\/index.php\/wp-json\/wp\/v2\/comments?post=71235"}],"version-history":[{"count":0,"href":"https:\/\/mx1gpbrasil.alperprojetos.com.br\/index.php\/wp-json\/wp\/v2\/posts\/71235\/revisions"}],"wp:featuredmedia":[{"embeddable":true,"href":"https:\/\/mx1gpbrasil.alperprojetos.com.br\/index.php\/wp-json\/wp\/v2\/media\/71249"}],"wp:attachment":[{"href":"https:\/\/mx1gpbrasil.alperprojetos.com.br\/index.php\/wp-json\/wp\/v2\/media?parent=71235"}],"wp:term":[{"taxonomy":"category","embeddable":true,"href":"https:\/\/mx1gpbrasil.alperprojetos.com.br\/index.php\/wp-json\/wp\/v2\/categories?post=71235"},{"taxonomy":"post_tag","embeddable":true,"href":"https:\/\/mx1gpbrasil.alperprojetos.com.br\/index.php\/wp-json\/wp\/v2\/tags?post=71235"}],"curies":[{"name":"wp","href":"https:\/\/api.w.org\/{rel}","templated":true}]}}