{"id":71256,"date":"2025-04-27T22:03:25","date_gmt":"2025-04-28T01:03:25","guid":{"rendered":"http:\/\/mx1gpbrasil.com.br\/?p=71256"},"modified":"2025-04-27T22:03:25","modified_gmt":"2025-04-28T01:03:25","slug":"mx1-gp-brasil-sportbay-tem-casa-cheia-e-grandes-disputas-no-segundo-dia-em-canelinha-sc","status":"publish","type":"post","link":"https:\/\/mx1gpbrasil.alperprojetos.com.br\/index.php\/2025\/04\/27\/mx1-gp-brasil-sportbay-tem-casa-cheia-e-grandes-disputas-no-segundo-dia-em-canelinha-sc\/","title":{"rendered":"MX1 GP Brasil Sportbay tem casa cheia e grandes disputas no segundo dia em Canelinha (SC)"},"content":{"rendered":"\n<p class=\"wp-block-paragraph\">O domingo (27) foi de festa ainda maior na lend\u00e1ria Fazenda Silva Neto, em Canelinha (SC), durante a segunda etapa do <strong>MX1 GP Brasil Sportbay 2025<\/strong>. As arquibancadas e os arredores da pista ficaram completamente lotados por f\u00e3s apaixonados pelo motocross, fam\u00edlias inteiras, pilotos amadores, praticantes de outras modalidades e in\u00fameros aficionados pelo motociclismo off-road, que presenciaram uma verdadeira celebra\u00e7\u00e3o do esporte. O espet\u00e1culo foi intenso e j\u00e1 est\u00e1 marcado como um dos grandes momentos da temporada.<br><br>A primeira corrida do dia foi da <strong>categoria MXF<\/strong>, com as meninas acelerando forte. A jovem <strong>Luanna Neves<\/strong>, da equipe <strong>595 Racing<\/strong>, dominou de ponta a ponta, imprimindo um ritmo forte e garantindo a vit\u00f3ria. <strong>Marcely Cazadini<\/strong> terminou na segunda coloca\u00e7\u00e3o, seguida por <strong>Bia Gomes<\/strong> em terceiro.<br><br><strong>Resultado MXF<\/strong><br>1\u00ba &#8211; Luanna Neves Martinez Silva<br>2\u00ba &#8211; Marcely Cazadini<br>3\u00ba &#8211; Beatriz Braga<br>4\u00ba &#8211; Alicia Sagae<br>5\u00ba &#8211; Sabrina Novazick\u200b<\/p>\n\n\n\n<figure class=\"wp-block-image size-large\"><img decoding=\"async\" src=\"http:\/\/mx1gpbrasil.com.br\/wp-content\/uploads\/2025\/04\/WhatsApp-Image-2025-04-27-at-21.51.05-1024x683.jpeg\" alt=\"\" class=\"wp-image-71259\"\/><\/figure>\n\n\n\n<p class=\"wp-block-paragraph\">Na sequ\u00eancia, foi a vez da nova gera\u00e7\u00e3o entrar em a\u00e7\u00e3o com a <strong>MX2<\/strong>. O mineiro <strong>Bernardo Tiburcio<\/strong>, da <strong>Honda Racing Brasil<\/strong>, liderou de ponta a ponta e conquistou mais uma vit\u00f3ria na temporada. O chileno <strong>Benjamin Garib<\/strong> protagonizou uma excelente prova de recupera\u00e7\u00e3o para terminar em segundo, superando <strong>Vitor Borba<\/strong>, tamb\u00e9m da Honda Racing, que finalizou na terceira coloca\u00e7\u00e3o.<br><br>A terceira largada do domingo trouxe para a pista os grandes nomes da <strong>MX1<\/strong>, reunindo os melhores pilotos do Brasil, da Am\u00e9rica Latina e da Europa. O p\u00fablico foi ao del\u00edrio desde a largada, onde <strong>F\u00e1bio Santos<\/strong> se colocou entre os r\u00e1pidos franceses <strong>Stephen Rubini<\/strong> e <strong>Greg Aranda<\/strong>. Rubini assumiu a ponta rapidamente, seguido de perto por F\u00e1bio e Aranda nas primeiras voltas. Com um ritmo forte, Rubini liderou a maior parte da prova, mas, nos momentos finais, F\u00e1bio Santos apertou o ritmo, se aproximou e, em uma ultrapassagem precisa, conquistou a vit\u00f3ria, celebrando com o famoso gesto do &#8220;tiro&#8221; inspirado em Cooper Webb. Rubini ainda tentou discutir o resultado, mas F\u00e1bio manteve o foco, refor\u00e7ando o esp\u00edrito competitivo da etapa.<br><br>Na <strong>MX Junior<\/strong>, o argentino <strong>Francesco Copetti<\/strong> brilhou, assumindo a lideran\u00e7a na primeira volta e controlando a corrida at\u00e9 a vit\u00f3ria. <strong>Heitor Matos<\/strong> terminou na segunda posi\u00e7\u00e3o, enquanto <strong>Lorenzo Ricken<\/strong> completou o p\u00f3dio em terceiro.<\/p>\n\n\n\n<p class=\"wp-block-paragraph\"><strong>Resultado MX Junior<\/strong><br>1\u00ba &#8211; Francesco Copetti<br>2\u00ba &#8211; Heitor Matos<br>3\u00ba &#8211; Lorenzo Ricken<br>4\u00ba &#8211; Enzo Fialho<br>5\u00ba &#8211; Victor Hugo Vale da Rocha\u200b<\/p>\n\n\n\n<figure class=\"wp-block-image size-large\"><img decoding=\"async\" src=\"http:\/\/mx1gpbrasil.com.br\/wp-content\/uploads\/2025\/04\/WhatsApp-Image-2025-04-27-at-21.57.31-1024x683.jpeg\" alt=\"\" class=\"wp-image-71265\"\/><\/figure>\n\n\n\n<p class=\"wp-block-paragraph\"><br>As \u00faltimas emo\u00e7\u00f5es do dia ficaram por conta das segundas baterias da <strong>MX2<\/strong> e da <strong>MX1<\/strong>. Na <strong>MX2<\/strong>, <strong>Bernardo Tiburcio<\/strong> repetiu a dose e faturou mais uma vit\u00f3ria, novamente com <strong>Benjamin Garib<\/strong> em segundo e <strong>German Bratschi<\/strong> em terceiro.<\/p>\n\n\n\n<p class=\"wp-block-paragraph\"><strong>Resultado MX2<\/strong><br>1\u00ba &#8211; Bernardo Tiburcio<br>2\u00ba &#8211; Benjamin Garib<br>3\u00ba &#8211; German Bratschi Talm\u00f3n<br>4\u00ba &#8211; Vitor Borba<br>5\u00ba &#8211; Rodrigo Borges\u200b<\/p>\n\n\n\n<figure class=\"wp-block-image size-large\"><img loading=\"lazy\" decoding=\"async\" width=\"1024\" height=\"683\" src=\"http:\/\/mx1gpbrasil.com.br\/wp-content\/uploads\/2025\/04\/CANELINHA-69-1024x683.jpg\" alt=\"\" class=\"wp-image-71260\" srcset=\"https:\/\/mx1gpbrasil.alperprojetos.com.br\/wp-content\/uploads\/2025\/04\/CANELINHA-69-1024x683.jpg 1024w, https:\/\/mx1gpbrasil.alperprojetos.com.br\/wp-content\/uploads\/2025\/04\/CANELINHA-69-300x200.jpg 300w, https:\/\/mx1gpbrasil.alperprojetos.com.br\/wp-content\/uploads\/2025\/04\/CANELINHA-69-768x512.jpg 768w, https:\/\/mx1gpbrasil.alperprojetos.com.br\/wp-content\/uploads\/2025\/04\/CANELINHA-69-1536x1024.jpg 1536w, https:\/\/mx1gpbrasil.alperprojetos.com.br\/wp-content\/uploads\/2025\/04\/CANELINHA-69-128x85.jpg 128w, https:\/\/mx1gpbrasil.alperprojetos.com.br\/wp-content\/uploads\/2025\/04\/CANELINHA-69-32x21.jpg 32w, https:\/\/mx1gpbrasil.alperprojetos.com.br\/wp-content\/uploads\/2025\/04\/CANELINHA-69-600x400.jpg 600w, https:\/\/mx1gpbrasil.alperprojetos.com.br\/wp-content\/uploads\/2025\/04\/CANELINHA-69.jpg 2048w\" sizes=\"auto, (max-width: 1024px) 100vw, 1024px\" \/><\/figure>\n\n\n\n<p class=\"wp-block-paragraph\">J\u00e1 na segunda bateria da <strong>MX1<\/strong>, o franc\u00eas <strong>Stephen Rubini<\/strong> deu o troco e conquistou sua primeira vit\u00f3ria na temporada, com <strong>F\u00e1bio Santos<\/strong> em segundo lugar, resultado que mant\u00e9m o brasileiro na lideran\u00e7a do campeonato, agora com apenas 1 ponto de vantagem. <strong>Greg Aranda<\/strong> finalizou na terceira coloca\u00e7\u00e3o.<\/p>\n\n\n\n<p class=\"wp-block-paragraph\"><strong>Resultado MX1 &#8211; Soma<\/strong><br>1\u00ba &#8211; Stephen Rubini<br>2\u00ba &#8211; Fabio Santos<br>3\u00ba &#8211; Gregory Aranda<br>4\u00ba &#8211; Hector Assun\u00e7\u00e3o<br>5\u00ba &#8211; Gustavo Pessoa<\/p>\n\n\n\n<figure class=\"wp-block-image size-large\"><img loading=\"lazy\" decoding=\"async\" width=\"1024\" height=\"683\" src=\"http:\/\/mx1gpbrasil.com.br\/wp-content\/uploads\/2025\/04\/CANELINHA-68-1024x683.jpg\" alt=\"\" class=\"wp-image-71261\" srcset=\"https:\/\/mx1gpbrasil.alperprojetos.com.br\/wp-content\/uploads\/2025\/04\/CANELINHA-68-1024x683.jpg 1024w, https:\/\/mx1gpbrasil.alperprojetos.com.br\/wp-content\/uploads\/2025\/04\/CANELINHA-68-300x200.jpg 300w, https:\/\/mx1gpbrasil.alperprojetos.com.br\/wp-content\/uploads\/2025\/04\/CANELINHA-68-768x512.jpg 768w, https:\/\/mx1gpbrasil.alperprojetos.com.br\/wp-content\/uploads\/2025\/04\/CANELINHA-68-1536x1024.jpg 1536w, https:\/\/mx1gpbrasil.alperprojetos.com.br\/wp-content\/uploads\/2025\/04\/CANELINHA-68-128x85.jpg 128w, https:\/\/mx1gpbrasil.alperprojetos.com.br\/wp-content\/uploads\/2025\/04\/CANELINHA-68-32x21.jpg 32w, https:\/\/mx1gpbrasil.alperprojetos.com.br\/wp-content\/uploads\/2025\/04\/CANELINHA-68-600x400.jpg 600w, https:\/\/mx1gpbrasil.alperprojetos.com.br\/wp-content\/uploads\/2025\/04\/CANELINHA-68.jpg 2048w\" sizes=\"auto, (max-width: 1024px) 100vw, 1024px\" \/><\/figure>\n\n\n\n<p class=\"wp-block-paragraph\">\u200bA etapa de Canelinha confirmou o alt\u00edssimo n\u00edvel do motocross latino-americano e consolidou o MX1 GP Brasil Sportbay como um dos campeonatos mais disputados e emocionantes do cen\u00e1rio mundial.<\/p>\n\n\n\n<p class=\"wp-block-paragraph\"><\/p>\n","protected":false},"excerpt":{"rendered":"<p>O domingo (27) foi de festa ainda maior na lend\u00e1ria Fazenda Silva Neto, em Canelinha (SC), durante a segunda etapa do MX1 GP Brasil Sportbay 2025. As arquibancadas e os arredores da pista ficaram completamente lotados por f\u00e3s apaixonados pelo motocross, fam\u00edlias inteiras, pilotos amadores, praticantes de outras modalidades e in\u00fameros aficionados pelo motociclismo off-road, [&hellip;]<\/p>\n","protected":false},"author":1,"featured_media":71257,"comment_status":"closed","ping_status":"open","sticky":false,"template":"","format":"standard","meta":{"footnotes":""},"categories":[133],"tags":[],"class_list":["post-71256","post","type-post","status-publish","format-standard","has-post-thumbnail","hentry","category-motocross"],"_links":{"self":[{"href":"https:\/\/mx1gpbrasil.alperprojetos.com.br\/index.php\/wp-json\/wp\/v2\/posts\/71256","targetHints":{"allow":["GET"]}}],"collection":[{"href":"https:\/\/mx1gpbrasil.alperprojetos.com.br\/index.php\/wp-json\/wp\/v2\/posts"}],"about":[{"href":"https:\/\/mx1gpbrasil.alperprojetos.com.br\/index.php\/wp-json\/wp\/v2\/types\/post"}],"author":[{"embeddable":true,"href":"https:\/\/mx1gpbrasil.alperprojetos.com.br\/index.php\/wp-json\/wp\/v2\/users\/1"}],"replies":[{"embeddable":true,"href":"https:\/\/mx1gpbrasil.alperprojetos.com.br\/index.php\/wp-json\/wp\/v2\/comments?post=71256"}],"version-history":[{"count":0,"href":"https:\/\/mx1gpbrasil.alperprojetos.com.br\/index.php\/wp-json\/wp\/v2\/posts\/71256\/revisions"}],"wp:featuredmedia":[{"embeddable":true,"href":"https:\/\/mx1gpbrasil.alperprojetos.com.br\/index.php\/wp-json\/wp\/v2\/media\/71257"}],"wp:attachment":[{"href":"https:\/\/mx1gpbrasil.alperprojetos.com.br\/index.php\/wp-json\/wp\/v2\/media?parent=71256"}],"wp:term":[{"taxonomy":"category","embeddable":true,"href":"https:\/\/mx1gpbrasil.alperprojetos.com.br\/index.php\/wp-json\/wp\/v2\/categories?post=71256"},{"taxonomy":"post_tag","embeddable":true,"href":"https:\/\/mx1gpbrasil.alperprojetos.com.br\/index.php\/wp-json\/wp\/v2\/tags?post=71256"}],"curies":[{"name":"wp","href":"https:\/\/api.w.org\/{rel}","templated":true}]}}