{"id":71292,"date":"2025-05-24T22:22:44","date_gmt":"2025-05-25T01:22:44","guid":{"rendered":"http:\/\/mx1gpbrasil.com.br\/?p=71292"},"modified":"2025-05-24T22:22:44","modified_gmt":"2025-05-25T01:22:44","slug":"sabado-de-disputas-intensas-calor-forte-e-vencedores-ineditos-na-temporada-marcam-o-primeiro-dia-de-disputas-no-mx1-gp-brasil-sportbay-em-cuiaba","status":"publish","type":"post","link":"https:\/\/mx1gpbrasil.alperprojetos.com.br\/index.php\/2025\/05\/24\/sabado-de-disputas-intensas-calor-forte-e-vencedores-ineditos-na-temporada-marcam-o-primeiro-dia-de-disputas-no-mx1-gp-brasil-sportbay-em-cuiaba\/","title":{"rendered":"S\u00e1bado de disputas intensas, calor forte e vencedores in\u00e9ditos na temporada, marcam o primeiro dia de disputas no MX1 GP Brasil Sportbay, em Cuiab\u00e1\/MT"},"content":{"rendered":"\n<p class=\"wp-block-paragraph\">O calor intenso e a pista arenosa de Cuiab\u00e1 foram os grandes desafios enfrentados pelos pilotos no primeiro dia de disputas da terceira etapa do MX1 GP Brasil Sportbay, realizada neste s\u00e1bado. Com temperaturas na casa dos 40\u00b0C, os competidores precisaram de resist\u00eancia e t\u00e9cnica para superar as dificuldades da prova em busca de bons resultados.<\/p>\n\n\n\n<p class=\"wp-block-paragraph\">Entre os destaques do dia, Kau\u00e3 Vieira, l\u00edder da YZ 125 bLU cRU Cup, manteve sua hegemonia na categoria. Apesar de alguns sustos nos treinos de sexta-feira e s\u00e1bado, o catarinense mostrou por que \u00e9 l\u00edder isolado e conquistou mais uma vit\u00f3ria na corrida principal.<\/p>\n\n\n\n<p class=\"wp-block-paragraph\">YZ 125 bLUcRU Cup<\/p>\n\n\n\n<p class=\"wp-block-paragraph\">1\u00ba- Kau\u00e3 Vieira<br>2\u00ba &#8211; Rodrigo Stuardo<br>3\u00ba- Pedro Lobo<br>4\u00ba &#8211; Sebastian Velasquez<br>5\u00ba &#8211; Eduardo Guzman<\/p>\n\n\n\n<p class=\"wp-block-paragraph\">YZ 125 <\/p>\n\n\n\n<p class=\"wp-block-paragraph\">1\u00ba &#8211; Heverton Silveira<br>2\u00ba &#8211; Miguel Kurtz<br>3\u00ba &#8211; Davi Santos<br>4\u00ba &#8211; Egidio Gabriel<br>5\u00ba &#8211; Alysson Willian Zanella<\/p>\n\n\n\n<p class=\"wp-block-paragraph\">YZ 125 &#8211; Geral<\/p>\n\n\n\n<p class=\"wp-block-paragraph\">1\u00ba &#8211; Kau\u00e3 Vieira<br>2\u00ba &#8211; Rodrigo Stuardo<br>3\u00ba &#8211; Pedro Lobo<br>4\u00ba &#8211; Sebastian Velasquez <br>5\u00ba &#8211; Eduardo Guzman<\/p>\n\n\n\n<figure class=\"wp-block-image size-large\"><img loading=\"lazy\" decoding=\"async\" width=\"1024\" height=\"682\" src=\"http:\/\/mx1gpbrasil.com.br\/wp-content\/uploads\/2025\/05\/WhatsApp-Image-2025-05-24-at-22.00.50-1-1024x682.jpeg\" alt=\"\" class=\"wp-image-71299\" srcset=\"https:\/\/mx1gpbrasil.alperprojetos.com.br\/wp-content\/uploads\/2025\/05\/WhatsApp-Image-2025-05-24-at-22.00.50-1-1024x682.jpeg 1024w, https:\/\/mx1gpbrasil.alperprojetos.com.br\/wp-content\/uploads\/2025\/05\/WhatsApp-Image-2025-05-24-at-22.00.50-1-300x200.jpeg 300w, https:\/\/mx1gpbrasil.alperprojetos.com.br\/wp-content\/uploads\/2025\/05\/WhatsApp-Image-2025-05-24-at-22.00.50-1-768x512.jpeg 768w, https:\/\/mx1gpbrasil.alperprojetos.com.br\/wp-content\/uploads\/2025\/05\/WhatsApp-Image-2025-05-24-at-22.00.50-1-1536x1023.jpeg 1536w, https:\/\/mx1gpbrasil.alperprojetos.com.br\/wp-content\/uploads\/2025\/05\/WhatsApp-Image-2025-05-24-at-22.00.50-1-128x85.jpeg 128w, https:\/\/mx1gpbrasil.alperprojetos.com.br\/wp-content\/uploads\/2025\/05\/WhatsApp-Image-2025-05-24-at-22.00.50-1-32x21.jpeg 32w, https:\/\/mx1gpbrasil.alperprojetos.com.br\/wp-content\/uploads\/2025\/05\/WhatsApp-Image-2025-05-24-at-22.00.50-1-600x400.jpeg 600w, https:\/\/mx1gpbrasil.alperprojetos.com.br\/wp-content\/uploads\/2025\/05\/WhatsApp-Image-2025-05-24-at-22.00.50-1.jpeg 1600w\" sizes=\"auto, (max-width: 1024px) 100vw, 1024px\" \/><\/figure>\n\n\n\n<p class=\"wp-block-paragraph\">J\u00e1 na 50cc, Ben Sagae brilhou ao conquistar sua primeira vit\u00f3ria na competi\u00e7\u00e3o. O piloto fez uma prova impec\u00e1vel, assumindo a lideran\u00e7a nas primeiras voltas e mantendo-se firme at\u00e9 a bandeirada final.<\/p>\n\n\n\n<p class=\"wp-block-paragraph\">1\u00ba &#8211; Benjamin Sagae<br>2\u00ba &#8211; Valentina Barg<br>3\u00ba &#8211; Enzo Wiebbelling<br>4\u00ba &#8211; Juarez Bernal<br>5\u00ba &#8211; Ana Helo\u00edsa<\/p>\n\n\n\n<figure class=\"wp-block-image size-large\"><img loading=\"lazy\" decoding=\"async\" width=\"1024\" height=\"682\" src=\"http:\/\/mx1gpbrasil.com.br\/wp-content\/uploads\/2025\/05\/WhatsApp-Image-2025-05-24-at-22.00.50-2-1024x682.jpeg\" alt=\"\" class=\"wp-image-71300\" srcset=\"https:\/\/mx1gpbrasil.alperprojetos.com.br\/wp-content\/uploads\/2025\/05\/WhatsApp-Image-2025-05-24-at-22.00.50-2-1024x682.jpeg 1024w, https:\/\/mx1gpbrasil.alperprojetos.com.br\/wp-content\/uploads\/2025\/05\/WhatsApp-Image-2025-05-24-at-22.00.50-2-300x200.jpeg 300w, https:\/\/mx1gpbrasil.alperprojetos.com.br\/wp-content\/uploads\/2025\/05\/WhatsApp-Image-2025-05-24-at-22.00.50-2-768x512.jpeg 768w, https:\/\/mx1gpbrasil.alperprojetos.com.br\/wp-content\/uploads\/2025\/05\/WhatsApp-Image-2025-05-24-at-22.00.50-2-1536x1023.jpeg 1536w, https:\/\/mx1gpbrasil.alperprojetos.com.br\/wp-content\/uploads\/2025\/05\/WhatsApp-Image-2025-05-24-at-22.00.50-2-128x85.jpeg 128w, https:\/\/mx1gpbrasil.alperprojetos.com.br\/wp-content\/uploads\/2025\/05\/WhatsApp-Image-2025-05-24-at-22.00.50-2-32x21.jpeg 32w, https:\/\/mx1gpbrasil.alperprojetos.com.br\/wp-content\/uploads\/2025\/05\/WhatsApp-Image-2025-05-24-at-22.00.50-2-600x400.jpeg 600w, https:\/\/mx1gpbrasil.alperprojetos.com.br\/wp-content\/uploads\/2025\/05\/WhatsApp-Image-2025-05-24-at-22.00.50-2.jpeg 1600w\" sizes=\"auto, (max-width: 1024px) 100vw, 1024px\" \/><\/figure>\n\n\n\n<p class=\"wp-block-paragraph\">Na MX4, Marcus Vinicius, o \u201cMano\u201d, confirmou sua lideran\u00e7a ao vencer tanto a corrida qualificat\u00f3ria quanto a principal deste s\u00e1bado, mantendo a lideran\u00e7a da categoria.<\/p>\n\n\n\n<p class=\"wp-block-paragraph\">1\u00ba &#8211; Marcus Vinicius <br>2\u00ba &#8211; Jo\u00e3o Vitor Cardeli<br>3\u00ba &#8211; Willian Guimar\u00e3es<br>4\u00ba &#8211; Cristian Kehl<br>5\u00ba &#8211; Rodrigo Galiotto<\/p>\n\n\n\n<figure class=\"wp-block-image size-large\"><img loading=\"lazy\" decoding=\"async\" width=\"1024\" height=\"682\" src=\"http:\/\/mx1gpbrasil.com.br\/wp-content\/uploads\/2025\/05\/WhatsApp-Image-2025-05-24-at-22.00.50-5-1024x682.jpeg\" alt=\"\" class=\"wp-image-71301\" srcset=\"https:\/\/mx1gpbrasil.alperprojetos.com.br\/wp-content\/uploads\/2025\/05\/WhatsApp-Image-2025-05-24-at-22.00.50-5-1024x682.jpeg 1024w, https:\/\/mx1gpbrasil.alperprojetos.com.br\/wp-content\/uploads\/2025\/05\/WhatsApp-Image-2025-05-24-at-22.00.50-5-300x200.jpeg 300w, https:\/\/mx1gpbrasil.alperprojetos.com.br\/wp-content\/uploads\/2025\/05\/WhatsApp-Image-2025-05-24-at-22.00.50-5-768x512.jpeg 768w, https:\/\/mx1gpbrasil.alperprojetos.com.br\/wp-content\/uploads\/2025\/05\/WhatsApp-Image-2025-05-24-at-22.00.50-5-1536x1023.jpeg 1536w, https:\/\/mx1gpbrasil.alperprojetos.com.br\/wp-content\/uploads\/2025\/05\/WhatsApp-Image-2025-05-24-at-22.00.50-5-128x85.jpeg 128w, https:\/\/mx1gpbrasil.alperprojetos.com.br\/wp-content\/uploads\/2025\/05\/WhatsApp-Image-2025-05-24-at-22.00.50-5-32x21.jpeg 32w, https:\/\/mx1gpbrasil.alperprojetos.com.br\/wp-content\/uploads\/2025\/05\/WhatsApp-Image-2025-05-24-at-22.00.50-5-600x400.jpeg 600w, https:\/\/mx1gpbrasil.alperprojetos.com.br\/wp-content\/uploads\/2025\/05\/WhatsApp-Image-2025-05-24-at-22.00.50-5.jpeg 1600w\" sizes=\"auto, (max-width: 1024px) 100vw, 1024px\" \/><\/figure>\n\n\n\n<p class=\"wp-block-paragraph\">Outra vit\u00f3ria in\u00e9dita veio na MX3, onde Anderson Amaral, da Belco Racing, dominou a prova com uma largada explosiva. O piloto manteve um ritmo seguro e garantiu o primeiro lugar, entrando de vez na disputa pelo t\u00edtulo.<\/p>\n\n\n\n<p class=\"wp-block-paragraph\">1\u00ba &#8211; Anderson Amaral<br>2\u00ba &#8211; Jean Ramos<br>3\u00ba &#8211; Cleiton Borges<br>4\u00ba &#8211; Hugo Amaral <br>5\u00ba &#8211; Anderson Chupel<\/p>\n\n\n\n<figure class=\"wp-block-image size-large\"><img loading=\"lazy\" decoding=\"async\" width=\"1024\" height=\"682\" src=\"http:\/\/mx1gpbrasil.com.br\/wp-content\/uploads\/2025\/05\/WhatsApp-Image-2025-05-24-at-22.00.50-4-1024x682.jpeg\" alt=\"\" class=\"wp-image-71302\" srcset=\"https:\/\/mx1gpbrasil.alperprojetos.com.br\/wp-content\/uploads\/2025\/05\/WhatsApp-Image-2025-05-24-at-22.00.50-4-1024x682.jpeg 1024w, https:\/\/mx1gpbrasil.alperprojetos.com.br\/wp-content\/uploads\/2025\/05\/WhatsApp-Image-2025-05-24-at-22.00.50-4-300x200.jpeg 300w, https:\/\/mx1gpbrasil.alperprojetos.com.br\/wp-content\/uploads\/2025\/05\/WhatsApp-Image-2025-05-24-at-22.00.50-4-768x512.jpeg 768w, https:\/\/mx1gpbrasil.alperprojetos.com.br\/wp-content\/uploads\/2025\/05\/WhatsApp-Image-2025-05-24-at-22.00.50-4-1536x1023.jpeg 1536w, https:\/\/mx1gpbrasil.alperprojetos.com.br\/wp-content\/uploads\/2025\/05\/WhatsApp-Image-2025-05-24-at-22.00.50-4-128x85.jpeg 128w, https:\/\/mx1gpbrasil.alperprojetos.com.br\/wp-content\/uploads\/2025\/05\/WhatsApp-Image-2025-05-24-at-22.00.50-4-32x21.jpeg 32w, https:\/\/mx1gpbrasil.alperprojetos.com.br\/wp-content\/uploads\/2025\/05\/WhatsApp-Image-2025-05-24-at-22.00.50-4-600x400.jpeg 600w, https:\/\/mx1gpbrasil.alperprojetos.com.br\/wp-content\/uploads\/2025\/05\/WhatsApp-Image-2025-05-24-at-22.00.50-4.jpeg 1600w\" sizes=\"auto, (max-width: 1024px) 100vw, 1024px\" \/><\/figure>\n\n\n\n<p class=\"wp-block-paragraph\">A categoria 65cc foi marcada por uma corrida intensa e cheia de reviravoltas. Mesmo vindo de les\u00e3o e sofrendo uma queda nas primeiras voltas enquanto brigava pela lideran\u00e7a, o ga\u00facho Henri Krug mostrou resili\u00eancia e cruzou a linha de chegada em primeiro, mantendo-se l\u00edder da categoria. Arthur Lorenzo e Henrique Spinass\u00e9 completaram o p\u00f3dio.<\/p>\n\n\n\n<p class=\"wp-block-paragraph\">1\u00ba &#8211; Henri Krug<br>2\u00ba &#8211; Arthur Lourenzo<br>3\u00ba &#8211; Henrique Spinass\u00e9<br>4\u00ba &#8211; Jo\u00e3o Gabriel Wovst (Bolachinha)<br>5\u00ba &#8211; Ronan Felipe Ramos<\/p>\n\n\n\n<figure class=\"wp-block-image size-large\"><img loading=\"lazy\" decoding=\"async\" width=\"1024\" height=\"682\" src=\"http:\/\/mx1gpbrasil.com.br\/wp-content\/uploads\/2025\/05\/WhatsApp-Image-2025-05-24-at-22.00.50-6-1024x682.jpeg\" alt=\"\" class=\"wp-image-71303\" srcset=\"https:\/\/mx1gpbrasil.alperprojetos.com.br\/wp-content\/uploads\/2025\/05\/WhatsApp-Image-2025-05-24-at-22.00.50-6-1024x682.jpeg 1024w, https:\/\/mx1gpbrasil.alperprojetos.com.br\/wp-content\/uploads\/2025\/05\/WhatsApp-Image-2025-05-24-at-22.00.50-6-300x200.jpeg 300w, https:\/\/mx1gpbrasil.alperprojetos.com.br\/wp-content\/uploads\/2025\/05\/WhatsApp-Image-2025-05-24-at-22.00.50-6-768x512.jpeg 768w, https:\/\/mx1gpbrasil.alperprojetos.com.br\/wp-content\/uploads\/2025\/05\/WhatsApp-Image-2025-05-24-at-22.00.50-6-1536x1023.jpeg 1536w, https:\/\/mx1gpbrasil.alperprojetos.com.br\/wp-content\/uploads\/2025\/05\/WhatsApp-Image-2025-05-24-at-22.00.50-6-128x85.jpeg 128w, https:\/\/mx1gpbrasil.alperprojetos.com.br\/wp-content\/uploads\/2025\/05\/WhatsApp-Image-2025-05-24-at-22.00.50-6-32x21.jpeg 32w, https:\/\/mx1gpbrasil.alperprojetos.com.br\/wp-content\/uploads\/2025\/05\/WhatsApp-Image-2025-05-24-at-22.00.50-6-600x400.jpeg 600w, https:\/\/mx1gpbrasil.alperprojetos.com.br\/wp-content\/uploads\/2025\/05\/WhatsApp-Image-2025-05-24-at-22.00.50-6.jpeg 1600w\" sizes=\"auto, (max-width: 1024px) 100vw, 1024px\" \/><\/figure>\n\n\n\n<p class=\"wp-block-paragraph\">Fechando as disputas do dia a MX2 Junior levou o p\u00fablico que lotava as arquibancadas a loucura o jovem talento da Yamaha Racing Brasil, Pietro Piroli que liderou a prova de ponta a ponta fazendo uma corrida perfeita e assumindo a lideran\u00e7a da categoria, Arthur Gomes foi o segundo e Vasko Durand o terceiro.<\/p>\n\n\n\n<figure class=\"wp-block-image size-large\"><img loading=\"lazy\" decoding=\"async\" width=\"1024\" height=\"682\" src=\"http:\/\/mx1gpbrasil.com.br\/wp-content\/uploads\/2025\/05\/WhatsApp-Image-2025-05-24-at-22.00.50-7-1024x682.jpeg\" alt=\"\" class=\"wp-image-71304\" srcset=\"https:\/\/mx1gpbrasil.alperprojetos.com.br\/wp-content\/uploads\/2025\/05\/WhatsApp-Image-2025-05-24-at-22.00.50-7-1024x682.jpeg 1024w, https:\/\/mx1gpbrasil.alperprojetos.com.br\/wp-content\/uploads\/2025\/05\/WhatsApp-Image-2025-05-24-at-22.00.50-7-300x200.jpeg 300w, https:\/\/mx1gpbrasil.alperprojetos.com.br\/wp-content\/uploads\/2025\/05\/WhatsApp-Image-2025-05-24-at-22.00.50-7-768x512.jpeg 768w, https:\/\/mx1gpbrasil.alperprojetos.com.br\/wp-content\/uploads\/2025\/05\/WhatsApp-Image-2025-05-24-at-22.00.50-7-1536x1023.jpeg 1536w, https:\/\/mx1gpbrasil.alperprojetos.com.br\/wp-content\/uploads\/2025\/05\/WhatsApp-Image-2025-05-24-at-22.00.50-7-128x85.jpeg 128w, https:\/\/mx1gpbrasil.alperprojetos.com.br\/wp-content\/uploads\/2025\/05\/WhatsApp-Image-2025-05-24-at-22.00.50-7-32x21.jpeg 32w, https:\/\/mx1gpbrasil.alperprojetos.com.br\/wp-content\/uploads\/2025\/05\/WhatsApp-Image-2025-05-24-at-22.00.50-7-600x400.jpeg 600w, https:\/\/mx1gpbrasil.alperprojetos.com.br\/wp-content\/uploads\/2025\/05\/WhatsApp-Image-2025-05-24-at-22.00.50-7.jpeg 1600w\" sizes=\"auto, (max-width: 1024px) 100vw, 1024px\" \/><\/figure>\n\n\n\n<p class=\"wp-block-paragraph\">Assim como no s\u00e1bado, o domingo promete fortes emo\u00e7\u00f5es e muita disputa entre os pilotos mais r\u00e1pidos do Brasil. Ser\u00e1 a vez das principais categorias entrarem em a\u00e7\u00e3o, com as disputas da MX1, MX2, MXJr e MXF, iniciando suas atividades a partir das 8h.<\/p>\n\n\n\n<figure class=\"wp-block-image size-large\"><img loading=\"lazy\" decoding=\"async\" width=\"1024\" height=\"682\" src=\"http:\/\/mx1gpbrasil.com.br\/wp-content\/uploads\/2025\/05\/WhatsApp-Image-2025-05-24-at-22.00.50-8-1024x682.jpeg\" alt=\"\" class=\"wp-image-71305\" srcset=\"https:\/\/mx1gpbrasil.alperprojetos.com.br\/wp-content\/uploads\/2025\/05\/WhatsApp-Image-2025-05-24-at-22.00.50-8-1024x682.jpeg 1024w, https:\/\/mx1gpbrasil.alperprojetos.com.br\/wp-content\/uploads\/2025\/05\/WhatsApp-Image-2025-05-24-at-22.00.50-8-300x200.jpeg 300w, https:\/\/mx1gpbrasil.alperprojetos.com.br\/wp-content\/uploads\/2025\/05\/WhatsApp-Image-2025-05-24-at-22.00.50-8-768x512.jpeg 768w, https:\/\/mx1gpbrasil.alperprojetos.com.br\/wp-content\/uploads\/2025\/05\/WhatsApp-Image-2025-05-24-at-22.00.50-8-1536x1023.jpeg 1536w, https:\/\/mx1gpbrasil.alperprojetos.com.br\/wp-content\/uploads\/2025\/05\/WhatsApp-Image-2025-05-24-at-22.00.50-8-128x85.jpeg 128w, https:\/\/mx1gpbrasil.alperprojetos.com.br\/wp-content\/uploads\/2025\/05\/WhatsApp-Image-2025-05-24-at-22.00.50-8-32x21.jpeg 32w, https:\/\/mx1gpbrasil.alperprojetos.com.br\/wp-content\/uploads\/2025\/05\/WhatsApp-Image-2025-05-24-at-22.00.50-8-600x400.jpeg 600w, https:\/\/mx1gpbrasil.alperprojetos.com.br\/wp-content\/uploads\/2025\/05\/WhatsApp-Image-2025-05-24-at-22.00.50-8.jpeg 1600w\" sizes=\"auto, (max-width: 1024px) 100vw, 1024px\" \/><\/figure>\n\n\n\n<p class=\"wp-block-paragraph\"> A transmiss\u00e3o AO VIVO voc\u00ea confere aqui (<a href=\"https:\/\/www.youtube.com\/watch?v=7DTSJ6GLjw0\">https:\/\/www.youtube.com\/watch?v=7DTSJ6GLjw0<\/a>), \u00e0 partir das 11h da manh\u00e3, 12h hor\u00e1rio de Bras\u00edlia.<\/p>\n\n\n\n<p class=\"wp-block-paragraph\">Confira a programa\u00e7\u00e3o:<\/p>\n\n\n\n<figure class=\"wp-block-image size-large\"><img loading=\"lazy\" decoding=\"async\" width=\"724\" height=\"1024\" src=\"http:\/\/mx1gpbrasil.com.br\/wp-content\/uploads\/2025\/05\/Programacao-3a-etapa-Cuiaba-MT-oficial_page-0002-724x1024.jpg\" alt=\"\" class=\"wp-image-71306\" srcset=\"https:\/\/mx1gpbrasil.alperprojetos.com.br\/wp-content\/uploads\/2025\/05\/Programacao-3a-etapa-Cuiaba-MT-oficial_page-0002-724x1024.jpg 724w, https:\/\/mx1gpbrasil.alperprojetos.com.br\/wp-content\/uploads\/2025\/05\/Programacao-3a-etapa-Cuiaba-MT-oficial_page-0002-212x300.jpg 212w, https:\/\/mx1gpbrasil.alperprojetos.com.br\/wp-content\/uploads\/2025\/05\/Programacao-3a-etapa-Cuiaba-MT-oficial_page-0002-768x1086.jpg 768w, https:\/\/mx1gpbrasil.alperprojetos.com.br\/wp-content\/uploads\/2025\/05\/Programacao-3a-etapa-Cuiaba-MT-oficial_page-0002-1086x1536.jpg 1086w, https:\/\/mx1gpbrasil.alperprojetos.com.br\/wp-content\/uploads\/2025\/05\/Programacao-3a-etapa-Cuiaba-MT-oficial_page-0002-91x128.jpg 91w, https:\/\/mx1gpbrasil.alperprojetos.com.br\/wp-content\/uploads\/2025\/05\/Programacao-3a-etapa-Cuiaba-MT-oficial_page-0002-23x32.jpg 23w, https:\/\/mx1gpbrasil.alperprojetos.com.br\/wp-content\/uploads\/2025\/05\/Programacao-3a-etapa-Cuiaba-MT-oficial_page-0002-600x849.jpg 600w, https:\/\/mx1gpbrasil.alperprojetos.com.br\/wp-content\/uploads\/2025\/05\/Programacao-3a-etapa-Cuiaba-MT-oficial_page-0002.jpg 1241w\" sizes=\"auto, (max-width: 724px) 100vw, 724px\" \/><\/figure>\n","protected":false},"excerpt":{"rendered":"<p>O calor intenso e a pista arenosa de Cuiab\u00e1 foram os grandes desafios enfrentados pelos pilotos no primeiro dia de disputas da terceira etapa do MX1 GP Brasil Sportbay, realizada neste s\u00e1bado. Com temperaturas na casa dos 40\u00b0C, os competidores precisaram de resist\u00eancia e t\u00e9cnica para superar as dificuldades da prova em busca de bons [&hellip;]<\/p>\n","protected":false},"author":1,"featured_media":71293,"comment_status":"closed","ping_status":"open","sticky":false,"template":"","format":"standard","meta":{"footnotes":""},"categories":[133],"tags":[],"class_list":["post-71292","post","type-post","status-publish","format-standard","has-post-thumbnail","hentry","category-motocross"],"_links":{"self":[{"href":"https:\/\/mx1gpbrasil.alperprojetos.com.br\/index.php\/wp-json\/wp\/v2\/posts\/71292","targetHints":{"allow":["GET"]}}],"collection":[{"href":"https:\/\/mx1gpbrasil.alperprojetos.com.br\/index.php\/wp-json\/wp\/v2\/posts"}],"about":[{"href":"https:\/\/mx1gpbrasil.alperprojetos.com.br\/index.php\/wp-json\/wp\/v2\/types\/post"}],"author":[{"embeddable":true,"href":"https:\/\/mx1gpbrasil.alperprojetos.com.br\/index.php\/wp-json\/wp\/v2\/users\/1"}],"replies":[{"embeddable":true,"href":"https:\/\/mx1gpbrasil.alperprojetos.com.br\/index.php\/wp-json\/wp\/v2\/comments?post=71292"}],"version-history":[{"count":0,"href":"https:\/\/mx1gpbrasil.alperprojetos.com.br\/index.php\/wp-json\/wp\/v2\/posts\/71292\/revisions"}],"wp:featuredmedia":[{"embeddable":true,"href":"https:\/\/mx1gpbrasil.alperprojetos.com.br\/index.php\/wp-json\/wp\/v2\/media\/71293"}],"wp:attachment":[{"href":"https:\/\/mx1gpbrasil.alperprojetos.com.br\/index.php\/wp-json\/wp\/v2\/media?parent=71292"}],"wp:term":[{"taxonomy":"category","embeddable":true,"href":"https:\/\/mx1gpbrasil.alperprojetos.com.br\/index.php\/wp-json\/wp\/v2\/categories?post=71292"},{"taxonomy":"post_tag","embeddable":true,"href":"https:\/\/mx1gpbrasil.alperprojetos.com.br\/index.php\/wp-json\/wp\/v2\/tags?post=71292"}],"curies":[{"name":"wp","href":"https:\/\/api.w.org\/{rel}","templated":true}]}}