{"id":71312,"date":"2025-05-25T21:32:13","date_gmt":"2025-05-26T00:32:13","guid":{"rendered":"http:\/\/mx1gpbrasil.com.br\/?p=71312"},"modified":"2025-05-25T21:32:13","modified_gmt":"2025-05-26T00:32:13","slug":"3a-etapa-do-mx1-gp-brasil-sportbay-tem-domingo-agitado-com-vitorias-de-estrangeiros-e-novo-lider-na-categoria-principal","status":"publish","type":"post","link":"https:\/\/mx1gpbrasil.alperprojetos.com.br\/index.php\/2025\/05\/25\/3a-etapa-do-mx1-gp-brasil-sportbay-tem-domingo-agitado-com-vitorias-de-estrangeiros-e-novo-lider-na-categoria-principal\/","title":{"rendered":"3\u00aa etapa do MX1 GP Brasil Sportbay tem domingo agitado, com vit\u00f3rias de estrangeiros e novo l\u00edder na categoria principal"},"content":{"rendered":"\n<p class=\"wp-block-paragraph\">Ap\u00f3s um s\u00e1bado eletrizante em Cuiab\u00e1 (MT), a segunda etapa do MX1 GP Brasil Sportbay trouxe mais um dia de disputas acirradas, surpresas e reviravoltas na disputa pelo t\u00edtulo da categoria principal<\/p>\n\n\n\n<p class=\"wp-block-paragraph\">Na MX2, Be Tib\u00farcio e o chileno Benjamin Garib protagonizaram uma batalha feroz na primeira bateria. Tib\u00farcio executou a sua estrat\u00e9gia com precis\u00e3o, superando Garib, da JP Pro Honda, e garantindo o triunfo. A intensidade da disputa foi t\u00e3o extrema que Tib\u00farcio finalizou a bateria com aproximadamente 30 segundos de vantagem em rela\u00e7\u00e3o ao segundo colocado.<\/p>\n\n\n\n<p class=\"wp-block-paragraph\">MX2 1\u00ba Bateria<\/p>\n\n\n\n<p class=\"wp-block-paragraph\">1\u00ba &#8211; Bernardo Tiburcio<br>2\u00ba &#8211; Benjamin Garib<br>3\u00ba &#8211; Pietro Piroli<br>4\u00ba &#8211;  Vitor Borba<br>5\u00ba &#8211; German Bratschi<\/p>\n\n\n\n<p class=\"wp-block-paragraph\">Na bateria final, Tib\u00farcio largou na frente, seguido por Vitor Borba e Garib. Ainda no in\u00edcio, Garib ultrapassou Borba, e Tib\u00farcio, que liderava, acabou sofrendo uma queda, cedendo a lideran\u00e7a ao chileno. Com uma pilotagem impec\u00e1vel, Garib conquistou sua primeira vit\u00f3ria no Brasil e assumiu a vice-lideran\u00e7a do campeonato.<\/p>\n\n\n\n<p class=\"wp-block-paragraph\">MX2 2\u00ba Bateria<\/p>\n\n\n\n<p class=\"wp-block-paragraph\">1\u00ba &#8211; Benjamin Garib<br>2\u00ba &#8211; Bernardo Tiburcio<br>3\u00ba &#8211; German Bratschi<br>4\u00ba &#8211; Vitor Borba<br>5\u00ba &#8211; Pietro Piroli<\/p>\n\n\n\n<figure class=\"wp-block-image size-large\"><img loading=\"lazy\" decoding=\"async\" width=\"1024\" height=\"683\" src=\"http:\/\/mx1gpbrasil.com.br\/wp-content\/uploads\/2025\/05\/brhe-287-1024x683.jpg\" alt=\"\" class=\"wp-image-71321\" srcset=\"https:\/\/mx1gpbrasil.alperprojetos.com.br\/wp-content\/uploads\/2025\/05\/brhe-287-1024x683.jpg 1024w, https:\/\/mx1gpbrasil.alperprojetos.com.br\/wp-content\/uploads\/2025\/05\/brhe-287-300x200.jpg 300w, https:\/\/mx1gpbrasil.alperprojetos.com.br\/wp-content\/uploads\/2025\/05\/brhe-287-768x512.jpg 768w, https:\/\/mx1gpbrasil.alperprojetos.com.br\/wp-content\/uploads\/2025\/05\/brhe-287-1536x1024.jpg 1536w, https:\/\/mx1gpbrasil.alperprojetos.com.br\/wp-content\/uploads\/2025\/05\/brhe-287-128x85.jpg 128w, https:\/\/mx1gpbrasil.alperprojetos.com.br\/wp-content\/uploads\/2025\/05\/brhe-287-32x21.jpg 32w, https:\/\/mx1gpbrasil.alperprojetos.com.br\/wp-content\/uploads\/2025\/05\/brhe-287-600x400.jpg 600w, https:\/\/mx1gpbrasil.alperprojetos.com.br\/wp-content\/uploads\/2025\/05\/brhe-287.jpg 2048w\" sizes=\"auto, (max-width: 1024px) 100vw, 1024px\" \/><\/figure>\n\n\n\n<p class=\"wp-block-paragraph\">Apesar de um novo tombo em sua tentativa de recuperar a lideran\u00e7a, Tib\u00farcio reagiu e garantiu o segundo lugar, somando os mesmos 47 pontos do vencedor. A vit\u00f3ria na bateria final, no entanto, definiu Garib como o vencedor da etapa.<\/p>\n\n\n\n<p class=\"wp-block-paragraph\">MX2 SOMA<\/p>\n\n\n\n<p class=\"wp-block-paragraph\">1\u00ba &#8211; Benjamin Garib<br>2\u00ba &#8211; Bernardo Tiburcio<br>3\u00ba &#8211; German Bratschi<br>4\u00ba &#8211; Vitor Borba<br>5\u00ba &#8211; Pietro Piroli<\/p>\n\n\n\n<figure class=\"wp-block-image size-large\"><img loading=\"lazy\" decoding=\"async\" width=\"1024\" height=\"683\" src=\"http:\/\/mx1gpbrasil.com.br\/wp-content\/uploads\/2025\/05\/brhe-284-1024x683.jpg\" alt=\"\" class=\"wp-image-71320\" srcset=\"https:\/\/mx1gpbrasil.alperprojetos.com.br\/wp-content\/uploads\/2025\/05\/brhe-284-1024x683.jpg 1024w, https:\/\/mx1gpbrasil.alperprojetos.com.br\/wp-content\/uploads\/2025\/05\/brhe-284-300x200.jpg 300w, https:\/\/mx1gpbrasil.alperprojetos.com.br\/wp-content\/uploads\/2025\/05\/brhe-284-768x512.jpg 768w, https:\/\/mx1gpbrasil.alperprojetos.com.br\/wp-content\/uploads\/2025\/05\/brhe-284-1536x1024.jpg 1536w, https:\/\/mx1gpbrasil.alperprojetos.com.br\/wp-content\/uploads\/2025\/05\/brhe-284-128x85.jpg 128w, https:\/\/mx1gpbrasil.alperprojetos.com.br\/wp-content\/uploads\/2025\/05\/brhe-284-32x21.jpg 32w, https:\/\/mx1gpbrasil.alperprojetos.com.br\/wp-content\/uploads\/2025\/05\/brhe-284-600x400.jpg 600w, https:\/\/mx1gpbrasil.alperprojetos.com.br\/wp-content\/uploads\/2025\/05\/brhe-284.jpg 2048w\" sizes=\"auto, (max-width: 1024px) 100vw, 1024px\" \/><\/figure>\n\n\n\n<p class=\"wp-block-paragraph\">Na MX1, o belga Jeremy Van Horebeek estreou com vit\u00f3ria, mesmo sem vencer nenhuma bateria. As corridas foram marcadas por reviravoltas protagonizadas por F\u00e1bio Santos e Stephen Rubini.<\/p>\n\n\n\n<p class=\"wp-block-paragraph\">Na primeira bateria, F\u00e1bio Santos, da Yamaha Racing Brasil, dominou de ponta a ponta. O atual campe\u00e3o da MX1, no entanto, enfrentou forte press\u00e3o de Greg Aranda nos momentos finais. Aranda perdeu a posi\u00e7\u00e3o para Horebeek, mas cruzou a linha de chegada logo atr\u00e1s do vencedor.<\/p>\n\n\n\n<p class=\"wp-block-paragraph\">J\u00e1 Rubini, da Honda Racing, teve problemas mec\u00e2nicos, largando do fundo do pelot\u00e3o. Mesmo assim, o franc\u00eas realizou uma incr\u00edvel prova de recupera\u00e7\u00e3o e terminou em quarto, somando pontos importantes, que mais tarde lhe dariam a lideran\u00e7a.<\/p>\n\n\n\n<p class=\"wp-block-paragraph\">MX1 1\u00ba Bateria<\/p>\n\n\n\n<p class=\"wp-block-paragraph\">1\u00ba &#8211; Fabio Santos<br>2\u00ba &#8211; Jeremy Horebeek<br>3\u00ba &#8211; Gregory Aranda<br>4\u00ba &#8211; Stephen Rubini<br>5\u00ba &#8211; Gustavo Pessoa<\/p>\n\n\n\n<p class=\"wp-block-paragraph\">A bateria final foi marcada por mais um duelo entre F\u00e1bio Santos e Stephen Rubini. Santos liderou no in\u00edcio, seguido por Aranda. Rubini acelerou e superou seu compatriota, aproximando-se de F\u00e1bio. Na disputa pela lideran\u00e7a, o piloto da Yamaha acabou caindo, deixando o caminho livre para Rubini, que conquistou a vit\u00f3ria e assumiu a ponta da classifica\u00e7\u00e3o geral, apenas um ponto \u00e0 frente de F\u00e1bio.<\/p>\n\n\n\n<p class=\"wp-block-paragraph\">MX1 2\u00ba Bateria<\/p>\n\n\n\n<p class=\"wp-block-paragraph\">1\u00ba &#8211; Sthepen Rubini<br>2\u00ba &#8211; Jeremy Horebeek<br>3\u00ba &#8211; Gregory Aranda<br>4\u00ba &#8211; Gustavo Pessoa<br>5\u00ba &#8211; Fabio Santos<\/p>\n\n\n\n<figure class=\"wp-block-image size-large\"><img loading=\"lazy\" decoding=\"async\" width=\"1024\" height=\"683\" src=\"http:\/\/mx1gpbrasil.com.br\/wp-content\/uploads\/2025\/05\/brhe-286-2-1024x683.jpg\" alt=\"\" class=\"wp-image-71317\" srcset=\"https:\/\/mx1gpbrasil.alperprojetos.com.br\/wp-content\/uploads\/2025\/05\/brhe-286-2-1024x683.jpg 1024w, https:\/\/mx1gpbrasil.alperprojetos.com.br\/wp-content\/uploads\/2025\/05\/brhe-286-2-300x200.jpg 300w, https:\/\/mx1gpbrasil.alperprojetos.com.br\/wp-content\/uploads\/2025\/05\/brhe-286-2-768x512.jpg 768w, https:\/\/mx1gpbrasil.alperprojetos.com.br\/wp-content\/uploads\/2025\/05\/brhe-286-2-1536x1024.jpg 1536w, https:\/\/mx1gpbrasil.alperprojetos.com.br\/wp-content\/uploads\/2025\/05\/brhe-286-2-128x85.jpg 128w, https:\/\/mx1gpbrasil.alperprojetos.com.br\/wp-content\/uploads\/2025\/05\/brhe-286-2-32x21.jpg 32w, https:\/\/mx1gpbrasil.alperprojetos.com.br\/wp-content\/uploads\/2025\/05\/brhe-286-2-600x400.jpg 600w, https:\/\/mx1gpbrasil.alperprojetos.com.br\/wp-content\/uploads\/2025\/05\/brhe-286-2.jpg 2048w\" sizes=\"auto, (max-width: 1024px) 100vw, 1024px\" \/><\/figure>\n\n\n\n<p class=\"wp-block-paragraph\">MX1 SOMA<\/p>\n\n\n\n<p class=\"wp-block-paragraph\">1\u00ba &#8211; Jeremy Horebeek<br>2\u00ba &#8211; Stephen Rubini<br>3\u00ba &#8211; Fabio Santos<br>4\u00ba &#8211; Gregory Aranda<br>5\u00ba &#8211; Gustavo Pessoa<\/p>\n\n\n\n<figure class=\"wp-block-image size-large\"><img loading=\"lazy\" decoding=\"async\" width=\"1024\" height=\"683\" src=\"http:\/\/mx1gpbrasil.com.br\/wp-content\/uploads\/2025\/05\/brhe-283-1024x683.jpg\" alt=\"\" class=\"wp-image-71319\" srcset=\"https:\/\/mx1gpbrasil.alperprojetos.com.br\/wp-content\/uploads\/2025\/05\/brhe-283-1024x683.jpg 1024w, https:\/\/mx1gpbrasil.alperprojetos.com.br\/wp-content\/uploads\/2025\/05\/brhe-283-300x200.jpg 300w, https:\/\/mx1gpbrasil.alperprojetos.com.br\/wp-content\/uploads\/2025\/05\/brhe-283-768x512.jpg 768w, https:\/\/mx1gpbrasil.alperprojetos.com.br\/wp-content\/uploads\/2025\/05\/brhe-283-1536x1024.jpg 1536w, https:\/\/mx1gpbrasil.alperprojetos.com.br\/wp-content\/uploads\/2025\/05\/brhe-283-128x85.jpg 128w, https:\/\/mx1gpbrasil.alperprojetos.com.br\/wp-content\/uploads\/2025\/05\/brhe-283-32x21.jpg 32w, https:\/\/mx1gpbrasil.alperprojetos.com.br\/wp-content\/uploads\/2025\/05\/brhe-283-600x400.jpg 600w, https:\/\/mx1gpbrasil.alperprojetos.com.br\/wp-content\/uploads\/2025\/05\/brhe-283.jpg 2048w\" sizes=\"auto, (max-width: 1024px) 100vw, 1024px\" \/><\/figure>\n\n\n\n<p class=\"wp-block-paragraph\">Na MXJr, o argentino Francesco Copetti segue imbat\u00edvel na temporada. O piloto da 595 Racing chegou a sofrer uma queda, mas conseguiu se recuperar e garantir mais uma vit\u00f3ria, aumentando sua vantagem na tabela.<\/p>\n\n\n\n<p class=\"wp-block-paragraph\">1\u00ba &#8211; Francesco Copetti<br>2\u00ba &#8211; Heitor Matos<br>3\u00ba &#8211; Heverton Silveira<br>4\u00ba &#8211; Enzo Fialho<br>5\u00ba &#8211; Zion Berchtold<\/p>\n\n\n\n<figure class=\"wp-block-image size-large\"><img loading=\"lazy\" decoding=\"async\" width=\"1024\" height=\"683\" src=\"http:\/\/mx1gpbrasil.com.br\/wp-content\/uploads\/2025\/05\/brhe-288-1024x683.jpg\" alt=\"\" class=\"wp-image-71322\" srcset=\"https:\/\/mx1gpbrasil.alperprojetos.com.br\/wp-content\/uploads\/2025\/05\/brhe-288-1024x683.jpg 1024w, https:\/\/mx1gpbrasil.alperprojetos.com.br\/wp-content\/uploads\/2025\/05\/brhe-288-300x200.jpg 300w, https:\/\/mx1gpbrasil.alperprojetos.com.br\/wp-content\/uploads\/2025\/05\/brhe-288-768x512.jpg 768w, https:\/\/mx1gpbrasil.alperprojetos.com.br\/wp-content\/uploads\/2025\/05\/brhe-288-1536x1024.jpg 1536w, https:\/\/mx1gpbrasil.alperprojetos.com.br\/wp-content\/uploads\/2025\/05\/brhe-288-128x85.jpg 128w, https:\/\/mx1gpbrasil.alperprojetos.com.br\/wp-content\/uploads\/2025\/05\/brhe-288-32x21.jpg 32w, https:\/\/mx1gpbrasil.alperprojetos.com.br\/wp-content\/uploads\/2025\/05\/brhe-288-600x400.jpg 600w, https:\/\/mx1gpbrasil.alperprojetos.com.br\/wp-content\/uploads\/2025\/05\/brhe-288.jpg 2048w\" sizes=\"auto, (max-width: 1024px) 100vw, 1024px\" \/><\/figure>\n\n\n\n<p class=\"wp-block-paragraph\">A pr\u00f3xima etapa da temporada acontecer\u00e1 nos dias 7 e 8 de junho, em Palmas (TO).<\/p>\n\n\n\n<p class=\"wp-block-paragraph\"><\/p>\n","protected":false},"excerpt":{"rendered":"<p>Ap\u00f3s um s\u00e1bado eletrizante em Cuiab\u00e1 (MT), a segunda etapa do MX1 GP Brasil Sportbay trouxe mais um dia de disputas acirradas, surpresas e reviravoltas na disputa pelo t\u00edtulo da categoria principal Na MX2, Be Tib\u00farcio e o chileno Benjamin Garib protagonizaram uma batalha feroz na primeira bateria. Tib\u00farcio executou a sua estrat\u00e9gia com precis\u00e3o, [&hellip;]<\/p>\n","protected":false},"author":1,"featured_media":71323,"comment_status":"closed","ping_status":"open","sticky":false,"template":"","format":"standard","meta":{"footnotes":""},"categories":[133],"tags":[],"class_list":["post-71312","post","type-post","status-publish","format-standard","has-post-thumbnail","hentry","category-motocross"],"_links":{"self":[{"href":"https:\/\/mx1gpbrasil.alperprojetos.com.br\/index.php\/wp-json\/wp\/v2\/posts\/71312","targetHints":{"allow":["GET"]}}],"collection":[{"href":"https:\/\/mx1gpbrasil.alperprojetos.com.br\/index.php\/wp-json\/wp\/v2\/posts"}],"about":[{"href":"https:\/\/mx1gpbrasil.alperprojetos.com.br\/index.php\/wp-json\/wp\/v2\/types\/post"}],"author":[{"embeddable":true,"href":"https:\/\/mx1gpbrasil.alperprojetos.com.br\/index.php\/wp-json\/wp\/v2\/users\/1"}],"replies":[{"embeddable":true,"href":"https:\/\/mx1gpbrasil.alperprojetos.com.br\/index.php\/wp-json\/wp\/v2\/comments?post=71312"}],"version-history":[{"count":0,"href":"https:\/\/mx1gpbrasil.alperprojetos.com.br\/index.php\/wp-json\/wp\/v2\/posts\/71312\/revisions"}],"wp:featuredmedia":[{"embeddable":true,"href":"https:\/\/mx1gpbrasil.alperprojetos.com.br\/index.php\/wp-json\/wp\/v2\/media\/71323"}],"wp:attachment":[{"href":"https:\/\/mx1gpbrasil.alperprojetos.com.br\/index.php\/wp-json\/wp\/v2\/media?parent=71312"}],"wp:term":[{"taxonomy":"category","embeddable":true,"href":"https:\/\/mx1gpbrasil.alperprojetos.com.br\/index.php\/wp-json\/wp\/v2\/categories?post=71312"},{"taxonomy":"post_tag","embeddable":true,"href":"https:\/\/mx1gpbrasil.alperprojetos.com.br\/index.php\/wp-json\/wp\/v2\/tags?post=71312"}],"curies":[{"name":"wp","href":"https:\/\/api.w.org\/{rel}","templated":true}]}}