{"id":71335,"date":"2025-05-28T14:03:41","date_gmt":"2025-05-28T17:03:41","guid":{"rendered":"http:\/\/mx1gpbrasil.com.br\/?p=71335"},"modified":"2025-05-28T14:03:41","modified_gmt":"2025-05-28T17:03:41","slug":"conhecida-como-capital-mais-jovem-do-brasil-palmas-recebe-4a-etapa-do-mx1-gp-brasil-sportbay-nos-dias-6-7-e-8-de-junho","status":"publish","type":"post","link":"https:\/\/mx1gpbrasil.alperprojetos.com.br\/index.php\/2025\/05\/28\/conhecida-como-capital-mais-jovem-do-brasil-palmas-recebe-4a-etapa-do-mx1-gp-brasil-sportbay-nos-dias-6-7-e-8-de-junho\/","title":{"rendered":"Conhecida como a \u201cCapital mais jovem do Brasil\u201d, Palmas recebe 4\u00aa etapa do MX1 GP Brasil Sportbay nos dias 6, 7 e 8 de junho"},"content":{"rendered":"\n<p class=\"wp-block-paragraph\">Capital do Tocantins ser\u00e1 o palco de mais uma disputa hist\u00f3rica do maior campeonato de motocross da Am\u00e9rica Latina.<\/p>\n\n\n\n<p class=\"wp-block-paragraph\">A capital mais jovem do Brasil est\u00e1 pronta para acelerar! Nos dias 6, 7 e 8 de junho, Palmas (TO) recebe a 4\u00aa etapa do Campeonato Brasileiro de Motocross, sendo seu segundo ano consecutivo a receber o campeonato. O evento ser\u00e1 realizado no Arno 32, Parque Sussuapara, e promete reunir os melhores pilotos, tanto brasileiro como estrangeiros, em uma arena montada com grande estrutura e alto padr\u00e3o.<\/p>\n\n\n\n<p class=\"wp-block-paragraph\">Reconhecido como o maior campeonato de motocross das Am\u00e9ricas, o MX1 GP Brasil Sportbay segue conquistando o pa\u00eds com disputas emocionantes, alto n\u00edvel t\u00e9cnico e grande presen\u00e7a de p\u00fablico. Em Palmas, a expectativa \u00e9 de mais um final de semana hist\u00f3rico para os apaixonados pelo esporte sobre duas rodas.<\/p>\n\n\n\n<p class=\"wp-block-paragraph\"><strong>Estrutura para o p\u00fablico<\/strong><\/p>\n\n\n\n<p class=\"wp-block-paragraph\">O p\u00fablico contar\u00e1 com uma estrutura completa e planejada para proporcionar conforto e uma experi\u00eancia inesquec\u00edvel. O espa\u00e7o inclui pra\u00e7a de alimenta\u00e7\u00e3o com diversas op\u00e7\u00f5es, arquibancadas com vista privilegiada da pista, banheiros, \u00e1reas de conviv\u00eancia e f\u00e1cil acesso a todos os setores do evento.<\/p>\n\n\n\n<p class=\"wp-block-paragraph\">A entrada aos boxes ser\u00e1 gratuita, permitindo aos f\u00e3s vivenciar de perto os bastidores da competi\u00e7\u00e3o e se aproximar dos seus \u00eddolos. J\u00e1 o acesso ao parque no domingo (8) ser\u00e1 mediante a doa\u00e7\u00e3o de 2 kg de alimentos n\u00e3o perec\u00edveis, que ser\u00e3o destinados a iniciativas sociais da regi\u00e3o, refor\u00e7ando o compromisso com a solidariedade e a comunidade local.<\/p>\n\n\n\n<p class=\"wp-block-paragraph\"><strong>Informa\u00e7\u00f5es aos Pilotos<\/strong><\/p>\n\n\n\n<p class=\"wp-block-paragraph\">Pensando no conforto e desempenho das equipes, a \u00e1rea de box foi ampliada e seguir\u00e1 com acesso gratuito para estacionamento. O local contar\u00e1 com estrutura completa, incluindo fornecimento de energia el\u00e9trica, \u00e1gua, banheiros, chuveiros e lavat\u00f3rios exclusivos para as motocicletas, garantindo o suporte necess\u00e1rio para pilotos e mec\u00e2nicos ao longo do evento.<\/p>\n\n\n\n<p class=\"wp-block-paragraph\">As inscri\u00e7\u00f5es para os pilotos j\u00e1 est\u00e3o abertas no site abaixo e encerram na quarta-feira, \u00e0s 18h.<br>\u27a1\ufe0f <a href=\"https:\/\/eventos.sportbay.com.br\/eventos\/4-MX1-GP-SPORTBAY\"><strong>https:\/\/eventos.sportbay.com.br\/eventos\/4-MX1-GP-SPORTBAY<\/strong><\/a><\/p>\n\n\n\n<p class=\"wp-block-paragraph\">Informamos que ap\u00f3s o encerramento do prazo n\u00e3o ser\u00e1 mais poss\u00edvel fazer sua inscri\u00e7\u00e3o com desconto, por isso, n\u00e3o deixe para a ultima hora.<\/p>\n\n\n\n<p class=\"wp-block-paragraph\">Lembramos a todos, que esta etapa acontece junto com o estadual, <strong>Confira a Programa\u00e7\u00e3o:<\/strong><\/p>\n\n\n\n<figure class=\"wp-block-image size-large\"><img loading=\"lazy\" decoding=\"async\" width=\"724\" height=\"1024\" src=\"http:\/\/mx1gpbrasil.com.br\/wp-content\/uploads\/2025\/05\/Programacao-4a-etapa-Palmas-TO_page-0001-724x1024.jpg\" alt=\"\" class=\"wp-image-71336\" srcset=\"https:\/\/mx1gpbrasil.alperprojetos.com.br\/wp-content\/uploads\/2025\/05\/Programacao-4a-etapa-Palmas-TO_page-0001-724x1024.jpg 724w, https:\/\/mx1gpbrasil.alperprojetos.com.br\/wp-content\/uploads\/2025\/05\/Programacao-4a-etapa-Palmas-TO_page-0001-212x300.jpg 212w, https:\/\/mx1gpbrasil.alperprojetos.com.br\/wp-content\/uploads\/2025\/05\/Programacao-4a-etapa-Palmas-TO_page-0001-768x1086.jpg 768w, https:\/\/mx1gpbrasil.alperprojetos.com.br\/wp-content\/uploads\/2025\/05\/Programacao-4a-etapa-Palmas-TO_page-0001-1086x1536.jpg 1086w, https:\/\/mx1gpbrasil.alperprojetos.com.br\/wp-content\/uploads\/2025\/05\/Programacao-4a-etapa-Palmas-TO_page-0001-91x128.jpg 91w, https:\/\/mx1gpbrasil.alperprojetos.com.br\/wp-content\/uploads\/2025\/05\/Programacao-4a-etapa-Palmas-TO_page-0001-23x32.jpg 23w, https:\/\/mx1gpbrasil.alperprojetos.com.br\/wp-content\/uploads\/2025\/05\/Programacao-4a-etapa-Palmas-TO_page-0001-600x849.jpg 600w, https:\/\/mx1gpbrasil.alperprojetos.com.br\/wp-content\/uploads\/2025\/05\/Programacao-4a-etapa-Palmas-TO_page-0001.jpg 1241w\" sizes=\"auto, (max-width: 724px) 100vw, 724px\" \/><\/figure>\n\n\n\n<figure class=\"wp-block-image size-large\"><img loading=\"lazy\" decoding=\"async\" width=\"724\" height=\"1024\" src=\"http:\/\/mx1gpbrasil.com.br\/wp-content\/uploads\/2025\/05\/Programacao-4a-etapa-Palmas-TO_page-0002-724x1024.jpg\" alt=\"\" class=\"wp-image-71337\" srcset=\"https:\/\/mx1gpbrasil.alperprojetos.com.br\/wp-content\/uploads\/2025\/05\/Programacao-4a-etapa-Palmas-TO_page-0002-724x1024.jpg 724w, https:\/\/mx1gpbrasil.alperprojetos.com.br\/wp-content\/uploads\/2025\/05\/Programacao-4a-etapa-Palmas-TO_page-0002-212x300.jpg 212w, https:\/\/mx1gpbrasil.alperprojetos.com.br\/wp-content\/uploads\/2025\/05\/Programacao-4a-etapa-Palmas-TO_page-0002-768x1086.jpg 768w, https:\/\/mx1gpbrasil.alperprojetos.com.br\/wp-content\/uploads\/2025\/05\/Programacao-4a-etapa-Palmas-TO_page-0002-1086x1536.jpg 1086w, https:\/\/mx1gpbrasil.alperprojetos.com.br\/wp-content\/uploads\/2025\/05\/Programacao-4a-etapa-Palmas-TO_page-0002-91x128.jpg 91w, https:\/\/mx1gpbrasil.alperprojetos.com.br\/wp-content\/uploads\/2025\/05\/Programacao-4a-etapa-Palmas-TO_page-0002-23x32.jpg 23w, https:\/\/mx1gpbrasil.alperprojetos.com.br\/wp-content\/uploads\/2025\/05\/Programacao-4a-etapa-Palmas-TO_page-0002-600x849.jpg 600w, https:\/\/mx1gpbrasil.alperprojetos.com.br\/wp-content\/uploads\/2025\/05\/Programacao-4a-etapa-Palmas-TO_page-0002.jpg 1241w\" sizes=\"auto, (max-width: 724px) 100vw, 724px\" \/><\/figure>\n\n\n\n<figure class=\"wp-block-image size-large\"><img loading=\"lazy\" decoding=\"async\" width=\"724\" height=\"1024\" src=\"http:\/\/mx1gpbrasil.com.br\/wp-content\/uploads\/2025\/05\/Programacao-4a-etapa-Palmas-TO_page-0003-724x1024.jpg\" alt=\"\" class=\"wp-image-71338\" srcset=\"https:\/\/mx1gpbrasil.alperprojetos.com.br\/wp-content\/uploads\/2025\/05\/Programacao-4a-etapa-Palmas-TO_page-0003-724x1024.jpg 724w, https:\/\/mx1gpbrasil.alperprojetos.com.br\/wp-content\/uploads\/2025\/05\/Programacao-4a-etapa-Palmas-TO_page-0003-212x300.jpg 212w, https:\/\/mx1gpbrasil.alperprojetos.com.br\/wp-content\/uploads\/2025\/05\/Programacao-4a-etapa-Palmas-TO_page-0003-768x1086.jpg 768w, https:\/\/mx1gpbrasil.alperprojetos.com.br\/wp-content\/uploads\/2025\/05\/Programacao-4a-etapa-Palmas-TO_page-0003-1086x1536.jpg 1086w, https:\/\/mx1gpbrasil.alperprojetos.com.br\/wp-content\/uploads\/2025\/05\/Programacao-4a-etapa-Palmas-TO_page-0003-91x128.jpg 91w, https:\/\/mx1gpbrasil.alperprojetos.com.br\/wp-content\/uploads\/2025\/05\/Programacao-4a-etapa-Palmas-TO_page-0003-23x32.jpg 23w, https:\/\/mx1gpbrasil.alperprojetos.com.br\/wp-content\/uploads\/2025\/05\/Programacao-4a-etapa-Palmas-TO_page-0003-600x849.jpg 600w, https:\/\/mx1gpbrasil.alperprojetos.com.br\/wp-content\/uploads\/2025\/05\/Programacao-4a-etapa-Palmas-TO_page-0003.jpg 1241w\" sizes=\"auto, (max-width: 724px) 100vw, 724px\" \/><\/figure>\n\n\n\n<p class=\"wp-block-paragraph\"><strong>Palmas: a etapa do encanto entre o Jalap\u00e3o e o Lago<\/strong><\/p>\n\n\n\n<p class=\"wp-block-paragraph\">Al\u00e9m da adrenalina das pistas, o evento coloca os holofotes sobre Palmas, uma cidade que combina modernidade, natureza e turismo. Com suas praias fluviais, o famoso Lago de Palmas e a proximidade com o Jalap\u00e3o, o munic\u00edpio refor\u00e7a seu papel como destino atrativo no cora\u00e7\u00e3o do Brasil.<\/p>\n\n\n\n<p class=\"wp-block-paragraph\">A capital do estado do Tocantins, foi fundada em 20 de maio de 1989, sendo a capital mais jovem do Brasil. A cidade foi projetada com uma arquitetura moderna e urbanismo inspirado em Bras\u00edlia, com amplas avenidas e setores bem definidos.<\/p>\n\n\n\n<p class=\"wp-block-paragraph\">Palmas \u00e9 conhecida como:<br>\u2022 A \u201cCapital mais jovem do Brasil\u201d;<br>\u2022 A \u201cCapital das Oportunidades\u201d, por ser uma cidade planejada, com qualidade de vida e crescimento acelerado;<br>\u2022 Tamb\u00e9m se destaca por sua beleza natural.<\/p>\n\n\n\n<figure class=\"wp-block-image size-full\"><img loading=\"lazy\" decoding=\"async\" width=\"1000\" height=\"750\" src=\"http:\/\/mx1gpbrasil.com.br\/wp-content\/uploads\/2025\/05\/Praia-da-Graciosa-Palmas-Tocantins-shutterstock_1415098739.jpg\" alt=\"\" class=\"wp-image-71342\" srcset=\"https:\/\/mx1gpbrasil.alperprojetos.com.br\/wp-content\/uploads\/2025\/05\/Praia-da-Graciosa-Palmas-Tocantins-shutterstock_1415098739.jpg 1000w, https:\/\/mx1gpbrasil.alperprojetos.com.br\/wp-content\/uploads\/2025\/05\/Praia-da-Graciosa-Palmas-Tocantins-shutterstock_1415098739-300x225.jpg 300w, https:\/\/mx1gpbrasil.alperprojetos.com.br\/wp-content\/uploads\/2025\/05\/Praia-da-Graciosa-Palmas-Tocantins-shutterstock_1415098739-768x576.jpg 768w, https:\/\/mx1gpbrasil.alperprojetos.com.br\/wp-content\/uploads\/2025\/05\/Praia-da-Graciosa-Palmas-Tocantins-shutterstock_1415098739-128x96.jpg 128w, https:\/\/mx1gpbrasil.alperprojetos.com.br\/wp-content\/uploads\/2025\/05\/Praia-da-Graciosa-Palmas-Tocantins-shutterstock_1415098739-32x24.jpg 32w, https:\/\/mx1gpbrasil.alperprojetos.com.br\/wp-content\/uploads\/2025\/05\/Praia-da-Graciosa-Palmas-Tocantins-shutterstock_1415098739-600x450.jpg 600w\" sizes=\"auto, (max-width: 1000px) 100vw, 1000px\" \/><\/figure>\n\n\n\n<p class=\"wp-block-paragraph\"><strong>A 4\u00aa etapa do Campeonato Brasileiro de Motocross 2025 chega para realizar um grande espet\u00e1culo e promete unir esporte, emo\u00e7\u00e3o e solidariedade em um cen\u00e1rio deslumbrante. Prepare-se para sentir a vibra\u00e7\u00e3o da velocidade sob o c\u00e9u do Tocantins!<\/strong><\/p>\n\n\n\n<p class=\"wp-block-paragraph\"><\/p>\n","protected":false},"excerpt":{"rendered":"<p>Capital do Tocantins ser\u00e1 o palco de mais uma disputa hist\u00f3rica do maior campeonato de motocross da Am\u00e9rica Latina. A capital mais jovem do Brasil est\u00e1 pronta para acelerar! Nos dias 6, 7 e 8 de junho, Palmas (TO) recebe a 4\u00aa etapa do Campeonato Brasileiro de Motocross, sendo seu segundo ano consecutivo a receber [&hellip;]<\/p>\n","protected":false},"author":1,"featured_media":71339,"comment_status":"closed","ping_status":"open","sticky":false,"template":"","format":"standard","meta":{"footnotes":""},"categories":[133],"tags":[],"class_list":["post-71335","post","type-post","status-publish","format-standard","has-post-thumbnail","hentry","category-motocross"],"_links":{"self":[{"href":"https:\/\/mx1gpbrasil.alperprojetos.com.br\/index.php\/wp-json\/wp\/v2\/posts\/71335","targetHints":{"allow":["GET"]}}],"collection":[{"href":"https:\/\/mx1gpbrasil.alperprojetos.com.br\/index.php\/wp-json\/wp\/v2\/posts"}],"about":[{"href":"https:\/\/mx1gpbrasil.alperprojetos.com.br\/index.php\/wp-json\/wp\/v2\/types\/post"}],"author":[{"embeddable":true,"href":"https:\/\/mx1gpbrasil.alperprojetos.com.br\/index.php\/wp-json\/wp\/v2\/users\/1"}],"replies":[{"embeddable":true,"href":"https:\/\/mx1gpbrasil.alperprojetos.com.br\/index.php\/wp-json\/wp\/v2\/comments?post=71335"}],"version-history":[{"count":0,"href":"https:\/\/mx1gpbrasil.alperprojetos.com.br\/index.php\/wp-json\/wp\/v2\/posts\/71335\/revisions"}],"wp:featuredmedia":[{"embeddable":true,"href":"https:\/\/mx1gpbrasil.alperprojetos.com.br\/index.php\/wp-json\/wp\/v2\/media\/71339"}],"wp:attachment":[{"href":"https:\/\/mx1gpbrasil.alperprojetos.com.br\/index.php\/wp-json\/wp\/v2\/media?parent=71335"}],"wp:term":[{"taxonomy":"category","embeddable":true,"href":"https:\/\/mx1gpbrasil.alperprojetos.com.br\/index.php\/wp-json\/wp\/v2\/categories?post=71335"},{"taxonomy":"post_tag","embeddable":true,"href":"https:\/\/mx1gpbrasil.alperprojetos.com.br\/index.php\/wp-json\/wp\/v2\/tags?post=71335"}],"curies":[{"name":"wp","href":"https:\/\/api.w.org\/{rel}","templated":true}]}}