{"id":71373,"date":"2025-06-07T19:00:26","date_gmt":"2025-06-07T22:00:26","guid":{"rendered":"http:\/\/mx1gpbrasil.com.br\/?p=71373"},"modified":"2025-06-07T19:00:26","modified_gmt":"2025-06-07T22:00:26","slug":"sol-adrenalina-e-muita-emocao-marcam-o-primeiro-dia-de-disputas-do-mx1-gp-brasil-sportbay-em-palmas-to","status":"publish","type":"post","link":"https:\/\/mx1gpbrasil.alperprojetos.com.br\/index.php\/2025\/06\/07\/sol-adrenalina-e-muita-emocao-marcam-o-primeiro-dia-de-disputas-do-mx1-gp-brasil-sportbay-em-palmas-to\/","title":{"rendered":"Sol, adrenalina e muita emo\u00e7\u00e3o marcam o primeiro dia de disputas do MX1 GP Brasil SportBay em Palmas (TO)"},"content":{"rendered":"\n<p class=\"wp-block-paragraph\">A 4\u00aa etapa do Campeonato Brasileiro de Motocross, MX1 GP Brasil Sportbay, come\u00e7ou com tudo neste s\u00e1bado (7), em Palmas, capital do Tocantins. Sob um calor intenso caracter\u00edstico da regi\u00e3o Norte e com arquibancadas repletas de um p\u00fablico vibrante e apaixonado pelo motocross, o evento teve in\u00edcio em clima de festa e com disputas eletrizantes, marcando a metade da temporada 2025.<\/p>\n\n\n\n<p class=\"wp-block-paragraph\">A pista, montada no mesmo local que recebeu a competi\u00e7\u00e3o em 2024, passou por importantes ajustes no tra\u00e7ado e nos obst\u00e1culos, proporcionando corridas mais t\u00e9cnicas e din\u00e2micas. Ao todo, cinco categorias foram \u00e0 pista neste s\u00e1bado e ofereceram grandes pegas ao p\u00fablico presente.<\/p>\n\n\n\n<p class=\"wp-block-paragraph\">O grande destaque do dia foi a categoria <strong>MX2 J\u00fanior<\/strong>, que teve a emocionante vit\u00f3ria do piloto local <strong>Arthur Gomes<\/strong>, da equipe <strong>S2 Nordeste<\/strong>. Correndo praticamente em casa, o jovem talento conquistou sua primeira vit\u00f3ria no Campeonato Brasileiro e levou os torcedores ao del\u00edrio com uma performance de tirar o f\u00f4lego.<\/p>\n\n\n\n<p class=\"wp-block-paragraph\"><strong>Categoria MX2 J\u00fanior<\/strong><br>Arthur Gomes<br>Gabriel Bilhar<br>Pietro Piroli<br>Wagner Guilherme<br>Caio Grosbelli<\/p>\n\n\n\n<figure class=\"wp-block-image size-large\"><img loading=\"lazy\" decoding=\"async\" width=\"1024\" height=\"682\" src=\"http:\/\/mx1gpbrasil.com.br\/wp-content\/uploads\/2025\/06\/WhatsApp-Image-2025-06-07-at-18.21.42-1024x682.jpeg\" alt=\"\" class=\"wp-image-71374\" srcset=\"https:\/\/mx1gpbrasil.alperprojetos.com.br\/wp-content\/uploads\/2025\/06\/WhatsApp-Image-2025-06-07-at-18.21.42-1024x682.jpeg 1024w, https:\/\/mx1gpbrasil.alperprojetos.com.br\/wp-content\/uploads\/2025\/06\/WhatsApp-Image-2025-06-07-at-18.21.42-300x200.jpeg 300w, https:\/\/mx1gpbrasil.alperprojetos.com.br\/wp-content\/uploads\/2025\/06\/WhatsApp-Image-2025-06-07-at-18.21.42-768x512.jpeg 768w, https:\/\/mx1gpbrasil.alperprojetos.com.br\/wp-content\/uploads\/2025\/06\/WhatsApp-Image-2025-06-07-at-18.21.42-128x85.jpeg 128w, https:\/\/mx1gpbrasil.alperprojetos.com.br\/wp-content\/uploads\/2025\/06\/WhatsApp-Image-2025-06-07-at-18.21.42-32x21.jpeg 32w, https:\/\/mx1gpbrasil.alperprojetos.com.br\/wp-content\/uploads\/2025\/06\/WhatsApp-Image-2025-06-07-at-18.21.42-600x400.jpeg 600w, https:\/\/mx1gpbrasil.alperprojetos.com.br\/wp-content\/uploads\/2025\/06\/WhatsApp-Image-2025-06-07-at-18.21.42.jpeg 1280w\" sizes=\"auto, (max-width: 1024px) 100vw, 1024px\" \/><\/figure>\n\n\n\n<p class=\"wp-block-paragraph\"><br>Na <strong>50cc<\/strong>, a pequena guerreira <strong>Valentina Barg<\/strong> deu um show de pilotagem e garantiu o lugar mais alto do p\u00f3dio. J\u00e1 na <strong>MX3<\/strong>, o experiente <strong>Rafael Faria<\/strong>, natural do Paran\u00e1 mas atualmente morando no Norte do pa\u00eds, contou com o apoio caloroso da torcida local para conquistar uma importante vit\u00f3ria.<\/p>\n\n\n\n<p class=\"wp-block-paragraph\"><strong>Categoria 50cc<\/strong><br>Valentina Barg<br>Enzo Wiebbeling<br>Bernardo M. Brand\u00e3o<br>Juarez Bernal<br>Ana Heloisa Tropaldi Hildebrand<\/p>\n\n\n\n<figure class=\"wp-block-image size-large\"><img loading=\"lazy\" decoding=\"async\" width=\"1024\" height=\"682\" src=\"http:\/\/mx1gpbrasil.com.br\/wp-content\/uploads\/2025\/06\/WhatsApp-Image-2025-06-07-at-18.19.56-1024x682.jpeg\" alt=\"\" class=\"wp-image-71375\" srcset=\"https:\/\/mx1gpbrasil.alperprojetos.com.br\/wp-content\/uploads\/2025\/06\/WhatsApp-Image-2025-06-07-at-18.19.56-1024x682.jpeg 1024w, https:\/\/mx1gpbrasil.alperprojetos.com.br\/wp-content\/uploads\/2025\/06\/WhatsApp-Image-2025-06-07-at-18.19.56-300x200.jpeg 300w, https:\/\/mx1gpbrasil.alperprojetos.com.br\/wp-content\/uploads\/2025\/06\/WhatsApp-Image-2025-06-07-at-18.19.56-768x512.jpeg 768w, https:\/\/mx1gpbrasil.alperprojetos.com.br\/wp-content\/uploads\/2025\/06\/WhatsApp-Image-2025-06-07-at-18.19.56-128x85.jpeg 128w, https:\/\/mx1gpbrasil.alperprojetos.com.br\/wp-content\/uploads\/2025\/06\/WhatsApp-Image-2025-06-07-at-18.19.56-32x21.jpeg 32w, https:\/\/mx1gpbrasil.alperprojetos.com.br\/wp-content\/uploads\/2025\/06\/WhatsApp-Image-2025-06-07-at-18.19.56-600x400.jpeg 600w, https:\/\/mx1gpbrasil.alperprojetos.com.br\/wp-content\/uploads\/2025\/06\/WhatsApp-Image-2025-06-07-at-18.19.56.jpeg 1280w\" sizes=\"auto, (max-width: 1024px) 100vw, 1024px\" \/><\/figure>\n\n\n\n<p class=\"wp-block-paragraph\">A categoria <strong>MX5<\/strong> viu o dom\u00ednio absoluto do multicampe\u00e3o <strong>William Guimar\u00e3es<\/strong>, que venceu de ponta a ponta, reafirmando sua hegemonia entre os veteranos. Fechando o dia, na <strong>65cc<\/strong>, o ga\u00facho <strong>Henri Krug<\/strong> confirmou sua excelente fase ao vencer mais uma e manter-se firme na lideran\u00e7a do campeonato.<\/p>\n\n\n\n<p class=\"wp-block-paragraph\"><strong>Categoria MX5<\/strong><br>Willian Guimar\u00e3es<br>Amilton Antonio de Amorim Junior<br>Jos\u00e9 Israel<br>Alex Martins<br>Walter Tardin<\/p>\n\n\n\n<figure class=\"wp-block-image size-large\"><img loading=\"lazy\" decoding=\"async\" width=\"1024\" height=\"682\" src=\"http:\/\/mx1gpbrasil.com.br\/wp-content\/uploads\/2025\/06\/WhatsApp-Image-2025-06-07-at-18.20.17-1024x682.jpeg\" alt=\"\" class=\"wp-image-71377\" srcset=\"https:\/\/mx1gpbrasil.alperprojetos.com.br\/wp-content\/uploads\/2025\/06\/WhatsApp-Image-2025-06-07-at-18.20.17-1024x682.jpeg 1024w, https:\/\/mx1gpbrasil.alperprojetos.com.br\/wp-content\/uploads\/2025\/06\/WhatsApp-Image-2025-06-07-at-18.20.17-300x200.jpeg 300w, https:\/\/mx1gpbrasil.alperprojetos.com.br\/wp-content\/uploads\/2025\/06\/WhatsApp-Image-2025-06-07-at-18.20.17-768x512.jpeg 768w, https:\/\/mx1gpbrasil.alperprojetos.com.br\/wp-content\/uploads\/2025\/06\/WhatsApp-Image-2025-06-07-at-18.20.17-128x85.jpeg 128w, https:\/\/mx1gpbrasil.alperprojetos.com.br\/wp-content\/uploads\/2025\/06\/WhatsApp-Image-2025-06-07-at-18.20.17-32x21.jpeg 32w, https:\/\/mx1gpbrasil.alperprojetos.com.br\/wp-content\/uploads\/2025\/06\/WhatsApp-Image-2025-06-07-at-18.20.17-600x400.jpeg 600w, https:\/\/mx1gpbrasil.alperprojetos.com.br\/wp-content\/uploads\/2025\/06\/WhatsApp-Image-2025-06-07-at-18.20.17.jpeg 1280w\" sizes=\"auto, (max-width: 1024px) 100vw, 1024px\" \/><\/figure>\n\n\n\n<p class=\"wp-block-paragraph\">Resultados:<\/p>\n\n\n\n<p class=\"wp-block-paragraph\"><strong>Categoria 65cc<\/strong><br>Henri Oliveira Krug<br>Jo\u00e3o Gabriel Wovst<br>Arthur Lourenzo Barbosa Rosa<br>Ronan Felipe Ramos Ramos<br>Henrique Spinass\u00e9<\/p>\n\n\n\n<figure class=\"wp-block-image size-large\"><img loading=\"lazy\" decoding=\"async\" width=\"1024\" height=\"682\" src=\"http:\/\/mx1gpbrasil.com.br\/wp-content\/uploads\/2025\/06\/WhatsApp-Image-2025-06-07-at-18.21.01-1024x682.jpeg\" alt=\"\" class=\"wp-image-71378\" srcset=\"https:\/\/mx1gpbrasil.alperprojetos.com.br\/wp-content\/uploads\/2025\/06\/WhatsApp-Image-2025-06-07-at-18.21.01-1024x682.jpeg 1024w, https:\/\/mx1gpbrasil.alperprojetos.com.br\/wp-content\/uploads\/2025\/06\/WhatsApp-Image-2025-06-07-at-18.21.01-300x200.jpeg 300w, https:\/\/mx1gpbrasil.alperprojetos.com.br\/wp-content\/uploads\/2025\/06\/WhatsApp-Image-2025-06-07-at-18.21.01-768x512.jpeg 768w, https:\/\/mx1gpbrasil.alperprojetos.com.br\/wp-content\/uploads\/2025\/06\/WhatsApp-Image-2025-06-07-at-18.21.01-128x85.jpeg 128w, https:\/\/mx1gpbrasil.alperprojetos.com.br\/wp-content\/uploads\/2025\/06\/WhatsApp-Image-2025-06-07-at-18.21.01-32x21.jpeg 32w, https:\/\/mx1gpbrasil.alperprojetos.com.br\/wp-content\/uploads\/2025\/06\/WhatsApp-Image-2025-06-07-at-18.21.01-600x400.jpeg 600w, https:\/\/mx1gpbrasil.alperprojetos.com.br\/wp-content\/uploads\/2025\/06\/WhatsApp-Image-2025-06-07-at-18.21.01.jpeg 1280w\" sizes=\"auto, (max-width: 1024px) 100vw, 1024px\" \/><\/figure>\n\n\n\n<p class=\"wp-block-paragraph\"><strong>Categoria MX3<\/strong><br>Rafael Faria<br>Anderson Amaral<br>Pedro Godoy<br>Cleiton Ferreira Borges<br>Guilherme Viana Costa Tavares<\/p>\n\n\n\n<figure class=\"wp-block-image size-large\"><img loading=\"lazy\" decoding=\"async\" width=\"1024\" height=\"682\" src=\"http:\/\/mx1gpbrasil.com.br\/wp-content\/uploads\/2025\/06\/WhatsApp-Image-2025-06-07-at-18.19.37-1024x682.jpeg\" alt=\"\" class=\"wp-image-71379\" srcset=\"https:\/\/mx1gpbrasil.alperprojetos.com.br\/wp-content\/uploads\/2025\/06\/WhatsApp-Image-2025-06-07-at-18.19.37-1024x682.jpeg 1024w, https:\/\/mx1gpbrasil.alperprojetos.com.br\/wp-content\/uploads\/2025\/06\/WhatsApp-Image-2025-06-07-at-18.19.37-300x200.jpeg 300w, https:\/\/mx1gpbrasil.alperprojetos.com.br\/wp-content\/uploads\/2025\/06\/WhatsApp-Image-2025-06-07-at-18.19.37-768x512.jpeg 768w, https:\/\/mx1gpbrasil.alperprojetos.com.br\/wp-content\/uploads\/2025\/06\/WhatsApp-Image-2025-06-07-at-18.19.37-128x85.jpeg 128w, https:\/\/mx1gpbrasil.alperprojetos.com.br\/wp-content\/uploads\/2025\/06\/WhatsApp-Image-2025-06-07-at-18.19.37-32x21.jpeg 32w, https:\/\/mx1gpbrasil.alperprojetos.com.br\/wp-content\/uploads\/2025\/06\/WhatsApp-Image-2025-06-07-at-18.19.37-600x400.jpeg 600w, https:\/\/mx1gpbrasil.alperprojetos.com.br\/wp-content\/uploads\/2025\/06\/WhatsApp-Image-2025-06-07-at-18.19.37.jpeg 1280w\" sizes=\"auto, (max-width: 1024px) 100vw, 1024px\" \/><\/figure>\n\n\n\n<p class=\"wp-block-paragraph\">As atividades continuam neste domingo (8), a partir das 8h da manh\u00e3, com os treinos livres e cronometrados, seguidos pelas corridas das categorias principais do final de semana.<br><br><br><\/p>\n\n\n\n<ol start=\"1\" class=\"wp-block-list\">\n<li><br><br><\/li>\n<\/ol>\n\n\n\n<p class=\"wp-block-paragraph\"><\/p>\n\n\n\n<ol start=\"1\" class=\"wp-block-list\">\n<li><br><br><\/li>\n<\/ol>\n\n\n\n<p class=\"wp-block-paragraph\"><\/p>\n\n\n\n<ol start=\"1\" class=\"wp-block-list\">\n<li><br><br><\/li>\n<\/ol>\n\n\n\n<p class=\"wp-block-paragraph\"><\/p>\n\n\n\n<ol start=\"1\" class=\"wp-block-list\">\n<li><br><br><\/li>\n<\/ol>\n\n\n\n<p class=\"wp-block-paragraph\"><\/p>\n\n\n\n<ol start=\"1\" class=\"wp-block-list\">\n<li><\/li>\n<\/ol>\n\n\n\n<p class=\"wp-block-paragraph\"><\/p>\n","protected":false},"excerpt":{"rendered":"<p>A 4\u00aa etapa do Campeonato Brasileiro de Motocross, MX1 GP Brasil Sportbay, come\u00e7ou com tudo neste s\u00e1bado (7), em Palmas, capital do Tocantins. Sob um calor intenso caracter\u00edstico da regi\u00e3o Norte e com arquibancadas repletas de um p\u00fablico vibrante e apaixonado pelo motocross, o evento teve in\u00edcio em clima de festa e com disputas eletrizantes, [&hellip;]<\/p>\n","protected":false},"author":1,"featured_media":71380,"comment_status":"closed","ping_status":"open","sticky":false,"template":"","format":"standard","meta":{"footnotes":""},"categories":[133],"tags":[],"class_list":["post-71373","post","type-post","status-publish","format-standard","has-post-thumbnail","hentry","category-motocross"],"_links":{"self":[{"href":"https:\/\/mx1gpbrasil.alperprojetos.com.br\/index.php\/wp-json\/wp\/v2\/posts\/71373","targetHints":{"allow":["GET"]}}],"collection":[{"href":"https:\/\/mx1gpbrasil.alperprojetos.com.br\/index.php\/wp-json\/wp\/v2\/posts"}],"about":[{"href":"https:\/\/mx1gpbrasil.alperprojetos.com.br\/index.php\/wp-json\/wp\/v2\/types\/post"}],"author":[{"embeddable":true,"href":"https:\/\/mx1gpbrasil.alperprojetos.com.br\/index.php\/wp-json\/wp\/v2\/users\/1"}],"replies":[{"embeddable":true,"href":"https:\/\/mx1gpbrasil.alperprojetos.com.br\/index.php\/wp-json\/wp\/v2\/comments?post=71373"}],"version-history":[{"count":0,"href":"https:\/\/mx1gpbrasil.alperprojetos.com.br\/index.php\/wp-json\/wp\/v2\/posts\/71373\/revisions"}],"wp:featuredmedia":[{"embeddable":true,"href":"https:\/\/mx1gpbrasil.alperprojetos.com.br\/index.php\/wp-json\/wp\/v2\/media\/71380"}],"wp:attachment":[{"href":"https:\/\/mx1gpbrasil.alperprojetos.com.br\/index.php\/wp-json\/wp\/v2\/media?parent=71373"}],"wp:term":[{"taxonomy":"category","embeddable":true,"href":"https:\/\/mx1gpbrasil.alperprojetos.com.br\/index.php\/wp-json\/wp\/v2\/categories?post=71373"},{"taxonomy":"post_tag","embeddable":true,"href":"https:\/\/mx1gpbrasil.alperprojetos.com.br\/index.php\/wp-json\/wp\/v2\/tags?post=71373"}],"curies":[{"name":"wp","href":"https:\/\/api.w.org\/{rel}","templated":true}]}}