{"id":71383,"date":"2025-06-08T19:34:32","date_gmt":"2025-06-08T22:34:32","guid":{"rendered":"http:\/\/mx1gpbrasil.com.br\/?p=71383"},"modified":"2025-06-08T19:34:32","modified_gmt":"2025-06-08T22:34:32","slug":"mx1-gp-brasil-domingo-em-palmas-to-e-marcado-por-provas-eletrizantes-e-reviravolta-na-disputa-pelo-titulo-da-categoria-principal","status":"publish","type":"post","link":"https:\/\/mx1gpbrasil.alperprojetos.com.br\/index.php\/2025\/06\/08\/mx1-gp-brasil-domingo-em-palmas-to-e-marcado-por-provas-eletrizantes-e-reviravolta-na-disputa-pelo-titulo-da-categoria-principal\/","title":{"rendered":"MX1 GP Brasil Sportbay: Domingo em Palmas\/TO foi marcado por um grande p\u00fablico, provas eletrizantes e reviravolta na disputa pelo t\u00edtulo da categoria principal"},"content":{"rendered":"\n<p class=\"wp-block-paragraph\">O segundo dia de competi\u00e7\u00f5es da <strong>4\u00aa Brasileiro de Motocross \u2013 MX1 GP Brasil Sportbay<\/strong>, em Palmas\/TO, foi repleto de emo\u00e7\u00e3o do in\u00edcio ao fim. Sob um forte calor, os apaixonados por duas rodas lotaram as arquibancadas e testemunharam corridas eletrizantes, al\u00e9m de grandes reviravoltas na classifica\u00e7\u00e3o.<\/p>\n\n\n\n<p class=\"wp-block-paragraph\">Na <strong>MX1<\/strong>, F\u00e1bio Santos reassumiu a lideran\u00e7a, enquanto <strong>Be Tib\u00fa<\/strong><strong>rcio<\/strong> manteve seu dom\u00ednio absoluto na MX2 e ampliou ainda mais sua vantagem no campeonato. J\u00e1 na <strong>MXF<\/strong> e <strong>MXJr<\/strong>, <strong>Luanna Neves<\/strong> e <strong>Francesco Copetti<\/strong> continuam em pleno dom\u00ednio de suas respectivas categorias.<\/p>\n\n\n\n<p class=\"wp-block-paragraph\">Atual campe\u00e3o da categoria principal, <strong>F\u00e1bio Santos<\/strong> venceu a soma geral e voltou \u00e0 lideran\u00e7a da <strong>MX1<\/strong>. Com um desempenho consistente (2-1 nas baterias), ele reassumiu a ponta do campeonato, abrindo 16 pontos de vantagem sobre <strong>Stephen Rubini<\/strong>.<\/p>\n\n\n\n<p class=\"wp-block-paragraph\">O vice-l\u00edder <strong>Rubini<\/strong> teve um dia complicado. Ap\u00f3s um 4\u00ba lugar na primeira bateria , o franc\u00eas sofreu uma forte queda na segunda corrida e, ao retornar \u00e0 pista, conseguiu apenas a <strong>9\u00aa coloca\u00e7\u00e3o<\/strong>, encerrando o dia como <strong>6\u00ba na soma geral<\/strong>.<\/p>\n\n\n\n<p class=\"wp-block-paragraph\">Vencedor da primeira bateria, <strong>Greg Aranda<\/strong> tamb\u00e9m enfrentou dificuldades, sofrendo uma queda na segunda prova e abandonando a disputa.<\/p>\n\n\n\n<p class=\"wp-block-paragraph\">Classifica\u00e7\u00e3o MX1 \u2013 Soma Geral<br>1 \u2013 F\u00e1bio Santos<br>2 \u2013 Jeremy Van Horebeek<br>3 \u2013 Gustavo Pessoa<br>4 \u2013 Hector Assun\u00e7\u00e3o<br>5 \u2013 Guilherme Bresolin<\/p>\n\n\n\n<figure class=\"wp-block-image size-large\"><img loading=\"lazy\" decoding=\"async\" width=\"1024\" height=\"682\" src=\"http:\/\/mx1gpbrasil.com.br\/wp-content\/uploads\/2025\/06\/WhatsApp-Image-2025-06-08-at-18.43.07-1024x682.jpeg\" alt=\"\" class=\"wp-image-71386\" srcset=\"https:\/\/mx1gpbrasil.alperprojetos.com.br\/wp-content\/uploads\/2025\/06\/WhatsApp-Image-2025-06-08-at-18.43.07-1024x682.jpeg 1024w, https:\/\/mx1gpbrasil.alperprojetos.com.br\/wp-content\/uploads\/2025\/06\/WhatsApp-Image-2025-06-08-at-18.43.07-300x200.jpeg 300w, https:\/\/mx1gpbrasil.alperprojetos.com.br\/wp-content\/uploads\/2025\/06\/WhatsApp-Image-2025-06-08-at-18.43.07-768x512.jpeg 768w, https:\/\/mx1gpbrasil.alperprojetos.com.br\/wp-content\/uploads\/2025\/06\/WhatsApp-Image-2025-06-08-at-18.43.07-1536x1023.jpeg 1536w, https:\/\/mx1gpbrasil.alperprojetos.com.br\/wp-content\/uploads\/2025\/06\/WhatsApp-Image-2025-06-08-at-18.43.07-128x85.jpeg 128w, https:\/\/mx1gpbrasil.alperprojetos.com.br\/wp-content\/uploads\/2025\/06\/WhatsApp-Image-2025-06-08-at-18.43.07-32x21.jpeg 32w, https:\/\/mx1gpbrasil.alperprojetos.com.br\/wp-content\/uploads\/2025\/06\/WhatsApp-Image-2025-06-08-at-18.43.07-600x400.jpeg 600w, https:\/\/mx1gpbrasil.alperprojetos.com.br\/wp-content\/uploads\/2025\/06\/WhatsApp-Image-2025-06-08-at-18.43.07.jpeg 1600w\" sizes=\"auto, (max-width: 1024px) 100vw, 1024px\" \/><\/figure>\n\n\n\n<p class=\"wp-block-paragraph\">Na MX2, <strong>Be Tib\u00fa<\/strong><strong>rcio<\/strong> teve mais um fim de semana perfeito, vencendo ambas as baterias com autoridade. O atual l\u00edder do campeonato disparou ainda mais na classifica\u00e7\u00e3o, aproveitando os abandonos de <strong>Benjamin Garib<\/strong> e <strong>Vitor Borba<\/strong> na segunda corrida.<\/p>\n\n\n\n<p class=\"wp-block-paragraph\">Classifica\u00e7\u00e3o MX2 \u2013 Soma Geral<br>1 \u2013 Be Tib\u00farcio<br>2 \u2013 German Bratschi<br>3 \u2013 Pietro Piroli<br>4 \u2013 Luiz Filipe Rocha<br>5 \u2013 Vitor Borba<\/p>\n\n\n\n<figure class=\"wp-block-image size-large\"><img loading=\"lazy\" decoding=\"async\" width=\"1024\" height=\"682\" src=\"http:\/\/mx1gpbrasil.com.br\/wp-content\/uploads\/2025\/06\/WhatsApp-Image-2025-06-08-at-18.43.08-2-1024x682.jpeg\" alt=\"\" class=\"wp-image-71387\" srcset=\"https:\/\/mx1gpbrasil.alperprojetos.com.br\/wp-content\/uploads\/2025\/06\/WhatsApp-Image-2025-06-08-at-18.43.08-2-1024x682.jpeg 1024w, https:\/\/mx1gpbrasil.alperprojetos.com.br\/wp-content\/uploads\/2025\/06\/WhatsApp-Image-2025-06-08-at-18.43.08-2-300x200.jpeg 300w, https:\/\/mx1gpbrasil.alperprojetos.com.br\/wp-content\/uploads\/2025\/06\/WhatsApp-Image-2025-06-08-at-18.43.08-2-768x512.jpeg 768w, https:\/\/mx1gpbrasil.alperprojetos.com.br\/wp-content\/uploads\/2025\/06\/WhatsApp-Image-2025-06-08-at-18.43.08-2-1536x1023.jpeg 1536w, https:\/\/mx1gpbrasil.alperprojetos.com.br\/wp-content\/uploads\/2025\/06\/WhatsApp-Image-2025-06-08-at-18.43.08-2-128x85.jpeg 128w, https:\/\/mx1gpbrasil.alperprojetos.com.br\/wp-content\/uploads\/2025\/06\/WhatsApp-Image-2025-06-08-at-18.43.08-2-32x21.jpeg 32w, https:\/\/mx1gpbrasil.alperprojetos.com.br\/wp-content\/uploads\/2025\/06\/WhatsApp-Image-2025-06-08-at-18.43.08-2-600x400.jpeg 600w, https:\/\/mx1gpbrasil.alperprojetos.com.br\/wp-content\/uploads\/2025\/06\/WhatsApp-Image-2025-06-08-at-18.43.08-2.jpeg 1600w\" sizes=\"auto, (max-width: 1024px) 100vw, 1024px\" \/><\/figure>\n\n\n\n<p class=\"wp-block-paragraph\">Na <strong>MXF<\/strong>, <strong>Luanna Neves<\/strong> segue mostrando superioridade e conquistou mais uma vit\u00f3ria na etapa, abrindo vantagem na lideran\u00e7a. Com um ritmo acima da m\u00e9dia, a piloto de apenas 15 anos chegou a dar uma volta na terceira colocada.<\/p>\n\n\n\n<p class=\"wp-block-paragraph\">1 \u2013 Luanna Neves<br>2 \u2013 Marcely Cazadini<br>3 \u2013 Alicia Sagae<br>4 \u2013 Larissa Silva<br>5 \u2013 Fernanda Fabris<\/p>\n\n\n\n<figure class=\"wp-block-image size-large\"><img loading=\"lazy\" decoding=\"async\" width=\"1024\" height=\"682\" src=\"http:\/\/mx1gpbrasil.com.br\/wp-content\/uploads\/2025\/06\/WhatsApp-Image-2025-06-08-at-18.43.08-4-1024x682.jpeg\" alt=\"\" class=\"wp-image-71388\" srcset=\"https:\/\/mx1gpbrasil.alperprojetos.com.br\/wp-content\/uploads\/2025\/06\/WhatsApp-Image-2025-06-08-at-18.43.08-4-1024x682.jpeg 1024w, https:\/\/mx1gpbrasil.alperprojetos.com.br\/wp-content\/uploads\/2025\/06\/WhatsApp-Image-2025-06-08-at-18.43.08-4-300x200.jpeg 300w, https:\/\/mx1gpbrasil.alperprojetos.com.br\/wp-content\/uploads\/2025\/06\/WhatsApp-Image-2025-06-08-at-18.43.08-4-768x512.jpeg 768w, https:\/\/mx1gpbrasil.alperprojetos.com.br\/wp-content\/uploads\/2025\/06\/WhatsApp-Image-2025-06-08-at-18.43.08-4-1536x1023.jpeg 1536w, https:\/\/mx1gpbrasil.alperprojetos.com.br\/wp-content\/uploads\/2025\/06\/WhatsApp-Image-2025-06-08-at-18.43.08-4-128x85.jpeg 128w, https:\/\/mx1gpbrasil.alperprojetos.com.br\/wp-content\/uploads\/2025\/06\/WhatsApp-Image-2025-06-08-at-18.43.08-4-32x21.jpeg 32w, https:\/\/mx1gpbrasil.alperprojetos.com.br\/wp-content\/uploads\/2025\/06\/WhatsApp-Image-2025-06-08-at-18.43.08-4-600x400.jpeg 600w, https:\/\/mx1gpbrasil.alperprojetos.com.br\/wp-content\/uploads\/2025\/06\/WhatsApp-Image-2025-06-08-at-18.43.08-4.jpeg 1600w\" sizes=\"auto, (max-width: 1024px) 100vw, 1024px\" \/><\/figure>\n\n\n\n<p class=\"wp-block-paragraph\">A MXJr continua sob o comando de <strong>Francesco Copetti<\/strong>, que mant\u00e9m um aproveitamento perfeito na competi\u00e7\u00e3o. Mesmo pressionado por <strong>Zion Bertchold<\/strong> nas voltas finais, o argentino venceu mais uma prova, cruzando a linha de chegada com uma diferen\u00e7a m\u00ednima em rela\u00e7\u00e3o ao piloto brasileiro.<\/p>\n\n\n\n<p class=\"wp-block-paragraph\">1 \u2013 Francesco Copetti<br>2 \u2013 Zion Bertchold<br>3 \u2013 Enzo Fialho<br>4 \u2013 Lorenzo Ricken<br>5 \u2013 Heitor Matos<\/p>\n\n\n\n<figure class=\"wp-block-image size-large\"><img loading=\"lazy\" decoding=\"async\" width=\"1024\" height=\"682\" src=\"http:\/\/mx1gpbrasil.com.br\/wp-content\/uploads\/2025\/06\/WhatsApp-Image-2025-06-08-at-18.43.08-1024x682.jpeg\" alt=\"\" class=\"wp-image-71389\" srcset=\"https:\/\/mx1gpbrasil.alperprojetos.com.br\/wp-content\/uploads\/2025\/06\/WhatsApp-Image-2025-06-08-at-18.43.08-1024x682.jpeg 1024w, https:\/\/mx1gpbrasil.alperprojetos.com.br\/wp-content\/uploads\/2025\/06\/WhatsApp-Image-2025-06-08-at-18.43.08-300x200.jpeg 300w, https:\/\/mx1gpbrasil.alperprojetos.com.br\/wp-content\/uploads\/2025\/06\/WhatsApp-Image-2025-06-08-at-18.43.08-768x512.jpeg 768w, https:\/\/mx1gpbrasil.alperprojetos.com.br\/wp-content\/uploads\/2025\/06\/WhatsApp-Image-2025-06-08-at-18.43.08-1536x1023.jpeg 1536w, https:\/\/mx1gpbrasil.alperprojetos.com.br\/wp-content\/uploads\/2025\/06\/WhatsApp-Image-2025-06-08-at-18.43.08-128x85.jpeg 128w, https:\/\/mx1gpbrasil.alperprojetos.com.br\/wp-content\/uploads\/2025\/06\/WhatsApp-Image-2025-06-08-at-18.43.08-32x21.jpeg 32w, https:\/\/mx1gpbrasil.alperprojetos.com.br\/wp-content\/uploads\/2025\/06\/WhatsApp-Image-2025-06-08-at-18.43.08-600x400.jpeg 600w, https:\/\/mx1gpbrasil.alperprojetos.com.br\/wp-content\/uploads\/2025\/06\/WhatsApp-Image-2025-06-08-at-18.43.08.jpeg 1600w\" sizes=\"auto, (max-width: 1024px) 100vw, 1024px\" \/><\/figure>\n\n\n\n<p class=\"wp-block-paragraph\">O MX1 GP Brasil Sportbay retorna entre os dias 18 e 20 de julho, com uma rodada dupla em Santa Cruz do Capibaribe\/PE. Aguardamos a todos.<\/p>\n","protected":false},"excerpt":{"rendered":"<p>O segundo dia de competi\u00e7\u00f5es da 4\u00aa Brasileiro de Motocross \u2013 MX1 GP Brasil Sportbay, em Palmas\/TO, foi repleto de emo\u00e7\u00e3o do in\u00edcio ao fim. Sob um forte calor, os apaixonados por duas rodas lotaram as arquibancadas e testemunharam corridas eletrizantes, al\u00e9m de grandes reviravoltas na classifica\u00e7\u00e3o. Na MX1, F\u00e1bio Santos reassumiu a lideran\u00e7a, enquanto [&hellip;]<\/p>\n","protected":false},"author":1,"featured_media":71392,"comment_status":"closed","ping_status":"open","sticky":false,"template":"","format":"standard","meta":{"footnotes":""},"categories":[133],"tags":[],"class_list":["post-71383","post","type-post","status-publish","format-standard","has-post-thumbnail","hentry","category-motocross"],"_links":{"self":[{"href":"https:\/\/mx1gpbrasil.alperprojetos.com.br\/index.php\/wp-json\/wp\/v2\/posts\/71383","targetHints":{"allow":["GET"]}}],"collection":[{"href":"https:\/\/mx1gpbrasil.alperprojetos.com.br\/index.php\/wp-json\/wp\/v2\/posts"}],"about":[{"href":"https:\/\/mx1gpbrasil.alperprojetos.com.br\/index.php\/wp-json\/wp\/v2\/types\/post"}],"author":[{"embeddable":true,"href":"https:\/\/mx1gpbrasil.alperprojetos.com.br\/index.php\/wp-json\/wp\/v2\/users\/1"}],"replies":[{"embeddable":true,"href":"https:\/\/mx1gpbrasil.alperprojetos.com.br\/index.php\/wp-json\/wp\/v2\/comments?post=71383"}],"version-history":[{"count":0,"href":"https:\/\/mx1gpbrasil.alperprojetos.com.br\/index.php\/wp-json\/wp\/v2\/posts\/71383\/revisions"}],"wp:featuredmedia":[{"embeddable":true,"href":"https:\/\/mx1gpbrasil.alperprojetos.com.br\/index.php\/wp-json\/wp\/v2\/media\/71392"}],"wp:attachment":[{"href":"https:\/\/mx1gpbrasil.alperprojetos.com.br\/index.php\/wp-json\/wp\/v2\/media?parent=71383"}],"wp:term":[{"taxonomy":"category","embeddable":true,"href":"https:\/\/mx1gpbrasil.alperprojetos.com.br\/index.php\/wp-json\/wp\/v2\/categories?post=71383"},{"taxonomy":"post_tag","embeddable":true,"href":"https:\/\/mx1gpbrasil.alperprojetos.com.br\/index.php\/wp-json\/wp\/v2\/tags?post=71383"}],"curies":[{"name":"wp","href":"https:\/\/api.w.org\/{rel}","templated":true}]}}