{"id":71418,"date":"2025-06-16T08:45:07","date_gmt":"2025-06-16T11:45:07","guid":{"rendered":"https:\/\/mx1gpbrasil.com.br\/?p=71418"},"modified":"2025-06-16T08:45:07","modified_gmt":"2025-06-16T11:45:07","slug":"terceira-etapa-do-brasileiro-de-motocross-para-mx4-e-mx5-foi-disputada-em-campos-dos-goytacazes-rj","status":"publish","type":"post","link":"https:\/\/mx1gpbrasil.alperprojetos.com.br\/index.php\/2025\/06\/16\/terceira-etapa-do-brasileiro-de-motocross-para-mx4-e-mx5-foi-disputada-em-campos-dos-goytacazes-rj\/","title":{"rendered":"Terceira etapa do MX1 GP Brasil Sportbay para MX4 e MX5 foi disputada em Campos dos Goytacazes\/RJ"},"content":{"rendered":"\n<p class=\"wp-block-paragraph\">O munic\u00edpio de Campos dos Goytacazes, no norte fluminense, recebeu a terceira etapa das categorias MX4 e MX5 do MX1 GP Brasil Sportbay 2025, junto \u00e0 abertura do Campeonato Carioca. O evento aconteceu neste fim de semana, dias 14 e 15 de junho, em uma parceria com o Campeonato Estadual, reunindo um grande n\u00famero de pilotos.<\/p>\n\n\n\n<p class=\"wp-block-paragraph\">A pista, localizada ao lado do CEPOP, \u00e9 a mesma que recebeu o Carioca na temporada passada \u2014 e, mais uma vez, se mostrou bem cuidada, oferecendo condi\u00e7\u00f5es ideais para os pilotos explorarem todo o seu potencial. O evento foi v\u00e1lido tamb\u00e9m como a grande final do Campeonato Estadual de 2024.<\/p>\n\n\n\n<p class=\"wp-block-paragraph\"><strong>Na categoria MX5, o grande vencedor foi Willian Guimar\u00e3es<\/strong>, atual l\u00edder da categoria, que, com esse resultado, soma pontos importantes para se manter na lideran\u00e7a e brigar pelo t\u00edtulo. O segundo colocado foi Walter Tardin, seguido de Alessandro Martins.<\/p>\n\n\n\n<p class=\"wp-block-paragraph\">1 &#8211; Willian Guimaraes<br>2 &#8211; Walter Tardin<br>3 &#8211; Alessandro Martins<br>4 &#8211; Gustavo De Oliveira<br>5 &#8211; Jorge Negreti<\/p>\n\n\n\n<figure class=\"wp-block-image size-large\"><img loading=\"lazy\" decoding=\"async\" width=\"1024\" height=\"563\" src=\"https:\/\/mx1gpbrasil.com.br\/wp-content\/uploads\/2025\/06\/WhatsApp-Image-2025-06-14-at-16.57.13-1024x563.jpeg\" alt=\"\" class=\"wp-image-71419\" srcset=\"https:\/\/mx1gpbrasil.alperprojetos.com.br\/wp-content\/uploads\/2025\/06\/WhatsApp-Image-2025-06-14-at-16.57.13-1024x563.jpeg 1024w, https:\/\/mx1gpbrasil.alperprojetos.com.br\/wp-content\/uploads\/2025\/06\/WhatsApp-Image-2025-06-14-at-16.57.13-300x165.jpeg 300w, https:\/\/mx1gpbrasil.alperprojetos.com.br\/wp-content\/uploads\/2025\/06\/WhatsApp-Image-2025-06-14-at-16.57.13-768x422.jpeg 768w, https:\/\/mx1gpbrasil.alperprojetos.com.br\/wp-content\/uploads\/2025\/06\/WhatsApp-Image-2025-06-14-at-16.57.13-1536x845.jpeg 1536w, https:\/\/mx1gpbrasil.alperprojetos.com.br\/wp-content\/uploads\/2025\/06\/WhatsApp-Image-2025-06-14-at-16.57.13-128x70.jpeg 128w, https:\/\/mx1gpbrasil.alperprojetos.com.br\/wp-content\/uploads\/2025\/06\/WhatsApp-Image-2025-06-14-at-16.57.13-32x18.jpeg 32w, https:\/\/mx1gpbrasil.alperprojetos.com.br\/wp-content\/uploads\/2025\/06\/WhatsApp-Image-2025-06-14-at-16.57.13-600x330.jpeg 600w, https:\/\/mx1gpbrasil.alperprojetos.com.br\/wp-content\/uploads\/2025\/06\/WhatsApp-Image-2025-06-14-at-16.57.13.jpeg 1600w\" sizes=\"auto, (max-width: 1024px) 100vw, 1024px\" \/><\/figure>\n\n\n\n<p class=\"wp-block-paragraph\"><strong>J\u00e1 na categoria MX4, a vit\u00f3ria ficou com Marcus Vinicius, mais conhecido como &#8220;Mano&#8221;.<\/strong> Mano tamb\u00e9m se mant\u00e9m na lideran\u00e7a do campeonato e soma pontos importantes rumo ao t\u00edtulo de campe\u00e3o de 2025. O segundo colocado foi Daniel Pessanha, seguido de Jo\u00e3o Vitor Cardeli.<\/p>\n\n\n\n<p class=\"wp-block-paragraph\">1 &#8211; Marcus Vinicius Ribeiro (MANO)<br>2 &#8211; Daniel Pessanha<br>3 &#8211; Jo\u00e3o Vitor Cardeli<br>4 &#8211; Cristian Kehl <br>5 &#8211; Rodrigo Galiotto<\/p>\n\n\n\n<figure class=\"wp-block-image size-large\"><img loading=\"lazy\" decoding=\"async\" width=\"1024\" height=\"460\" src=\"https:\/\/mx1gpbrasil.com.br\/wp-content\/uploads\/2025\/06\/WhatsApp-Image-2025-06-15-at-15.52.22-1024x460.jpeg\" alt=\"\" class=\"wp-image-71420\" srcset=\"https:\/\/mx1gpbrasil.alperprojetos.com.br\/wp-content\/uploads\/2025\/06\/WhatsApp-Image-2025-06-15-at-15.52.22-1024x460.jpeg 1024w, https:\/\/mx1gpbrasil.alperprojetos.com.br\/wp-content\/uploads\/2025\/06\/WhatsApp-Image-2025-06-15-at-15.52.22-300x135.jpeg 300w, https:\/\/mx1gpbrasil.alperprojetos.com.br\/wp-content\/uploads\/2025\/06\/WhatsApp-Image-2025-06-15-at-15.52.22-768x345.jpeg 768w, https:\/\/mx1gpbrasil.alperprojetos.com.br\/wp-content\/uploads\/2025\/06\/WhatsApp-Image-2025-06-15-at-15.52.22-1536x690.jpeg 1536w, https:\/\/mx1gpbrasil.alperprojetos.com.br\/wp-content\/uploads\/2025\/06\/WhatsApp-Image-2025-06-15-at-15.52.22-128x58.jpeg 128w, https:\/\/mx1gpbrasil.alperprojetos.com.br\/wp-content\/uploads\/2025\/06\/WhatsApp-Image-2025-06-15-at-15.52.22-32x14.jpeg 32w, https:\/\/mx1gpbrasil.alperprojetos.com.br\/wp-content\/uploads\/2025\/06\/WhatsApp-Image-2025-06-15-at-15.52.22-600x270.jpeg 600w, https:\/\/mx1gpbrasil.alperprojetos.com.br\/wp-content\/uploads\/2025\/06\/WhatsApp-Image-2025-06-15-at-15.52.22.jpeg 1600w\" sizes=\"auto, (max-width: 1024px) 100vw, 1024px\" \/><\/figure>\n\n\n\n<p class=\"wp-block-paragraph\">Al\u00e9m da etapa nacional, o evento foi tamb\u00e9m uma grande celebra\u00e7\u00e3o do motocross estadual. A uni\u00e3o entre o MX1 GP Brasil Sportbay e o Campeonato Carioca movimentou o cen\u00e1rio local e fortaleceu os la\u00e7os entre pilotos, equipes e organizadores. A presen\u00e7a de atletas de todo o Brasil elevou o n\u00edvel t\u00e9cnico das provas, servindo de inspira\u00e7\u00e3o para os talentos da casa. A realiza\u00e7\u00e3o desta etapa, em conjunto com o evento regional, contou com a participa\u00e7\u00e3o, o apoio e a supervis\u00e3o da Confedera\u00e7\u00e3o Brasileira de Motociclismo (CBM).<\/p>\n\n\n\n<p class=\"wp-block-paragraph\"><strong>E n\u00f3s, do MX1 GP Brasil Sportbay, temos um encontro marcado nos dias 18, 19 e 20 de julho, em Santa Cruz do Capibaribe, para a 5\u00aa e 6\u00aa etapas.<\/strong> Aproveite esta oportunidade de ficar ainda mais pr\u00f3ximo de seus \u00eddolos!<\/p>\n\n\n\n<p class=\"wp-block-paragraph\"><br><\/p>\n\n\n\n<p class=\"wp-block-paragraph\"><\/p>\n","protected":false},"excerpt":{"rendered":"<p>O munic\u00edpio de Campos dos Goytacazes, no norte fluminense, recebeu a terceira etapa das categorias MX4 e MX5 do MX1 GP Brasil Sportbay 2025, junto \u00e0 abertura do Campeonato Carioca. O evento aconteceu neste fim de semana, dias 14 e 15 de junho, em uma parceria com o Campeonato Estadual, reunindo um grande n\u00famero de [&hellip;]<\/p>\n","protected":false},"author":1,"featured_media":71423,"comment_status":"closed","ping_status":"open","sticky":false,"template":"","format":"standard","meta":{"footnotes":""},"categories":[133],"tags":[],"class_list":["post-71418","post","type-post","status-publish","format-standard","has-post-thumbnail","hentry","category-motocross"],"_links":{"self":[{"href":"https:\/\/mx1gpbrasil.alperprojetos.com.br\/index.php\/wp-json\/wp\/v2\/posts\/71418","targetHints":{"allow":["GET"]}}],"collection":[{"href":"https:\/\/mx1gpbrasil.alperprojetos.com.br\/index.php\/wp-json\/wp\/v2\/posts"}],"about":[{"href":"https:\/\/mx1gpbrasil.alperprojetos.com.br\/index.php\/wp-json\/wp\/v2\/types\/post"}],"author":[{"embeddable":true,"href":"https:\/\/mx1gpbrasil.alperprojetos.com.br\/index.php\/wp-json\/wp\/v2\/users\/1"}],"replies":[{"embeddable":true,"href":"https:\/\/mx1gpbrasil.alperprojetos.com.br\/index.php\/wp-json\/wp\/v2\/comments?post=71418"}],"version-history":[{"count":0,"href":"https:\/\/mx1gpbrasil.alperprojetos.com.br\/index.php\/wp-json\/wp\/v2\/posts\/71418\/revisions"}],"wp:featuredmedia":[{"embeddable":true,"href":"https:\/\/mx1gpbrasil.alperprojetos.com.br\/index.php\/wp-json\/wp\/v2\/media\/71423"}],"wp:attachment":[{"href":"https:\/\/mx1gpbrasil.alperprojetos.com.br\/index.php\/wp-json\/wp\/v2\/media?parent=71418"}],"wp:term":[{"taxonomy":"category","embeddable":true,"href":"https:\/\/mx1gpbrasil.alperprojetos.com.br\/index.php\/wp-json\/wp\/v2\/categories?post=71418"},{"taxonomy":"post_tag","embeddable":true,"href":"https:\/\/mx1gpbrasil.alperprojetos.com.br\/index.php\/wp-json\/wp\/v2\/tags?post=71418"}],"curies":[{"name":"wp","href":"https:\/\/api.w.org\/{rel}","templated":true}]}}