{"id":71428,"date":"2025-06-17T16:27:12","date_gmt":"2025-06-17T19:27:12","guid":{"rendered":"https:\/\/mx1gpbrasil.com.br\/?p=71428"},"modified":"2025-06-17T16:27:12","modified_gmt":"2025-06-17T19:27:12","slug":"mais-de-uma-decada-depois-o-nordeste-volta-a-respirar-motocross-com-a-estreia-historica-do-mx1-gp-brasil-sportbay-em-santa-cruz-do-capibaribe","status":"publish","type":"post","link":"https:\/\/mx1gpbrasil.alperprojetos.com.br\/index.php\/2025\/06\/17\/mais-de-uma-decada-depois-o-nordeste-volta-a-respirar-motocross-com-a-estreia-historica-do-mx1-gp-brasil-sportbay-em-santa-cruz-do-capibaribe\/","title":{"rendered":"Mais de uma d\u00e9cada depois, o Nordeste volta a respirar motocross com a estreia hist\u00f3rica do MX1 GP Brasil Sportbay em Santa Cruz do Capibaribe"},"content":{"rendered":"\n<p class=\"wp-block-paragraph\">Prepare o cora\u00e7\u00e3o: Santa Cruz do Capibaribe entra para o mapa do motocross nacional \u2014 e o cora\u00e7\u00e3o da cidade j\u00e1 bate mais forte! Pela <strong>primeira vez na hist\u00f3ria<\/strong>, o munic\u00edpio pernambucano recebe uma etapa do <strong>MX1 GP Brasil Sportbay<\/strong>, o maior campeonato da Am\u00e9rica Latina.<\/p>\n\n\n\n<p class=\"wp-block-paragraph\">Com rodada dupla, a 5\u00aa e 6\u00aa etapa acontece entre os dias <strong>18 e 20 de julho<\/strong>, marcando o <strong>retorno triunfal do campeonato ao Nordeste<\/strong>, ap\u00f3s <strong>mais de uma d\u00e9cada de aus\u00eancia<\/strong> \u2014 a \u00faltima vez foi em 2012. Desde ent\u00e3o, o povo nordestino aguardava com ansiedade a volta da competi\u00e7\u00e3o. E agora, a espera acabou: <strong>a sede por adrenalina ser\u00e1 saciada com uma etapa que promete entrar para a hist\u00f3ria.<\/strong><\/p>\n\n\n\n<p class=\"wp-block-paragraph\">O palco dessa festa \u00e9 uma <strong>pista de aproximadamente 1.850 metros<\/strong>, com tra\u00e7ado de <strong>m\u00e9dia a alta velocidade<\/strong> em <strong>terreno arenoso<\/strong>, exigente e t\u00e9cnico, localizada na ROD. PE150 &#8211; KM16. A estrutura j\u00e1 est\u00e1 sendo preparada para receber <strong>os melhores pilotos do Brasil e do Mundo<\/strong>, com um espa\u00e7o ainda mais especial para o p\u00fablico vibrar e poder ficar perto de seus \u00eddolos.<\/p>\n\n\n\n<p class=\"wp-block-paragraph\">As inscri\u00e7\u00f5es antecipadas ser\u00e3o abertas no dia 26 de junho e seguem at\u00e9 16 de julho, \u00e0s 18h. Todas as inscri\u00e7\u00f5es devem ser feitas exclusivamente pelo site: <a class=\"\" href=\"https:\/\/eventos.sportbay.com.br\/eventos\">https:\/\/eventos.sportbay.com.br\/eventos<\/a>.<\/p>\n\n\n\n<p class=\"wp-block-paragraph\">O credenciamento para a imprensa estar\u00e1 dispon\u00edvel de 27 de junho a 4 de julho, tamb\u00e9m at\u00e9 \u00e0s 18h. Refor\u00e7amos que, ap\u00f3s esse prazo, n\u00e3o ser\u00e3o aceitos novos pedidos. As respostas aos credenciados ser\u00e3o enviadas ap\u00f3s o encerramento do per\u00edodo.<\/p>\n\n\n\n<p class=\"wp-block-paragraph\">Tanto o formul\u00e1rio de credenciamento quanto o regulamento completo est\u00e3o dispon\u00edveis no site oficial, na aba &#8220;Imprensa&#8221;.<\/p>\n\n\n\n<h3 class=\"wp-block-heading\" style=\"font-size:20px\"><strong>Confira a programa\u00e7\u00e3o completa:<\/strong><\/h3>\n\n\n\n<figure class=\"wp-block-image size-full is-resized\"><img loading=\"lazy\" decoding=\"async\" width=\"1241\" height=\"1755\" src=\"https:\/\/mx1gpbrasil.com.br\/wp-content\/uploads\/2025\/06\/Programacao-5a-e-6a-etapa-Santa-Cruz-do-Capibaribe-PE_page-0001.jpg\" alt=\"\" class=\"wp-image-71429\" style=\"width:641px;height:auto\" srcset=\"https:\/\/mx1gpbrasil.alperprojetos.com.br\/wp-content\/uploads\/2025\/06\/Programacao-5a-e-6a-etapa-Santa-Cruz-do-Capibaribe-PE_page-0001.jpg 1241w, https:\/\/mx1gpbrasil.alperprojetos.com.br\/wp-content\/uploads\/2025\/06\/Programacao-5a-e-6a-etapa-Santa-Cruz-do-Capibaribe-PE_page-0001-212x300.jpg 212w, https:\/\/mx1gpbrasil.alperprojetos.com.br\/wp-content\/uploads\/2025\/06\/Programacao-5a-e-6a-etapa-Santa-Cruz-do-Capibaribe-PE_page-0001-724x1024.jpg 724w, https:\/\/mx1gpbrasil.alperprojetos.com.br\/wp-content\/uploads\/2025\/06\/Programacao-5a-e-6a-etapa-Santa-Cruz-do-Capibaribe-PE_page-0001-768x1086.jpg 768w, https:\/\/mx1gpbrasil.alperprojetos.com.br\/wp-content\/uploads\/2025\/06\/Programacao-5a-e-6a-etapa-Santa-Cruz-do-Capibaribe-PE_page-0001-1086x1536.jpg 1086w, https:\/\/mx1gpbrasil.alperprojetos.com.br\/wp-content\/uploads\/2025\/06\/Programacao-5a-e-6a-etapa-Santa-Cruz-do-Capibaribe-PE_page-0001-91x128.jpg 91w, https:\/\/mx1gpbrasil.alperprojetos.com.br\/wp-content\/uploads\/2025\/06\/Programacao-5a-e-6a-etapa-Santa-Cruz-do-Capibaribe-PE_page-0001-23x32.jpg 23w, https:\/\/mx1gpbrasil.alperprojetos.com.br\/wp-content\/uploads\/2025\/06\/Programacao-5a-e-6a-etapa-Santa-Cruz-do-Capibaribe-PE_page-0001-600x849.jpg 600w\" sizes=\"auto, (max-width: 1241px) 100vw, 1241px\" \/><\/figure>\n\n\n\n<figure class=\"wp-block-image size-full is-resized\"><img loading=\"lazy\" decoding=\"async\" width=\"1241\" height=\"1755\" src=\"https:\/\/mx1gpbrasil.com.br\/wp-content\/uploads\/2025\/06\/Programacao-5a-e-6a-etapa-Santa-Cruz-do-Capibaribe-PE_page-0002.jpg\" alt=\"\" class=\"wp-image-71430\" style=\"width:640px\" srcset=\"https:\/\/mx1gpbrasil.alperprojetos.com.br\/wp-content\/uploads\/2025\/06\/Programacao-5a-e-6a-etapa-Santa-Cruz-do-Capibaribe-PE_page-0002.jpg 1241w, https:\/\/mx1gpbrasil.alperprojetos.com.br\/wp-content\/uploads\/2025\/06\/Programacao-5a-e-6a-etapa-Santa-Cruz-do-Capibaribe-PE_page-0002-212x300.jpg 212w, https:\/\/mx1gpbrasil.alperprojetos.com.br\/wp-content\/uploads\/2025\/06\/Programacao-5a-e-6a-etapa-Santa-Cruz-do-Capibaribe-PE_page-0002-724x1024.jpg 724w, https:\/\/mx1gpbrasil.alperprojetos.com.br\/wp-content\/uploads\/2025\/06\/Programacao-5a-e-6a-etapa-Santa-Cruz-do-Capibaribe-PE_page-0002-768x1086.jpg 768w, https:\/\/mx1gpbrasil.alperprojetos.com.br\/wp-content\/uploads\/2025\/06\/Programacao-5a-e-6a-etapa-Santa-Cruz-do-Capibaribe-PE_page-0002-1086x1536.jpg 1086w, https:\/\/mx1gpbrasil.alperprojetos.com.br\/wp-content\/uploads\/2025\/06\/Programacao-5a-e-6a-etapa-Santa-Cruz-do-Capibaribe-PE_page-0002-91x128.jpg 91w, https:\/\/mx1gpbrasil.alperprojetos.com.br\/wp-content\/uploads\/2025\/06\/Programacao-5a-e-6a-etapa-Santa-Cruz-do-Capibaribe-PE_page-0002-23x32.jpg 23w, https:\/\/mx1gpbrasil.alperprojetos.com.br\/wp-content\/uploads\/2025\/06\/Programacao-5a-e-6a-etapa-Santa-Cruz-do-Capibaribe-PE_page-0002-600x849.jpg 600w\" sizes=\"auto, (max-width: 1241px) 100vw, 1241px\" \/><\/figure>\n\n\n\n<figure class=\"wp-block-image size-full is-resized\"><img loading=\"lazy\" decoding=\"async\" width=\"1241\" height=\"1755\" src=\"https:\/\/mx1gpbrasil.com.br\/wp-content\/uploads\/2025\/06\/Programacao-5a-e-6a-etapa-Santa-Cruz-do-Capibaribe-PE_page-0003.jpg\" alt=\"\" class=\"wp-image-71431\" style=\"width:640px\" srcset=\"https:\/\/mx1gpbrasil.alperprojetos.com.br\/wp-content\/uploads\/2025\/06\/Programacao-5a-e-6a-etapa-Santa-Cruz-do-Capibaribe-PE_page-0003.jpg 1241w, https:\/\/mx1gpbrasil.alperprojetos.com.br\/wp-content\/uploads\/2025\/06\/Programacao-5a-e-6a-etapa-Santa-Cruz-do-Capibaribe-PE_page-0003-212x300.jpg 212w, https:\/\/mx1gpbrasil.alperprojetos.com.br\/wp-content\/uploads\/2025\/06\/Programacao-5a-e-6a-etapa-Santa-Cruz-do-Capibaribe-PE_page-0003-724x1024.jpg 724w, https:\/\/mx1gpbrasil.alperprojetos.com.br\/wp-content\/uploads\/2025\/06\/Programacao-5a-e-6a-etapa-Santa-Cruz-do-Capibaribe-PE_page-0003-768x1086.jpg 768w, https:\/\/mx1gpbrasil.alperprojetos.com.br\/wp-content\/uploads\/2025\/06\/Programacao-5a-e-6a-etapa-Santa-Cruz-do-Capibaribe-PE_page-0003-1086x1536.jpg 1086w, https:\/\/mx1gpbrasil.alperprojetos.com.br\/wp-content\/uploads\/2025\/06\/Programacao-5a-e-6a-etapa-Santa-Cruz-do-Capibaribe-PE_page-0003-91x128.jpg 91w, https:\/\/mx1gpbrasil.alperprojetos.com.br\/wp-content\/uploads\/2025\/06\/Programacao-5a-e-6a-etapa-Santa-Cruz-do-Capibaribe-PE_page-0003-23x32.jpg 23w, https:\/\/mx1gpbrasil.alperprojetos.com.br\/wp-content\/uploads\/2025\/06\/Programacao-5a-e-6a-etapa-Santa-Cruz-do-Capibaribe-PE_page-0003-600x849.jpg 600w\" sizes=\"auto, (max-width: 1241px) 100vw, 1241px\" \/><\/figure>\n\n\n\n<figure class=\"wp-block-image size-full is-resized\"><img loading=\"lazy\" decoding=\"async\" width=\"1241\" height=\"1755\" src=\"https:\/\/mx1gpbrasil.com.br\/wp-content\/uploads\/2025\/06\/Programacao-5a-e-6a-etapa-Santa-Cruz-do-Capibaribe-PE_page-0004.jpg\" alt=\"\" class=\"wp-image-71432\" style=\"width:640px\" srcset=\"https:\/\/mx1gpbrasil.alperprojetos.com.br\/wp-content\/uploads\/2025\/06\/Programacao-5a-e-6a-etapa-Santa-Cruz-do-Capibaribe-PE_page-0004.jpg 1241w, https:\/\/mx1gpbrasil.alperprojetos.com.br\/wp-content\/uploads\/2025\/06\/Programacao-5a-e-6a-etapa-Santa-Cruz-do-Capibaribe-PE_page-0004-212x300.jpg 212w, https:\/\/mx1gpbrasil.alperprojetos.com.br\/wp-content\/uploads\/2025\/06\/Programacao-5a-e-6a-etapa-Santa-Cruz-do-Capibaribe-PE_page-0004-724x1024.jpg 724w, https:\/\/mx1gpbrasil.alperprojetos.com.br\/wp-content\/uploads\/2025\/06\/Programacao-5a-e-6a-etapa-Santa-Cruz-do-Capibaribe-PE_page-0004-768x1086.jpg 768w, https:\/\/mx1gpbrasil.alperprojetos.com.br\/wp-content\/uploads\/2025\/06\/Programacao-5a-e-6a-etapa-Santa-Cruz-do-Capibaribe-PE_page-0004-1086x1536.jpg 1086w, https:\/\/mx1gpbrasil.alperprojetos.com.br\/wp-content\/uploads\/2025\/06\/Programacao-5a-e-6a-etapa-Santa-Cruz-do-Capibaribe-PE_page-0004-91x128.jpg 91w, https:\/\/mx1gpbrasil.alperprojetos.com.br\/wp-content\/uploads\/2025\/06\/Programacao-5a-e-6a-etapa-Santa-Cruz-do-Capibaribe-PE_page-0004-23x32.jpg 23w, https:\/\/mx1gpbrasil.alperprojetos.com.br\/wp-content\/uploads\/2025\/06\/Programacao-5a-e-6a-etapa-Santa-Cruz-do-Capibaribe-PE_page-0004-600x849.jpg 600w\" sizes=\"auto, (max-width: 1241px) 100vw, 1241px\" \/><\/figure>\n\n\n\n<h3 class=\"wp-block-heading\">Mais que uma corrida: uma celebra\u00e7\u00e3o de cultura, esporte e identidade nordestina<\/h3>\n\n\n\n<p class=\"wp-block-paragraph\">Santa Cruz do Capibaribe \u00e9 muito mais que o ber\u00e7o da moda e do empreendedorismo no agreste pernambucano. A cidade \u00e9 um caldeir\u00e3o efervescente de cultura, natureza e tradi\u00e7\u00e3o. Entre seus cart\u00f5es-postais est\u00e1 a imponente <strong>Serra do Par\u00e1<\/strong>, ref\u00fagio de aventureiros e amantes da natureza, ideal para trilhas e momentos de contempla\u00e7\u00e3o.<\/p>\n\n\n\n<p class=\"wp-block-paragraph\">Eventos como o <strong>S\u00e3o Jo\u00e3o da Moda<\/strong> e o encantador <strong>Natal Encantado<\/strong> mostram a for\u00e7a cultural da cidade, que agora amplia ainda mais seu protagonismo ao se tornar um <strong>novo polo do motocross nacional<\/strong>.<\/p>\n\n\n\n<h3 class=\"wp-block-heading\">O Nordeste vai fazer hist\u00f3ria, e voc\u00ea vai estar l\u00e1!<\/h3>\n\n\n\n<p class=\"wp-block-paragraph\">O sentimento nas ruas j\u00e1 \u00e9 de contagem regressiva. A <strong>expectativa \u00e9 gigantesca<\/strong>. Pilotos, equipes e aficionados se preparam para um fim de semana que vai muito al\u00e9m das corridas. Vai ser um <strong>encontro de gera\u00e7\u00f5es, de estilos e de pura paix\u00e3o pelo off-road.<\/strong><\/p>\n\n\n\n<p class=\"wp-block-paragraph\"><strong>Santa Cruz do Capibaribe<\/strong> est\u00e1 pronta. O <strong>Nordeste<\/strong> est\u00e1 pronto. O <strong>Brasil<\/strong> vai assistir.<br>Traga sua torcida, sua bandeira. Fa\u00e7a barulho. Vamos juntos tornar desta etapa \u00fanica e emocionante.<br>Nos vemos na pista.<\/p>\n\n\n\n<p class=\"wp-block-paragraph\">Acompanhe todas informa\u00e7\u00f5es pelas redes sociais @mx1gpbrasil e @canelacross <\/p>\n","protected":false},"excerpt":{"rendered":"<p>Prepare o cora\u00e7\u00e3o: Santa Cruz do Capibaribe entra para o mapa do motocross nacional \u2014 e o cora\u00e7\u00e3o da cidade j\u00e1 bate mais forte! Pela primeira vez na hist\u00f3ria, o munic\u00edpio pernambucano recebe uma etapa do MX1 GP Brasil Sportbay, o maior campeonato da Am\u00e9rica Latina. Com rodada dupla, a 5\u00aa e 6\u00aa etapa acontece [&hellip;]<\/p>\n","protected":false},"author":1,"featured_media":71439,"comment_status":"closed","ping_status":"open","sticky":false,"template":"","format":"standard","meta":{"footnotes":""},"categories":[133],"tags":[],"class_list":["post-71428","post","type-post","status-publish","format-standard","has-post-thumbnail","hentry","category-motocross"],"_links":{"self":[{"href":"https:\/\/mx1gpbrasil.alperprojetos.com.br\/index.php\/wp-json\/wp\/v2\/posts\/71428","targetHints":{"allow":["GET"]}}],"collection":[{"href":"https:\/\/mx1gpbrasil.alperprojetos.com.br\/index.php\/wp-json\/wp\/v2\/posts"}],"about":[{"href":"https:\/\/mx1gpbrasil.alperprojetos.com.br\/index.php\/wp-json\/wp\/v2\/types\/post"}],"author":[{"embeddable":true,"href":"https:\/\/mx1gpbrasil.alperprojetos.com.br\/index.php\/wp-json\/wp\/v2\/users\/1"}],"replies":[{"embeddable":true,"href":"https:\/\/mx1gpbrasil.alperprojetos.com.br\/index.php\/wp-json\/wp\/v2\/comments?post=71428"}],"version-history":[{"count":0,"href":"https:\/\/mx1gpbrasil.alperprojetos.com.br\/index.php\/wp-json\/wp\/v2\/posts\/71428\/revisions"}],"wp:featuredmedia":[{"embeddable":true,"href":"https:\/\/mx1gpbrasil.alperprojetos.com.br\/index.php\/wp-json\/wp\/v2\/media\/71439"}],"wp:attachment":[{"href":"https:\/\/mx1gpbrasil.alperprojetos.com.br\/index.php\/wp-json\/wp\/v2\/media?parent=71428"}],"wp:term":[{"taxonomy":"category","embeddable":true,"href":"https:\/\/mx1gpbrasil.alperprojetos.com.br\/index.php\/wp-json\/wp\/v2\/categories?post=71428"},{"taxonomy":"post_tag","embeddable":true,"href":"https:\/\/mx1gpbrasil.alperprojetos.com.br\/index.php\/wp-json\/wp\/v2\/tags?post=71428"}],"curies":[{"name":"wp","href":"https:\/\/api.w.org\/{rel}","templated":true}]}}