{"id":71448,"date":"2025-06-27T16:49:34","date_gmt":"2025-06-27T19:49:34","guid":{"rendered":"https:\/\/mx1gpbrasil.com.br\/?p=71448"},"modified":"2025-06-27T16:49:34","modified_gmt":"2025-06-27T19:49:34","slug":"credenciamento-de-imprensa-aberto-para-as-etapas-de-santa-cruz-do-capibaribe-pe","status":"publish","type":"post","link":"https:\/\/mx1gpbrasil.alperprojetos.com.br\/index.php\/2025\/06\/27\/credenciamento-de-imprensa-aberto-para-as-etapas-de-santa-cruz-do-capibaribe-pe\/","title":{"rendered":"Credenciamento de Imprensa aberto para as etapas de Santa Cruz do Capibaribe (PE)"},"content":{"rendered":"\n<p class=\"wp-block-paragraph\"><strong>Est\u00e1 aberto o credenciamento de imprensa para a 5\u00aa e 6\u00aa etapas do MX1 GP Brasil Sportbay,<\/strong> que acontecer\u00e3o nos dias 18 \u00e0 20 de julho, em Santa Cruz do Capibaribe, Pernambuco. <strong>Profissionais de comunica\u00e7\u00e3o interessados em cobrir o evento t\u00eam entre os dias 27 de junho e 4 de julho para realizar o cadastro.<\/strong><\/p>\n\n\n\n<p class=\"wp-block-paragraph\"><strong>O credenciamento deve ser feito exclusivamente neste site oficial, na aba \u201cImprensa\u201d. <\/strong>Ser\u00e1 necess\u00e1rio preencher o formul\u00e1rio com os dados da equipe de reportagem, ve\u00edculo de comunica\u00e7\u00e3o e cargo dos profissionais.<\/p>\n\n\n\n<p class=\"wp-block-paragraph\">As etapas de Santa Cruz do Capibaribe prometem marcar a hist\u00f3ria do motocross nacional. A presen\u00e7a da imprensa \u00e9 fundamental para amplificar a visibilidade do evento, que reunir\u00e1 os melhores pilotos do Brasil e nomes internacionais da modalidade.<\/p>\n\n\n\n<p class=\"wp-block-paragraph\"><strong>As vagas s\u00e3o limitadas, <\/strong>e o preenchimento do formul\u00e1rio n\u00e3o garante automaticamente a aprova\u00e7\u00e3o. Todos os pedidos passar\u00e3o por avalia\u00e7\u00e3o, e todos receber\u00e3o por e-mail o resultado do seu credenciamento e as instru\u00e7\u00f5es. <\/p>\n\n\n\n<p class=\"wp-block-paragraph\">O termo de responsabilidade a ser assinado no momento da retirada da credencial est\u00e1 dispon\u00edvel para consulta, tamb\u00e9m, na aba &#8220;Imprensa&#8221;.<\/p>\n","protected":false},"excerpt":{"rendered":"<p>Est\u00e1 aberto o credenciamento de imprensa para a 5\u00aa e 6\u00aa etapas do MX1 GP Brasil Sportbay, que acontecer\u00e3o nos dias 18 \u00e0 20 de julho, em Santa Cruz do Capibaribe, Pernambuco. Profissionais de comunica\u00e7\u00e3o interessados em cobrir o evento t\u00eam entre os dias 27 de junho e 4 de julho para realizar o cadastro. [&hellip;]<\/p>\n","protected":false},"author":1,"featured_media":71449,"comment_status":"closed","ping_status":"open","sticky":false,"template":"","format":"standard","meta":{"footnotes":""},"categories":[133],"tags":[],"class_list":["post-71448","post","type-post","status-publish","format-standard","has-post-thumbnail","hentry","category-motocross"],"_links":{"self":[{"href":"https:\/\/mx1gpbrasil.alperprojetos.com.br\/index.php\/wp-json\/wp\/v2\/posts\/71448","targetHints":{"allow":["GET"]}}],"collection":[{"href":"https:\/\/mx1gpbrasil.alperprojetos.com.br\/index.php\/wp-json\/wp\/v2\/posts"}],"about":[{"href":"https:\/\/mx1gpbrasil.alperprojetos.com.br\/index.php\/wp-json\/wp\/v2\/types\/post"}],"author":[{"embeddable":true,"href":"https:\/\/mx1gpbrasil.alperprojetos.com.br\/index.php\/wp-json\/wp\/v2\/users\/1"}],"replies":[{"embeddable":true,"href":"https:\/\/mx1gpbrasil.alperprojetos.com.br\/index.php\/wp-json\/wp\/v2\/comments?post=71448"}],"version-history":[{"count":0,"href":"https:\/\/mx1gpbrasil.alperprojetos.com.br\/index.php\/wp-json\/wp\/v2\/posts\/71448\/revisions"}],"wp:featuredmedia":[{"embeddable":true,"href":"https:\/\/mx1gpbrasil.alperprojetos.com.br\/index.php\/wp-json\/wp\/v2\/media\/71449"}],"wp:attachment":[{"href":"https:\/\/mx1gpbrasil.alperprojetos.com.br\/index.php\/wp-json\/wp\/v2\/media?parent=71448"}],"wp:term":[{"taxonomy":"category","embeddable":true,"href":"https:\/\/mx1gpbrasil.alperprojetos.com.br\/index.php\/wp-json\/wp\/v2\/categories?post=71448"},{"taxonomy":"post_tag","embeddable":true,"href":"https:\/\/mx1gpbrasil.alperprojetos.com.br\/index.php\/wp-json\/wp\/v2\/tags?post=71448"}],"curies":[{"name":"wp","href":"https:\/\/api.w.org\/{rel}","templated":true}]}}