{"id":71454,"date":"2025-07-15T10:57:45","date_gmt":"2025-07-15T13:57:45","guid":{"rendered":"https:\/\/mx1gpbrasil.com.br\/?p=71454"},"modified":"2025-07-15T10:57:45","modified_gmt":"2025-07-15T13:57:45","slug":"mx1-gp-brasil-sportbay-reune-estrelas-do-motocross-em-coletiva-de-imprensa-nesta-quinta-feira","status":"publish","type":"post","link":"https:\/\/mx1gpbrasil.alperprojetos.com.br\/index.php\/2025\/07\/15\/mx1-gp-brasil-sportbay-reune-estrelas-do-motocross-em-coletiva-de-imprensa-nesta-quinta-feira\/","title":{"rendered":"MX1 GP Brasil Sportbay re\u00fane estrelas do motocross em coletiva de imprensa nesta quinta-feira"},"content":{"rendered":"\n<p class=\"wp-block-paragraph\">A adrenalina do motocross brasileiro entra em contagem regressiva para mais uma grande etapa do MX1 GP Brasil Sportbay \u2014 e, antes da a\u00e7\u00e3o nas pistas, a imprensa ter\u00e1 a chance de acompanhar de perto os bastidores com uma coletiva de imprensa especial, marcada para esta quinta-feira, 17 de julho, \u00e0s 16h.<\/p>\n\n\n\n<p class=\"wp-block-paragraph\">A coletiva contar\u00e1 com tr\u00eas pain\u00e9is distintos, reunindo os destaques das categorias MX1, MX2 e pilotos que representam com orgulho a regi\u00e3o anfitri\u00e3: o Nordeste brasileiro.<\/p>\n\n\n\n<p class=\"wp-block-paragraph\"><strong>Edi\u00e7\u00e3o Especial Nordeste: representatividade em destaque<\/strong><\/p>\n\n\n\n<p class=\"wp-block-paragraph\">No painel da Edi\u00e7\u00e3o Especial Nordeste, a imprensa poder\u00e1 ouvir de perto as vozes que representam a garra e o talento da regi\u00e3o. Estar\u00e3o presentes:<br>\u2022 Arthur Gomes, com passagens marcantes por competi\u00e7\u00f5es nacionais;<br>\u2022 Wagner Santos, refer\u00eancia do motocross nordestino e presen\u00e7a constante no p\u00f3dio;<br>\u2022 Pedro de Oliveira, que vem conquistando cada vez mais espa\u00e7o e respeito no cen\u00e1rio nacional.<\/p>\n\n\n\n<p class=\"wp-block-paragraph\">O espa\u00e7o ser\u00e1 dedicado \u00e0 valoriza\u00e7\u00e3o dos talentos locais, que t\u00eam crescido a passos largos no motociclismo brasileiro e demonstrado um orgulho regional cada vez mais vibrante.<\/p>\n\n\n\n<figure class=\"wp-block-image size-large\"><img loading=\"lazy\" decoding=\"async\" width=\"768\" height=\"1024\" src=\"https:\/\/mx1gpbrasil.com.br\/wp-content\/uploads\/2025\/07\/WhatsApp-Image-2025-07-15-at-10.18.51-768x1024.jpeg\" alt=\"\" class=\"wp-image-71459\" srcset=\"https:\/\/mx1gpbrasil.alperprojetos.com.br\/wp-content\/uploads\/2025\/07\/WhatsApp-Image-2025-07-15-at-10.18.51-768x1024.jpeg 768w, https:\/\/mx1gpbrasil.alperprojetos.com.br\/wp-content\/uploads\/2025\/07\/WhatsApp-Image-2025-07-15-at-10.18.51-225x300.jpeg 225w, https:\/\/mx1gpbrasil.alperprojetos.com.br\/wp-content\/uploads\/2025\/07\/WhatsApp-Image-2025-07-15-at-10.18.51-96x128.jpeg 96w, https:\/\/mx1gpbrasil.alperprojetos.com.br\/wp-content\/uploads\/2025\/07\/WhatsApp-Image-2025-07-15-at-10.18.51-24x32.jpeg 24w, https:\/\/mx1gpbrasil.alperprojetos.com.br\/wp-content\/uploads\/2025\/07\/WhatsApp-Image-2025-07-15-at-10.18.51-600x800.jpeg 600w, https:\/\/mx1gpbrasil.alperprojetos.com.br\/wp-content\/uploads\/2025\/07\/WhatsApp-Image-2025-07-15-at-10.18.51.jpeg 960w\" sizes=\"auto, (max-width: 768px) 100vw, 768px\" \/><\/figure>\n\n\n\n<p class=\"wp-block-paragraph\"><strong>Categoria MX1: os grandes nomes do Brasil e do mundo<\/strong><\/p>\n\n\n\n<p class=\"wp-block-paragraph\">J\u00e1 na coletiva da MX1, principal categoria do campeonato, o n\u00edvel t\u00e9cnico \u00e9 alt\u00edssimo. Participam:<br>\u2022 Jeremy Van Horebeek, o belga multicampe\u00e3o com passagem pelo Mundial de Motocross, que atualmente defende a Honda Racing Brasil;<br>\u2022 Gustavo Pessoa, piloto brasileiro da equipe JP Racing Pr\u00f3 Circuit, com vasto hist\u00f3rico nacional;<br>\u2022 Hector Assun\u00e7\u00e3o, uma das figuras mais carism\u00e1ticas e consistentes do grid nacional.<\/p>\n\n\n\n<p class=\"wp-block-paragraph\">A conversa promete trazer bastidores, expectativas e an\u00e1lises sobre o momento da categoria mais veloz do campeonato.<\/p>\n\n\n\n<figure class=\"wp-block-image size-large\"><img loading=\"lazy\" decoding=\"async\" width=\"768\" height=\"1024\" src=\"https:\/\/mx1gpbrasil.com.br\/wp-content\/uploads\/2025\/07\/WhatsApp-Image-2025-07-15-at-10.29.28-768x1024.jpeg\" alt=\"\" class=\"wp-image-71461\" srcset=\"https:\/\/mx1gpbrasil.alperprojetos.com.br\/wp-content\/uploads\/2025\/07\/WhatsApp-Image-2025-07-15-at-10.29.28-768x1024.jpeg 768w, https:\/\/mx1gpbrasil.alperprojetos.com.br\/wp-content\/uploads\/2025\/07\/WhatsApp-Image-2025-07-15-at-10.29.28-225x300.jpeg 225w, https:\/\/mx1gpbrasil.alperprojetos.com.br\/wp-content\/uploads\/2025\/07\/WhatsApp-Image-2025-07-15-at-10.29.28-96x128.jpeg 96w, https:\/\/mx1gpbrasil.alperprojetos.com.br\/wp-content\/uploads\/2025\/07\/WhatsApp-Image-2025-07-15-at-10.29.28-24x32.jpeg 24w, https:\/\/mx1gpbrasil.alperprojetos.com.br\/wp-content\/uploads\/2025\/07\/WhatsApp-Image-2025-07-15-at-10.29.28-600x800.jpeg 600w, https:\/\/mx1gpbrasil.alperprojetos.com.br\/wp-content\/uploads\/2025\/07\/WhatsApp-Image-2025-07-15-at-10.29.28.jpeg 960w\" sizes=\"auto, (max-width: 768px) 100vw, 768px\" \/><\/figure>\n\n\n\n<p class=\"wp-block-paragraph\"><strong>Categoria MX2: juventude e velocidade lado a lado<\/strong><\/p>\n\n\n\n<p class=\"wp-block-paragraph\">Fechando a programa\u00e7\u00e3o, a coletiva da MX2 traz o frescor da nova gera\u00e7\u00e3o com nomes que t\u00eam chamado aten\u00e7\u00e3o dentro e fora do Brasil:<br>\u2022 Bernardo Tiburcio, da Honda Racing, uma das revela\u00e7\u00f5es mais promissoras do pa\u00eds;<br>\u2022 Pietro Piroli, da Yamaha Monster Energy Gera\u00e7\u00e3o, que vive grande fase no nacional e com participa\u00e7\u00f5es internacionais;<br>\u2022 Luiz Filipe, piloto da Kawasaki que representa com for\u00e7a a nova gera\u00e7\u00e3o do off-road brasileiro.<\/p>\n\n\n\n<p class=\"wp-block-paragraph\">O painel da MX2 refor\u00e7a o quanto o motocross nacional est\u00e1 em boas m\u00e3os, com talentos jovens, t\u00e9cnicos e extremamente dedicados ao esporte.<\/p>\n\n\n\n<figure class=\"wp-block-image size-large\"><img loading=\"lazy\" decoding=\"async\" width=\"768\" height=\"1024\" src=\"https:\/\/mx1gpbrasil.com.br\/wp-content\/uploads\/2025\/07\/MX2-GPBRASIL_FEED_COLETIVA-DE-IMPRENSA-MX2-17-07_1080X1440_V1-768x1024.jpg\" alt=\"\" class=\"wp-image-71462\" srcset=\"https:\/\/mx1gpbrasil.alperprojetos.com.br\/wp-content\/uploads\/2025\/07\/MX2-GPBRASIL_FEED_COLETIVA-DE-IMPRENSA-MX2-17-07_1080X1440_V1-768x1024.jpg 768w, https:\/\/mx1gpbrasil.alperprojetos.com.br\/wp-content\/uploads\/2025\/07\/MX2-GPBRASIL_FEED_COLETIVA-DE-IMPRENSA-MX2-17-07_1080X1440_V1-225x300.jpg 225w, https:\/\/mx1gpbrasil.alperprojetos.com.br\/wp-content\/uploads\/2025\/07\/MX2-GPBRASIL_FEED_COLETIVA-DE-IMPRENSA-MX2-17-07_1080X1440_V1-96x128.jpg 96w, https:\/\/mx1gpbrasil.alperprojetos.com.br\/wp-content\/uploads\/2025\/07\/MX2-GPBRASIL_FEED_COLETIVA-DE-IMPRENSA-MX2-17-07_1080X1440_V1-24x32.jpg 24w, https:\/\/mx1gpbrasil.alperprojetos.com.br\/wp-content\/uploads\/2025\/07\/MX2-GPBRASIL_FEED_COLETIVA-DE-IMPRENSA-MX2-17-07_1080X1440_V1-600x800.jpg 600w, https:\/\/mx1gpbrasil.alperprojetos.com.br\/wp-content\/uploads\/2025\/07\/MX2-GPBRASIL_FEED_COLETIVA-DE-IMPRENSA-MX2-17-07_1080X1440_V1.jpg 1080w\" sizes=\"auto, (max-width: 768px) 100vw, 768px\" \/><\/figure>\n\n\n\n<p class=\"wp-block-paragraph\"><strong>Programa\u00e7\u00e3o e expectativa<\/strong><\/p>\n\n\n\n<p class=\"wp-block-paragraph\">A coletiva acontece no dia 17 de julho, \u00e0s 16h. A imprensa credenciada poder\u00e1 interagir com os pilotos, colher declara\u00e7\u00f5es e antecipar os principais enredos do final de semana de corridas.<\/p>\n\n\n\n<p class=\"wp-block-paragraph\">Com estrutura de alto n\u00edvel, pilotos consagrados e o charme \u00fanico do Nordeste brasileiro, a etapa promete entrar para a hist\u00f3ria do MX1 GP Brasil Sportbay \u2014 e a coletiva de imprensa ser\u00e1 o primeiro grande momento desse espet\u00e1culo.<\/p>\n\n\n\n<p class=\"wp-block-paragraph\">Acelerando dentro e fora das pistas, o MX1 GP Brasil Sportbay segue mostrando por que \u00e9 o maior campeonato de motocross da Am\u00e9rica Latina.<\/p>\n\n\n\n<p class=\"wp-block-paragraph\"><\/p>\n","protected":false},"excerpt":{"rendered":"<p>A adrenalina do motocross brasileiro entra em contagem regressiva para mais uma grande etapa do MX1 GP Brasil Sportbay \u2014 e, antes da a\u00e7\u00e3o nas pistas, a imprensa ter\u00e1 a chance de acompanhar de perto os bastidores com uma coletiva de imprensa especial, marcada para esta quinta-feira, 17 de julho, \u00e0s 16h. A coletiva contar\u00e1 [&hellip;]<\/p>\n","protected":false},"author":1,"featured_media":71465,"comment_status":"closed","ping_status":"open","sticky":false,"template":"","format":"standard","meta":{"footnotes":""},"categories":[133],"tags":[],"class_list":["post-71454","post","type-post","status-publish","format-standard","has-post-thumbnail","hentry","category-motocross"],"_links":{"self":[{"href":"https:\/\/mx1gpbrasil.alperprojetos.com.br\/index.php\/wp-json\/wp\/v2\/posts\/71454","targetHints":{"allow":["GET"]}}],"collection":[{"href":"https:\/\/mx1gpbrasil.alperprojetos.com.br\/index.php\/wp-json\/wp\/v2\/posts"}],"about":[{"href":"https:\/\/mx1gpbrasil.alperprojetos.com.br\/index.php\/wp-json\/wp\/v2\/types\/post"}],"author":[{"embeddable":true,"href":"https:\/\/mx1gpbrasil.alperprojetos.com.br\/index.php\/wp-json\/wp\/v2\/users\/1"}],"replies":[{"embeddable":true,"href":"https:\/\/mx1gpbrasil.alperprojetos.com.br\/index.php\/wp-json\/wp\/v2\/comments?post=71454"}],"version-history":[{"count":0,"href":"https:\/\/mx1gpbrasil.alperprojetos.com.br\/index.php\/wp-json\/wp\/v2\/posts\/71454\/revisions"}],"wp:featuredmedia":[{"embeddable":true,"href":"https:\/\/mx1gpbrasil.alperprojetos.com.br\/index.php\/wp-json\/wp\/v2\/media\/71465"}],"wp:attachment":[{"href":"https:\/\/mx1gpbrasil.alperprojetos.com.br\/index.php\/wp-json\/wp\/v2\/media?parent=71454"}],"wp:term":[{"taxonomy":"category","embeddable":true,"href":"https:\/\/mx1gpbrasil.alperprojetos.com.br\/index.php\/wp-json\/wp\/v2\/categories?post=71454"},{"taxonomy":"post_tag","embeddable":true,"href":"https:\/\/mx1gpbrasil.alperprojetos.com.br\/index.php\/wp-json\/wp\/v2\/tags?post=71454"}],"curies":[{"name":"wp","href":"https:\/\/api.w.org\/{rel}","templated":true}]}}