{"id":71467,"date":"2025-07-19T18:31:24","date_gmt":"2025-07-19T21:31:24","guid":{"rendered":"https:\/\/mx1gpbrasil.com.br\/?p=71467"},"modified":"2025-07-19T18:31:24","modified_gmt":"2025-07-19T21:31:24","slug":"pilotos-internacionais-dominam-o-primeiro-dia-da-5a-etapa-do-mx1-gp-brasil-em-santa-cruz-do-capibaribe-pe","status":"publish","type":"post","link":"https:\/\/mx1gpbrasil.alperprojetos.com.br\/index.php\/2025\/07\/19\/pilotos-internacionais-dominam-o-primeiro-dia-da-5a-etapa-do-mx1-gp-brasil-em-santa-cruz-do-capibaribe-pe\/","title":{"rendered":"Pilotos internacionais dominam o primeiro dia da 5\u00aa etapa do MX1 GP Brasil em Santa Cruz do Capibaribe (PE)"},"content":{"rendered":"\n<p class=\"wp-block-paragraph\">A 5\u00aa rodada do MX1 GP Brasil Sportbay teve in\u00edcio nesta sexta-feira (18) em Santa Cruz do Capibaribe, no agreste pernambucano, com destaque para o protagonismo dos pilotos internacionais. O retorno da competi\u00e7\u00e3o ao Nordeste trouxe um clima de empolga\u00e7\u00e3o \u00e0s arquibancadas, reunindo um grande numero f\u00e3s e pilotos da regi\u00e3o que aguardavam h\u00e1 muito tempo a chance de acompanhar de perto os grandes nomes do motocross nacional.<\/p>\n\n\n\n<p class=\"wp-block-paragraph\">As primeiras disputas aconteceram nas categorias MX1, MX2, MXJR e YZ125 bLU cRU Cup, com baterias intensas e resultados que provocaram mudan\u00e7as relevantes na classifica\u00e7\u00e3o geral do campeonato.<\/p>\n\n\n\n<p class=\"wp-block-paragraph\">Na MX1, principal categoria do evento, o franc\u00eas Stephen Rubini foi o nome do dia. Ele entrou na etapa com 16 pontos de desvantagem em rela\u00e7\u00e3o ao l\u00edder F\u00e1bio Santos, mas conseguiu diminuir a diferen\u00e7a para apenas 6 pontos ao vencer as duas baterias. Rubini, junto com o belga Jeremy Van Horebeek, fizeram uma apresenta\u00e7\u00e3o impec\u00e1vel e taticamente precisa, refor\u00e7ando o bom momento da equipe Honda Racing na disputa pelo t\u00edtulo.<\/p>\n\n\n\n<p class=\"wp-block-paragraph\">Classifica\u00e7\u00e3o geral \u2013 MX1<br><br>1 \u2013 Stephen Rubini<br>2 \u2013 Jeremy Van Horebeek<br>3 \u2013 F\u00e1bio Santos<br>4 \u2013 Hector Assun\u00e7\u00e3o<br>5 \u2013 Guilherme Bresolin<\/p>\n\n\n\n<figure class=\"wp-block-image size-large\"><img decoding=\"async\" src=\"https:\/\/mx1gpbrasil.com.br\/wp-content\/uploads\/2025\/07\/WhatsApp-Image-2025-07-18-at-18.38.58-1-1024x683.jpeg\" alt=\"\" class=\"wp-image-71471\"\/><\/figure>\n\n\n\n<p class=\"wp-block-paragraph\">J\u00e1 na MX2, o uruguaio German Bratschi entrou para a hist\u00f3ria da 595 KTM Racing ao conquistar o primeiro triunfo geral da equipe na temporada. Com os resultados de terceiro e primeiro lugar nas baterias, Bratschi garantiu o overall e celebrou sua estreia entre os vencedores.<\/p>\n\n\n\n<p class=\"wp-block-paragraph\">Be Tiburcio, l\u00edder da MX2, teve desempenho consistente, apesar de uma queda na reta final da primeira bateria, que lhe custou a vit\u00f3ria. Na segunda, adotou um ritmo mais seguro e finalizou novamente em segundo lugar. Com a soma dos resultados (2-2), Tiburcio segue confort\u00e1vel na lideran\u00e7a do campeonato, com 43 pontos de vantagem.<\/p>\n\n\n\n<p class=\"wp-block-paragraph\">1 \u2013 German Bratschi<br>2 \u2013 Benjamin Garib<br>3 \u2013 Be Tiburcio<br>4 \u2013 Rodrigo Borges<br>5 \u2013 Pietro Piroli<\/p>\n\n\n\n<figure class=\"wp-block-image size-large\"><img decoding=\"async\" src=\"https:\/\/mx1gpbrasil.com.br\/wp-content\/uploads\/2025\/07\/WhatsApp-Image-2025-07-18-at-18.27.04-1-1-1024x683.jpeg\" alt=\"\" class=\"wp-image-71472\"\/><\/figure>\n\n\n\n<p class=\"wp-block-paragraph\">Na MXJR, o argentino Francesco Copetti ampliou sua invencibilidade ao vencer mais uma etapa de forma dominante. Ap\u00f3s assumir a ponta ainda na primeira volta, manteve-se firme e chegou \u00e0 quinta vit\u00f3ria consecutiva na temporada.<\/p>\n\n\n\n<p class=\"wp-block-paragraph\">1 \u2013 Francesco Copetti<br>2 \u2013 Enzo Fialho<br>3 \u2013 Lorenzo Ricken<br>4 \u2013 Zion Bertchold<br>5 \u2013 Heitor Matos<\/p>\n\n\n\n<figure class=\"wp-block-image size-large\"><img decoding=\"async\" src=\"https:\/\/mx1gpbrasil.com.br\/wp-content\/uploads\/2025\/07\/WhatsApp-Image-2025-07-18-at-18.27.04-1024x683.jpeg\" alt=\"\" class=\"wp-image-71468\"\/><\/figure>\n\n\n\n<p class=\"wp-block-paragraph\">Na YZ125 bLU cRU Cup, o boliviano Eduardo Guzman conquistou sua primeira vit\u00f3ria na competi\u00e7\u00e3o. Ap\u00f3s liderar a prova classificat\u00f3ria, Guzman superou uma largada desfavor\u00e1vel na corrida principal, impondo ritmo acelerado e realizando diversas ultrapassagens at\u00e9 assegurar a lideran\u00e7a e a vit\u00f3ria in\u00e9dita.<\/p>\n\n\n\n<p class=\"wp-block-paragraph\"> <\/p>\n\n\n\n<p class=\"wp-block-paragraph\">1 \u2013 Eduardo Guzman<br>2 \u2013 Kaua Vieira<br>3 \u2013 Heverton Silveira<br>4 \u2013 Rodrigo Stuardo<br>5 \u2013 Sebastian Velasquez<\/p>\n\n\n\n<figure class=\"wp-block-image size-large\"><img decoding=\"async\" src=\"https:\/\/mx1gpbrasil.com.br\/wp-content\/uploads\/2025\/07\/WhatsApp-Image-2025-07-18-at-19.22.22-1024x683.jpeg\" alt=\"\" class=\"wp-image-71473\"\/><\/figure>\n\n\n\n<p class=\"wp-block-paragraph\">YZ125 Geral<\/p>\n\n\n\n<p class=\"wp-block-paragraph\"><\/p>\n\n\n\n<p class=\"wp-block-paragraph\">As disputas seguem neste s\u00e1bado, com entrada das categorias MX4, MX2JR 50cc, MX3, 65cc e Nacional Regional. E se voc\u00ea ainda n\u00e3o garantiu seu ingresso para esta etapa hist\u00f3rica, entre no site da Bilheteria digital e garanta o seu lugar. <\/p>\n","protected":false},"excerpt":{"rendered":"<p>A 5\u00aa rodada do MX1 GP Brasil Sportbay teve in\u00edcio nesta sexta-feira (18) em Santa Cruz do Capibaribe, no agreste pernambucano, com destaque para o protagonismo dos pilotos internacionais. O retorno da competi\u00e7\u00e3o ao Nordeste trouxe um clima de empolga\u00e7\u00e3o \u00e0s arquibancadas, reunindo um grande numero f\u00e3s e pilotos da regi\u00e3o que aguardavam h\u00e1 muito [&hellip;]<\/p>\n","protected":false},"author":1,"featured_media":71475,"comment_status":"closed","ping_status":"open","sticky":false,"template":"","format":"standard","meta":{"footnotes":""},"categories":[133],"tags":[],"class_list":["post-71467","post","type-post","status-publish","format-standard","has-post-thumbnail","hentry","category-motocross"],"_links":{"self":[{"href":"https:\/\/mx1gpbrasil.alperprojetos.com.br\/index.php\/wp-json\/wp\/v2\/posts\/71467","targetHints":{"allow":["GET"]}}],"collection":[{"href":"https:\/\/mx1gpbrasil.alperprojetos.com.br\/index.php\/wp-json\/wp\/v2\/posts"}],"about":[{"href":"https:\/\/mx1gpbrasil.alperprojetos.com.br\/index.php\/wp-json\/wp\/v2\/types\/post"}],"author":[{"embeddable":true,"href":"https:\/\/mx1gpbrasil.alperprojetos.com.br\/index.php\/wp-json\/wp\/v2\/users\/1"}],"replies":[{"embeddable":true,"href":"https:\/\/mx1gpbrasil.alperprojetos.com.br\/index.php\/wp-json\/wp\/v2\/comments?post=71467"}],"version-history":[{"count":0,"href":"https:\/\/mx1gpbrasil.alperprojetos.com.br\/index.php\/wp-json\/wp\/v2\/posts\/71467\/revisions"}],"wp:featuredmedia":[{"embeddable":true,"href":"https:\/\/mx1gpbrasil.alperprojetos.com.br\/index.php\/wp-json\/wp\/v2\/media\/71475"}],"wp:attachment":[{"href":"https:\/\/mx1gpbrasil.alperprojetos.com.br\/index.php\/wp-json\/wp\/v2\/media?parent=71467"}],"wp:term":[{"taxonomy":"category","embeddable":true,"href":"https:\/\/mx1gpbrasil.alperprojetos.com.br\/index.php\/wp-json\/wp\/v2\/categories?post=71467"},{"taxonomy":"post_tag","embeddable":true,"href":"https:\/\/mx1gpbrasil.alperprojetos.com.br\/index.php\/wp-json\/wp\/v2\/tags?post=71467"}],"curies":[{"name":"wp","href":"https:\/\/api.w.org\/{rel}","templated":true}]}}