{"id":71477,"date":"2025-07-19T19:42:06","date_gmt":"2025-07-19T22:42:06","guid":{"rendered":"https:\/\/mx1gpbrasil.com.br\/?p=71477"},"modified":"2025-07-19T19:42:06","modified_gmt":"2025-07-19T22:42:06","slug":"segundo-dia-de-provas-agita-o-mx1-gp-brasil-etapa-da-moda-com-provas-eletrizantes-e-disputas-de-alto-nivel","status":"publish","type":"post","link":"https:\/\/mx1gpbrasil.alperprojetos.com.br\/index.php\/2025\/07\/19\/segundo-dia-de-provas-agita-o-mx1-gp-brasil-etapa-da-moda-com-provas-eletrizantes-e-disputas-de-alto-nivel\/","title":{"rendered":"Emo\u00e7\u00e3o e alto n\u00edvel marcam o segundo dia da \u201cEtapa da Moda\u201d do MX1 GP Brasil Sportbay, em Santa Cruz do Capibaribe\/PE"},"content":{"rendered":"\n<p class=\"wp-block-paragraph\">O s\u00e1bado foi de tirar o f\u00f4lego na \u201cEtapa da Moda\u201d do MX1 GP Brasil Sportbay, em Santa Cruz do Capibaribe\/PE. A areia pesada e trai\u00e7oeira do circuito elevou o n\u00edvel t\u00e9cnico das baterias, exigindo dos pilotos n\u00e3o apenas velocidade, mas tamb\u00e9m precis\u00e3o e intelig\u00eancia para lidar com a pista em constante mudan\u00e7a.<\/p>\n\n\n\n<p class=\"wp-block-paragraph\">Na categoria MX4, Marcus Vinicius, o \u201cMano\u201d, largou forte e travou uma batalha eletrizante com Daniel Pessanha, o \u201cFederal\u201d. Os dois se revezaram na lideran\u00e7a at\u00e9 que, nos minutos finais, Mano fez sua movimenta\u00e7\u00e3o decisiva e assumiu a ponta de forma definitiva. Federal ainda tentou reagir e encurtou a dist\u00e2ncia, mas Mano segurou a press\u00e3o e venceu com menos de um segundo de vantagem, mantendo sua invencibilidade na temporada.<\/p>\n\n\n\n<p class=\"wp-block-paragraph\"><strong>Classifica<\/strong><strong>\u00e7\u00e3o da bateria MX4<\/strong><strong>:<\/strong><\/p>\n\n\n\n<ul class=\"wp-block-list\">\n<li>1 &#8211; Marcus Vinicius &#8220;Mano&#8221;<\/li>\n\n\n\n<li>2 &#8211; Daniel Pessanha &#8220;Federal&#8221;<\/li>\n\n\n\n<li>3 &#8211; Jo\u00e3o Vitor Cardeli<\/li>\n\n\n\n<li>4 &#8211; Arthur Leal<\/li>\n\n\n\n<li>5 &#8211; Anderson Chupel<\/li>\n<\/ul>\n\n\n\n<figure class=\"wp-block-image size-large\"><img loading=\"lazy\" decoding=\"async\" width=\"1024\" height=\"682\" src=\"https:\/\/mx1gpbrasil.com.br\/wp-content\/uploads\/2025\/07\/WhatsApp-Image-2025-07-19-at-19.10.36-6-1024x682.jpeg\" alt=\"\" class=\"wp-image-71478\" srcset=\"https:\/\/mx1gpbrasil.alperprojetos.com.br\/wp-content\/uploads\/2025\/07\/WhatsApp-Image-2025-07-19-at-19.10.36-6-1024x682.jpeg 1024w, https:\/\/mx1gpbrasil.alperprojetos.com.br\/wp-content\/uploads\/2025\/07\/WhatsApp-Image-2025-07-19-at-19.10.36-6-300x200.jpeg 300w, https:\/\/mx1gpbrasil.alperprojetos.com.br\/wp-content\/uploads\/2025\/07\/WhatsApp-Image-2025-07-19-at-19.10.36-6-768x512.jpeg 768w, https:\/\/mx1gpbrasil.alperprojetos.com.br\/wp-content\/uploads\/2025\/07\/WhatsApp-Image-2025-07-19-at-19.10.36-6-1536x1023.jpeg 1536w, https:\/\/mx1gpbrasil.alperprojetos.com.br\/wp-content\/uploads\/2025\/07\/WhatsApp-Image-2025-07-19-at-19.10.36-6-128x85.jpeg 128w, https:\/\/mx1gpbrasil.alperprojetos.com.br\/wp-content\/uploads\/2025\/07\/WhatsApp-Image-2025-07-19-at-19.10.36-6-32x21.jpeg 32w, https:\/\/mx1gpbrasil.alperprojetos.com.br\/wp-content\/uploads\/2025\/07\/WhatsApp-Image-2025-07-19-at-19.10.36-6-600x400.jpeg 600w, https:\/\/mx1gpbrasil.alperprojetos.com.br\/wp-content\/uploads\/2025\/07\/WhatsApp-Image-2025-07-19-at-19.10.36-6.jpeg 1600w\" sizes=\"auto, (max-width: 1024px) 100vw, 1024px\" \/><\/figure>\n\n\n\n<p class=\"wp-block-paragraph\"><br>Na MX2JR, Gabriel Bilhar e Pietro Piroli abriram vantagem no in\u00edcio, mas Pietro mostrou estrat\u00e9gia e frieza. Observou o ritmo do advers\u00e1rio, estudou o tra\u00e7ado e, no momento certo, fez a ultrapassagem. A partir da\u00ed, imp\u00f4s um ritmo avassalador, registrando as voltas mais r\u00e1pidas da prova. Bilhar terminou em segundo, e Arthur Gomes, com um terceiro lugar consistente, assumiu a vice-lideran\u00e7a no campeonato.<\/p>\n\n\n\n<p class=\"wp-block-paragraph\"><strong>Classifica\u00e7\u00e3o da bateria MX2JR:<\/strong><\/p>\n\n\n\n<ul class=\"wp-block-list\">\n<li>1 &#8211; Pietro Piroli<\/li>\n\n\n\n<li>2 &#8211; Gabriel Bilhar<\/li>\n\n\n\n<li>3 &#8211; Arthur Gomes<\/li>\n\n\n\n<li>4 &#8211; Vasko Durand<\/li>\n\n\n\n<li>5 &#8211; Cesar Aponte<\/li>\n<\/ul>\n\n\n\n<figure class=\"wp-block-image size-large\"><img loading=\"lazy\" decoding=\"async\" width=\"1024\" height=\"682\" src=\"https:\/\/mx1gpbrasil.com.br\/wp-content\/uploads\/2025\/07\/WhatsApp-Image-2025-07-19-at-19.10.36-11-1024x682.jpeg\" alt=\"\" class=\"wp-image-71480\" srcset=\"https:\/\/mx1gpbrasil.alperprojetos.com.br\/wp-content\/uploads\/2025\/07\/WhatsApp-Image-2025-07-19-at-19.10.36-11-1024x682.jpeg 1024w, https:\/\/mx1gpbrasil.alperprojetos.com.br\/wp-content\/uploads\/2025\/07\/WhatsApp-Image-2025-07-19-at-19.10.36-11-300x200.jpeg 300w, https:\/\/mx1gpbrasil.alperprojetos.com.br\/wp-content\/uploads\/2025\/07\/WhatsApp-Image-2025-07-19-at-19.10.36-11-768x512.jpeg 768w, https:\/\/mx1gpbrasil.alperprojetos.com.br\/wp-content\/uploads\/2025\/07\/WhatsApp-Image-2025-07-19-at-19.10.36-11-1536x1023.jpeg 1536w, https:\/\/mx1gpbrasil.alperprojetos.com.br\/wp-content\/uploads\/2025\/07\/WhatsApp-Image-2025-07-19-at-19.10.36-11-128x85.jpeg 128w, https:\/\/mx1gpbrasil.alperprojetos.com.br\/wp-content\/uploads\/2025\/07\/WhatsApp-Image-2025-07-19-at-19.10.36-11-32x21.jpeg 32w, https:\/\/mx1gpbrasil.alperprojetos.com.br\/wp-content\/uploads\/2025\/07\/WhatsApp-Image-2025-07-19-at-19.10.36-11-600x400.jpeg 600w, https:\/\/mx1gpbrasil.alperprojetos.com.br\/wp-content\/uploads\/2025\/07\/WhatsApp-Image-2025-07-19-at-19.10.36-11.jpeg 1600w\" sizes=\"auto, (max-width: 1024px) 100vw, 1024px\" \/><\/figure>\n\n\n\n<p class=\"wp-block-paragraph\"><br>As crian\u00e7as deram um show na 50cc! Valentina Barg e Ana Helo\u00edsa lideraram nas primeiras voltas, mas um erro de Ana permitiu a aproxima\u00e7\u00e3o de Ben Sagae. O que se seguiu foi um verdadeiro espet\u00e1culo: Valentina e Ben trocaram posi\u00e7\u00f5es diversas vezes sob os gritos da torcida. Nos minutos finais, Valentina reassumiu a lideran\u00e7a e garantiu mais uma vit\u00f3ria. Ben ainda sofreu uma queda, mas demonstrou ra\u00e7a e cruzou em segundo.<\/p>\n\n\n\n<p class=\"wp-block-paragraph\"><strong>Classifica<\/strong><strong>\u00e7\u00e3o da bateria<\/strong><strong> 50cc:<\/strong><\/p>\n\n\n\n<ul class=\"wp-block-list\">\n<li>1 &#8211; Valentina Barg<\/li>\n\n\n\n<li>2 &#8211; Ben Sagae<\/li>\n\n\n\n<li>3 &#8211; Ana Helo\u00edsa<\/li>\n\n\n\n<li>4 &#8211; Juarez Bernal<\/li>\n\n\n\n<li>5 &#8211; Enzo Wiebbeling<\/li>\n<\/ul>\n\n\n\n<figure class=\"wp-block-image size-large\"><img loading=\"lazy\" decoding=\"async\" width=\"1024\" height=\"682\" src=\"https:\/\/mx1gpbrasil.com.br\/wp-content\/uploads\/2025\/07\/WhatsApp-Image-2025-07-19-at-19.10.36-10-1024x682.jpeg\" alt=\"\" class=\"wp-image-71481\" srcset=\"https:\/\/mx1gpbrasil.alperprojetos.com.br\/wp-content\/uploads\/2025\/07\/WhatsApp-Image-2025-07-19-at-19.10.36-10-1024x682.jpeg 1024w, https:\/\/mx1gpbrasil.alperprojetos.com.br\/wp-content\/uploads\/2025\/07\/WhatsApp-Image-2025-07-19-at-19.10.36-10-300x200.jpeg 300w, https:\/\/mx1gpbrasil.alperprojetos.com.br\/wp-content\/uploads\/2025\/07\/WhatsApp-Image-2025-07-19-at-19.10.36-10-768x512.jpeg 768w, https:\/\/mx1gpbrasil.alperprojetos.com.br\/wp-content\/uploads\/2025\/07\/WhatsApp-Image-2025-07-19-at-19.10.36-10-1536x1023.jpeg 1536w, https:\/\/mx1gpbrasil.alperprojetos.com.br\/wp-content\/uploads\/2025\/07\/WhatsApp-Image-2025-07-19-at-19.10.36-10-128x85.jpeg 128w, https:\/\/mx1gpbrasil.alperprojetos.com.br\/wp-content\/uploads\/2025\/07\/WhatsApp-Image-2025-07-19-at-19.10.36-10-32x21.jpeg 32w, https:\/\/mx1gpbrasil.alperprojetos.com.br\/wp-content\/uploads\/2025\/07\/WhatsApp-Image-2025-07-19-at-19.10.36-10-600x400.jpeg 600w, https:\/\/mx1gpbrasil.alperprojetos.com.br\/wp-content\/uploads\/2025\/07\/WhatsApp-Image-2025-07-19-at-19.10.36-10.jpeg 1600w\" sizes=\"auto, (max-width: 1024px) 100vw, 1024px\" \/><\/figure>\n\n\n\n<p class=\"wp-block-paragraph\">Na MX3, Anderson Amaral protagonizou uma performance dominante. O piloto paulista, que h\u00e1 anos compete e vive no nordeste, fez uma prova impec\u00e1vel, com poucos erros e grande consist\u00eancia. Com a vit\u00f3ria, Amaral segue na lideran\u00e7a do campeonato com cerca de 20 pontos de vantagem sobre o segundo colocado.<\/p>\n\n\n\n<p class=\"wp-block-paragraph\">Mesmo em um dia dif\u00edcil, marcado por quedas e uma largada mediana na bateria principal, Rafael Faria foi exemplo de garra. Recuperou posi\u00e7\u00f5es ao longo da corrida e finalizou em segundo lugar, garantindo um lugar no p\u00f3dio.<\/p>\n\n\n\n<p class=\"wp-block-paragraph\"><strong>Classifica<\/strong><strong>\u00e7\u00e3o da bateria MX3:<\/strong><\/p>\n\n\n\n<ul class=\"wp-block-list\">\n<li>1 &#8211; Anderson Amaral<\/li>\n\n\n\n<li>2 &#8211; Rafael Faria<\/li>\n\n\n\n<li>3 &#8211; Pedro Godoy<\/li>\n\n\n\n<li>4 &#8211; Cleiton Borges<\/li>\n\n\n\n<li>5 &#8211; Johnata Costa<\/li>\n<\/ul>\n\n\n\n<figure class=\"wp-block-image size-large\"><img loading=\"lazy\" decoding=\"async\" width=\"1024\" height=\"682\" src=\"https:\/\/mx1gpbrasil.com.br\/wp-content\/uploads\/2025\/07\/WhatsApp-Image-2025-07-19-at-19.10.36-7-1-1024x682.jpeg\" alt=\"\" class=\"wp-image-71482\" srcset=\"https:\/\/mx1gpbrasil.alperprojetos.com.br\/wp-content\/uploads\/2025\/07\/WhatsApp-Image-2025-07-19-at-19.10.36-7-1-1024x682.jpeg 1024w, https:\/\/mx1gpbrasil.alperprojetos.com.br\/wp-content\/uploads\/2025\/07\/WhatsApp-Image-2025-07-19-at-19.10.36-7-1-300x200.jpeg 300w, https:\/\/mx1gpbrasil.alperprojetos.com.br\/wp-content\/uploads\/2025\/07\/WhatsApp-Image-2025-07-19-at-19.10.36-7-1-768x512.jpeg 768w, https:\/\/mx1gpbrasil.alperprojetos.com.br\/wp-content\/uploads\/2025\/07\/WhatsApp-Image-2025-07-19-at-19.10.36-7-1-1536x1023.jpeg 1536w, https:\/\/mx1gpbrasil.alperprojetos.com.br\/wp-content\/uploads\/2025\/07\/WhatsApp-Image-2025-07-19-at-19.10.36-7-1-128x85.jpeg 128w, https:\/\/mx1gpbrasil.alperprojetos.com.br\/wp-content\/uploads\/2025\/07\/WhatsApp-Image-2025-07-19-at-19.10.36-7-1-32x21.jpeg 32w, https:\/\/mx1gpbrasil.alperprojetos.com.br\/wp-content\/uploads\/2025\/07\/WhatsApp-Image-2025-07-19-at-19.10.36-7-1-600x400.jpeg 600w, https:\/\/mx1gpbrasil.alperprojetos.com.br\/wp-content\/uploads\/2025\/07\/WhatsApp-Image-2025-07-19-at-19.10.36-7-1.jpeg 1600w\" sizes=\"auto, (max-width: 1024px) 100vw, 1024px\" \/><\/figure>\n\n\n\n<p class=\"wp-block-paragraph\">Na 65cc, Henrique Spinass\u00e9, Henri Krug e Arthur Lorenzo deram in\u00edcio a uma disputa apertada desde o come\u00e7o. Ao longo da prova, Arthur e Henrique se destacaram, alternando a lideran\u00e7a em um duelo t\u00e9cnico e estrat\u00e9gico. Na \u00faltima volta, Henrique conseguiu a ultrapassagem decisiva e celebrou sua primeira vit\u00f3ria na categoria.<\/p>\n\n\n\n<p class=\"wp-block-paragraph\"><strong>Classifica<\/strong><strong>\u00e7\u00e3o da bateria 65cc:<\/strong><\/p>\n\n\n\n<ul class=\"wp-block-list\">\n<li>1 &#8211; Henrique Spinass\u00e9<\/li>\n\n\n\n<li>2 &#8211; Arthur Lorenzo<\/li>\n\n\n\n<li>3 &#8211; Henri Krug<\/li>\n\n\n\n<li>4 &#8211; Ronan Ramos<\/li>\n\n\n\n<li>5 &#8211; Fernando Endo<\/li>\n<\/ul>\n\n\n\n<figure class=\"wp-block-image size-large\"><img loading=\"lazy\" decoding=\"async\" width=\"1024\" height=\"682\" src=\"https:\/\/mx1gpbrasil.com.br\/wp-content\/uploads\/2025\/07\/WhatsApp-Image-2025-07-19-at-19.10.36-4-1-1024x682.jpeg\" alt=\"\" class=\"wp-image-71484\" srcset=\"https:\/\/mx1gpbrasil.alperprojetos.com.br\/wp-content\/uploads\/2025\/07\/WhatsApp-Image-2025-07-19-at-19.10.36-4-1-1024x682.jpeg 1024w, https:\/\/mx1gpbrasil.alperprojetos.com.br\/wp-content\/uploads\/2025\/07\/WhatsApp-Image-2025-07-19-at-19.10.36-4-1-300x200.jpeg 300w, https:\/\/mx1gpbrasil.alperprojetos.com.br\/wp-content\/uploads\/2025\/07\/WhatsApp-Image-2025-07-19-at-19.10.36-4-1-768x512.jpeg 768w, https:\/\/mx1gpbrasil.alperprojetos.com.br\/wp-content\/uploads\/2025\/07\/WhatsApp-Image-2025-07-19-at-19.10.36-4-1-1536x1023.jpeg 1536w, https:\/\/mx1gpbrasil.alperprojetos.com.br\/wp-content\/uploads\/2025\/07\/WhatsApp-Image-2025-07-19-at-19.10.36-4-1-128x85.jpeg 128w, https:\/\/mx1gpbrasil.alperprojetos.com.br\/wp-content\/uploads\/2025\/07\/WhatsApp-Image-2025-07-19-at-19.10.36-4-1-32x21.jpeg 32w, https:\/\/mx1gpbrasil.alperprojetos.com.br\/wp-content\/uploads\/2025\/07\/WhatsApp-Image-2025-07-19-at-19.10.36-4-1-600x400.jpeg 600w, https:\/\/mx1gpbrasil.alperprojetos.com.br\/wp-content\/uploads\/2025\/07\/WhatsApp-Image-2025-07-19-at-19.10.36-4-1.jpeg 1600w\" sizes=\"auto, (max-width: 1024px) 100vw, 1024px\" \/><\/figure>\n\n\n\n<p class=\"wp-block-paragraph\">Fechando o s\u00e1bado com chave de ouro, a Nacional Regional teve gate cheio e muita disputa. Anderson Amaral voltou \u00e0 pista com energia renovada e, ap\u00f3s perseguir Juninho Tayt-son com paci\u00eancia, fez a ultrapassagem no momento certo, conquistando sua segunda vit\u00f3ria do dia e mostrando por que \u00e9 um dos grandes nomes da temporada.<\/p>\n\n\n\n<p class=\"wp-block-paragraph\">Neste domingo, a a\u00e7\u00e3o continua com as principais categorias do MX1 GP Brasil Sportbay retornando para a 6\u00aa etapa do campeonato. A expectativa \u00e9 alta para mais confrontos de alto n\u00edvel entre os gigantes do motocross nacional.<\/p>\n","protected":false},"excerpt":{"rendered":"<p>O s\u00e1bado foi de tirar o f\u00f4lego na \u201cEtapa da Moda\u201d do MX1 GP Brasil Sportbay, em Santa Cruz do Capibaribe\/PE. A areia pesada e trai\u00e7oeira do circuito elevou o n\u00edvel t\u00e9cnico das baterias, exigindo dos pilotos n\u00e3o apenas velocidade, mas tamb\u00e9m precis\u00e3o e intelig\u00eancia para lidar com a pista em constante mudan\u00e7a. Na categoria [&hellip;]<\/p>\n","protected":false},"author":1,"featured_media":71491,"comment_status":"closed","ping_status":"open","sticky":false,"template":"","format":"standard","meta":{"footnotes":""},"categories":[133],"tags":[],"class_list":["post-71477","post","type-post","status-publish","format-standard","has-post-thumbnail","hentry","category-motocross"],"_links":{"self":[{"href":"https:\/\/mx1gpbrasil.alperprojetos.com.br\/index.php\/wp-json\/wp\/v2\/posts\/71477","targetHints":{"allow":["GET"]}}],"collection":[{"href":"https:\/\/mx1gpbrasil.alperprojetos.com.br\/index.php\/wp-json\/wp\/v2\/posts"}],"about":[{"href":"https:\/\/mx1gpbrasil.alperprojetos.com.br\/index.php\/wp-json\/wp\/v2\/types\/post"}],"author":[{"embeddable":true,"href":"https:\/\/mx1gpbrasil.alperprojetos.com.br\/index.php\/wp-json\/wp\/v2\/users\/1"}],"replies":[{"embeddable":true,"href":"https:\/\/mx1gpbrasil.alperprojetos.com.br\/index.php\/wp-json\/wp\/v2\/comments?post=71477"}],"version-history":[{"count":0,"href":"https:\/\/mx1gpbrasil.alperprojetos.com.br\/index.php\/wp-json\/wp\/v2\/posts\/71477\/revisions"}],"wp:featuredmedia":[{"embeddable":true,"href":"https:\/\/mx1gpbrasil.alperprojetos.com.br\/index.php\/wp-json\/wp\/v2\/media\/71491"}],"wp:attachment":[{"href":"https:\/\/mx1gpbrasil.alperprojetos.com.br\/index.php\/wp-json\/wp\/v2\/media?parent=71477"}],"wp:term":[{"taxonomy":"category","embeddable":true,"href":"https:\/\/mx1gpbrasil.alperprojetos.com.br\/index.php\/wp-json\/wp\/v2\/categories?post=71477"},{"taxonomy":"post_tag","embeddable":true,"href":"https:\/\/mx1gpbrasil.alperprojetos.com.br\/index.php\/wp-json\/wp\/v2\/tags?post=71477"}],"curies":[{"name":"wp","href":"https:\/\/api.w.org\/{rel}","templated":true}]}}