{"id":71492,"date":"2025-07-21T09:24:43","date_gmt":"2025-07-21T12:24:43","guid":{"rendered":"https:\/\/mx1gpbrasil.com.br\/?p=71492"},"modified":"2025-07-21T09:24:43","modified_gmt":"2025-07-21T12:24:43","slug":"publico-inedito-e-grandes-duelos-marcam-o-fim-da-rodada-dupla-do-mx1-gp-brasil-sportbay-em-santa-cruz-do-capibaribe-pe","status":"publish","type":"post","link":"https:\/\/mx1gpbrasil.alperprojetos.com.br\/index.php\/2025\/07\/21\/publico-inedito-e-grandes-duelos-marcam-o-fim-da-rodada-dupla-do-mx1-gp-brasil-sportbay-em-santa-cruz-do-capibaribe-pe\/","title":{"rendered":"P\u00fablico in\u00e9dito e grandes duelos marcam o fim da rodada dupla do MX1 GP Brasil Sportbay em Santa Cruz do Capibaribe (PE)"},"content":{"rendered":"\n<p class=\"wp-block-paragraph\">Neste domingo (20), Santa Cruz do Capibaribe foi palco da 6\u00aa etapa do MX1 GP Brasil e encerrou com grande estilo a rodada dupla da competi\u00e7\u00e3o no Nordeste. O evento reuniu um p\u00fablico recorde, que lotou as arquibancadas e fez do agreste pernambucano um verdadeiro caldeir\u00e3o de emo\u00e7\u00e3o e adrenalina.<\/p>\n\n\n\n<p class=\"wp-block-paragraph\">As corridas foram marcadas por alto n\u00edvel t\u00e9cnico e disputas intensas do in\u00edcio ao fim. A etapa final da passagem nordestina trouxe mudan\u00e7as importantes na classifica\u00e7\u00e3o geral e acirrou a luta pelo t\u00edtulo, especialmente nas categorias MX1, MX2, MXJR e YZ125 bLU cRU Cup.<\/p>\n\n\n\n<p class=\"wp-block-paragraph\"><strong>MX1 \u2014 Van Horebeek vence com autoridade, e Rubini volta ao topo da classifica\u00e7\u00e3o<\/strong><\/p>\n\n\n\n<p class=\"wp-block-paragraph\">Na principal categoria do dia, Jeremy Van Horebeek mostrou por que \u00e9 um dos grandes nomes do motocross europeu. Com pilotagem precisa e ritmo forte do in\u00edcio ao fim, o belga conquistou a vit\u00f3ria geral da etapa. O franc\u00eas Stephen Rubini garantiu o segundo lugar, resultado suficiente para retomar a lideran\u00e7a do campeonato. Fechando o p\u00f3dio da rodada, F\u00e1bio Santos teve um desempenho s\u00f3lido e manteve-se na briga direta pelo t\u00edtulo.<\/p>\n\n\n\n<p class=\"wp-block-paragraph\"><strong>Classifica\u00e7\u00e3o da etapa \u2013 MX1<\/strong><br>1 &#8211; Jeremy Van Horebeek<br>2 &#8211; Stephen Rubini<br>3 &#8211; F\u00e1bio Santos<br>4 &#8211; Frederico Spagnol<br>5 &#8211; Guilherme Bresolin<\/p>\n\n\n\n<p class=\"wp-block-paragraph\"><strong>Ranking do campeonato \u2013 MX1<\/strong><br>1 &#8211; Stephen Rubini \u2013 261 pts<br>2 &#8211; F\u00e1bio Santos \u2013 256 pts<br>3 &#8211; Gustavo Pessoa \u2013 186 pts<br>4 &#8211; Guilherme Bresolin \u2013 181 pts<br>5 &#8211; Hector Assun\u00e7\u00e3o \u2013 179 pts<\/p>\n\n\n\n<figure class=\"wp-block-image size-large\"><img loading=\"lazy\" decoding=\"async\" width=\"1024\" height=\"682\" src=\"https:\/\/mx1gpbrasil.com.br\/wp-content\/uploads\/2025\/07\/WhatsApp-Image-2025-07-20-at-22.21.54-1024x682.jpeg\" alt=\"\" class=\"wp-image-71493\" srcset=\"https:\/\/mx1gpbrasil.alperprojetos.com.br\/wp-content\/uploads\/2025\/07\/WhatsApp-Image-2025-07-20-at-22.21.54-1024x682.jpeg 1024w, https:\/\/mx1gpbrasil.alperprojetos.com.br\/wp-content\/uploads\/2025\/07\/WhatsApp-Image-2025-07-20-at-22.21.54-300x200.jpeg 300w, https:\/\/mx1gpbrasil.alperprojetos.com.br\/wp-content\/uploads\/2025\/07\/WhatsApp-Image-2025-07-20-at-22.21.54-768x512.jpeg 768w, https:\/\/mx1gpbrasil.alperprojetos.com.br\/wp-content\/uploads\/2025\/07\/WhatsApp-Image-2025-07-20-at-22.21.54-1536x1023.jpeg 1536w, https:\/\/mx1gpbrasil.alperprojetos.com.br\/wp-content\/uploads\/2025\/07\/WhatsApp-Image-2025-07-20-at-22.21.54-128x85.jpeg 128w, https:\/\/mx1gpbrasil.alperprojetos.com.br\/wp-content\/uploads\/2025\/07\/WhatsApp-Image-2025-07-20-at-22.21.54-32x21.jpeg 32w, https:\/\/mx1gpbrasil.alperprojetos.com.br\/wp-content\/uploads\/2025\/07\/WhatsApp-Image-2025-07-20-at-22.21.54-600x400.jpeg 600w, https:\/\/mx1gpbrasil.alperprojetos.com.br\/wp-content\/uploads\/2025\/07\/WhatsApp-Image-2025-07-20-at-22.21.54.jpeg 1600w\" sizes=\"auto, (max-width: 1024px) 100vw, 1024px\" \/><\/figure>\n\n\n\n<ol class=\"wp-block-list\"><\/ol>\n\n\n\n<p class=\"wp-block-paragraph\"><strong>MX2 \u2014 Garib conquista a etapa, enquanto Tiburcio mant\u00e9m lideran\u00e7a s\u00f3lida<\/strong><\/p>\n\n\n\n<p class=\"wp-block-paragraph\"><br>Benjamin Garib, do Chile, teve um desempenho preciso e acelerou na hora certa para garantir a vit\u00f3ria geral na MX2. Mesmo ficando com o segundo lugar na etapa, o brasileiro Bernardo Tiburcio segue firme na lideran\u00e7a do campeonato, com uma vantagem confort\u00e1vel na classifica\u00e7\u00e3o. O uruguaio Germ\u00e1n Bratschi tamb\u00e9m teve um bom dia, somando pontos importantes com o terceiro lugar no geral.<\/p>\n\n\n\n<p class=\"wp-block-paragraph\"><strong>Classifica\u00e7\u00e3o da etapa \u2013 MX2<\/strong><br>1 &#8211; Benjamin Garib<br>2 &#8211; Bernardo Tiburcio<br>3 &#8211; German Bratschi<br>4 &#8211; Rodrigo Borges<br>5 &#8211; Arthur Gomes<\/p>\n\n\n\n<p class=\"wp-block-paragraph\"><strong>Ranking do campeonato \u2013 MX2<\/strong><br>1 &#8211; Bernardo Tiburcio \u2013 285 pts<br>2 &#8211; Benjamin Garib \u2013 230 pts<br>3 &#8211; German Bratschi \u2013 218 pts<br>4 &#8211; Vitor Borba \u2013 167 pts<br>5 &#8211; Pietro Piroli \u2013 162 pts<\/p>\n\n\n\n<figure class=\"wp-block-image size-large\"><img loading=\"lazy\" decoding=\"async\" width=\"1024\" height=\"682\" src=\"https:\/\/mx1gpbrasil.com.br\/wp-content\/uploads\/2025\/07\/WhatsApp-Image-2025-07-20-at-22.21.54-1-1024x682.jpeg\" alt=\"\" class=\"wp-image-71494\" srcset=\"https:\/\/mx1gpbrasil.alperprojetos.com.br\/wp-content\/uploads\/2025\/07\/WhatsApp-Image-2025-07-20-at-22.21.54-1-1024x682.jpeg 1024w, https:\/\/mx1gpbrasil.alperprojetos.com.br\/wp-content\/uploads\/2025\/07\/WhatsApp-Image-2025-07-20-at-22.21.54-1-300x200.jpeg 300w, https:\/\/mx1gpbrasil.alperprojetos.com.br\/wp-content\/uploads\/2025\/07\/WhatsApp-Image-2025-07-20-at-22.21.54-1-768x512.jpeg 768w, https:\/\/mx1gpbrasil.alperprojetos.com.br\/wp-content\/uploads\/2025\/07\/WhatsApp-Image-2025-07-20-at-22.21.54-1-1536x1023.jpeg 1536w, https:\/\/mx1gpbrasil.alperprojetos.com.br\/wp-content\/uploads\/2025\/07\/WhatsApp-Image-2025-07-20-at-22.21.54-1-128x85.jpeg 128w, https:\/\/mx1gpbrasil.alperprojetos.com.br\/wp-content\/uploads\/2025\/07\/WhatsApp-Image-2025-07-20-at-22.21.54-1-32x21.jpeg 32w, https:\/\/mx1gpbrasil.alperprojetos.com.br\/wp-content\/uploads\/2025\/07\/WhatsApp-Image-2025-07-20-at-22.21.54-1-600x400.jpeg 600w, https:\/\/mx1gpbrasil.alperprojetos.com.br\/wp-content\/uploads\/2025\/07\/WhatsApp-Image-2025-07-20-at-22.21.54-1.jpeg 1600w\" sizes=\"auto, (max-width: 1024px) 100vw, 1024px\" \/><\/figure>\n\n\n\n<ol class=\"wp-block-list\"><\/ol>\n\n\n\n<p class=\"wp-block-paragraph\"><strong>MXJR \u2014 Copetti vence mais uma e segue soberano na temporada<\/strong><\/p>\n\n\n\n<p class=\"wp-block-paragraph\">Francesco Copetti, da Argentina, continua escrevendo uma trajet\u00f3ria impec\u00e1vel na MXJR. Com mais uma atua\u00e7\u00e3o dominante, o jovem piloto conquistou sua sexta vit\u00f3ria consecutiva e refor\u00e7ou sua posi\u00e7\u00e3o de l\u00edder absoluto no campeonato. Zion Berchtold garantiu o segundo lugar, seguido por Enzo Fialho, que completou o p\u00f3dio da etapa.<\/p>\n\n\n\n<p class=\"wp-block-paragraph\"><strong>Classifica\u00e7\u00e3o da etapa \u2013 MXJR<\/strong><br>1 &#8211; Francesco Copetti2 <br>2 &#8211; Zion Berchtold<br>3 &#8211; Enzo Fialho4 <br>4 &#8211; Heitor Matos<br>5 &#8211; Lorenzo Ricken<br><br><strong>Ranking do campeonato \u2013 MXJR<\/strong><br>1 &#8211; Francesco Copetti \u2013 150 pts<br>2 &#8211; Enzo Fialho \u2013 112 pts<br>3 &#8211; Zion Berchtold \u2013 111 pts<br>4 &#8211; Heitor Matos \u2013 110 pts<br>5 &#8211; Lorenzo Ricken \u2013 106 pts<\/p>\n\n\n\n<figure class=\"wp-block-image size-large\"><img loading=\"lazy\" decoding=\"async\" width=\"1024\" height=\"682\" src=\"https:\/\/mx1gpbrasil.com.br\/wp-content\/uploads\/2025\/07\/WhatsApp-Image-2025-07-20-at-22.21.54-2-1024x682.jpeg\" alt=\"\" class=\"wp-image-71495\" srcset=\"https:\/\/mx1gpbrasil.alperprojetos.com.br\/wp-content\/uploads\/2025\/07\/WhatsApp-Image-2025-07-20-at-22.21.54-2-1024x682.jpeg 1024w, https:\/\/mx1gpbrasil.alperprojetos.com.br\/wp-content\/uploads\/2025\/07\/WhatsApp-Image-2025-07-20-at-22.21.54-2-300x200.jpeg 300w, https:\/\/mx1gpbrasil.alperprojetos.com.br\/wp-content\/uploads\/2025\/07\/WhatsApp-Image-2025-07-20-at-22.21.54-2-768x512.jpeg 768w, https:\/\/mx1gpbrasil.alperprojetos.com.br\/wp-content\/uploads\/2025\/07\/WhatsApp-Image-2025-07-20-at-22.21.54-2-1536x1023.jpeg 1536w, https:\/\/mx1gpbrasil.alperprojetos.com.br\/wp-content\/uploads\/2025\/07\/WhatsApp-Image-2025-07-20-at-22.21.54-2-128x85.jpeg 128w, https:\/\/mx1gpbrasil.alperprojetos.com.br\/wp-content\/uploads\/2025\/07\/WhatsApp-Image-2025-07-20-at-22.21.54-2-32x21.jpeg 32w, https:\/\/mx1gpbrasil.alperprojetos.com.br\/wp-content\/uploads\/2025\/07\/WhatsApp-Image-2025-07-20-at-22.21.54-2-600x400.jpeg 600w, https:\/\/mx1gpbrasil.alperprojetos.com.br\/wp-content\/uploads\/2025\/07\/WhatsApp-Image-2025-07-20-at-22.21.54-2.jpeg 1600w\" sizes=\"auto, (max-width: 1024px) 100vw, 1024px\" \/><\/figure>\n\n\n\n<ol class=\"wp-block-list\"><\/ol>\n\n\n\n<p class=\"wp-block-paragraph\"><strong>YZ125 bLU cRU Cup \u2014 Kauan Vieira brilha em prova intensa e vence confronto sul-americano<\/strong><\/p>\n\n\n\n<p class=\"wp-block-paragraph\">Em uma das corridas mais disputadas do fim de semana, o brasileiro Kau\u00e3 Vieira levou a melhor na YZ125 bLU cRU Cup. Mostrando t\u00e9cnica e controle sob press\u00e3o, ele superou o boliviano Sebastian Velasquez e o chileno Rodrigo Sturt em um verdadeiro duelo internacional, garantindo a vit\u00f3ria na categoria monomarca.<\/p>\n\n\n\n<p class=\"wp-block-paragraph\"><strong>Classifica\u00e7\u00e3o da etapa \u2013 YZ125 bLU cRU Cup<\/strong><br>1 &#8211; Kauan Vieira<br>2 &#8211; Sebastian Velasquez<br>3 &#8211; Rodrigo Stuardo<br>4 &#8211; Eduardo Gusman<br>5 &#8211; Gustavo Mauricio Torres<br><\/p>\n\n\n\n<p class=\"wp-block-paragraph\"><strong>Ranking do campeonato \u2013 YZ125 bLU cRU Cup<\/strong><br>1 &#8211; Kauan Vieira \u2013 25 pts<br>2 &#8211; Sebastian Velasquez \u2013 22 pts<br>3 &#8211; Rodrigo Stuardo \u2013 20 pts<br>4 &#8211; Eduardo Gusman \u2013 18 pts<br>5 &#8211; Gustavo Mauricio Torres \u2013 16 pts<\/p>\n\n\n\n<figure class=\"wp-block-image size-large\"><img loading=\"lazy\" decoding=\"async\" width=\"1024\" height=\"682\" src=\"https:\/\/mx1gpbrasil.com.br\/wp-content\/uploads\/2025\/07\/WhatsApp-Image-2025-07-20-at-22.21.54-3-1024x682.jpeg\" alt=\"\" class=\"wp-image-71496\" srcset=\"https:\/\/mx1gpbrasil.alperprojetos.com.br\/wp-content\/uploads\/2025\/07\/WhatsApp-Image-2025-07-20-at-22.21.54-3-1024x682.jpeg 1024w, https:\/\/mx1gpbrasil.alperprojetos.com.br\/wp-content\/uploads\/2025\/07\/WhatsApp-Image-2025-07-20-at-22.21.54-3-300x200.jpeg 300w, https:\/\/mx1gpbrasil.alperprojetos.com.br\/wp-content\/uploads\/2025\/07\/WhatsApp-Image-2025-07-20-at-22.21.54-3-768x512.jpeg 768w, https:\/\/mx1gpbrasil.alperprojetos.com.br\/wp-content\/uploads\/2025\/07\/WhatsApp-Image-2025-07-20-at-22.21.54-3-1536x1023.jpeg 1536w, https:\/\/mx1gpbrasil.alperprojetos.com.br\/wp-content\/uploads\/2025\/07\/WhatsApp-Image-2025-07-20-at-22.21.54-3-128x85.jpeg 128w, https:\/\/mx1gpbrasil.alperprojetos.com.br\/wp-content\/uploads\/2025\/07\/WhatsApp-Image-2025-07-20-at-22.21.54-3-32x21.jpeg 32w, https:\/\/mx1gpbrasil.alperprojetos.com.br\/wp-content\/uploads\/2025\/07\/WhatsApp-Image-2025-07-20-at-22.21.54-3-600x400.jpeg 600w, https:\/\/mx1gpbrasil.alperprojetos.com.br\/wp-content\/uploads\/2025\/07\/WhatsApp-Image-2025-07-20-at-22.21.54-3.jpeg 1600w\" sizes=\"auto, (max-width: 1024px) 100vw, 1024px\" \/><\/figure>\n\n\n\n<ol class=\"wp-block-list\"><\/ol>\n\n\n\n<p class=\"wp-block-paragraph\">Com estrutura de alto n\u00edvel, arquibancadas lotadas e um p\u00fablico in\u00e9dito, a 5\u00aa e 6\u00aa etapa do MX1 GP Brasil Sportbay em Santa Cruz do Capibaribe (PE) entrou para a hist\u00f3ria do motocross nacional. A cidade viveu um fim de semana memor\u00e1vel, reunindo atletas de diversos pa\u00edses, corridas emocionantes e uma atmosfera de pura paix\u00e3o pelo esporte. A \u201cEtapa da Moda\u201d n\u00e3o apenas consolidou o sucesso da rodada dupla no Nordeste, mas tamb\u00e9m elevou o padr\u00e3o dos eventos off-road no Brasil, provando que o motocross segue em plena ascens\u00e3o \u2014 dentro e fora das pistas.<\/p>\n\n\n\n<p class=\"wp-block-paragraph\">Nos vemos na pr\u00f3xima etapa em Brumadinho nos dias 16 e 17 de agosto.<\/p>\n\n\n\n<p class=\"wp-block-paragraph\"><\/p>\n","protected":false},"excerpt":{"rendered":"<p>Neste domingo (20), Santa Cruz do Capibaribe foi palco da 6\u00aa etapa do MX1 GP Brasil e encerrou com grande estilo a rodada dupla da competi\u00e7\u00e3o no Nordeste. O evento reuniu um p\u00fablico recorde, que lotou as arquibancadas e fez do agreste pernambucano um verdadeiro caldeir\u00e3o de emo\u00e7\u00e3o e adrenalina. As corridas foram marcadas por [&hellip;]<\/p>\n","protected":false},"author":1,"featured_media":71497,"comment_status":"closed","ping_status":"open","sticky":false,"template":"","format":"standard","meta":{"footnotes":""},"categories":[133],"tags":[],"class_list":["post-71492","post","type-post","status-publish","format-standard","has-post-thumbnail","hentry","category-motocross"],"_links":{"self":[{"href":"https:\/\/mx1gpbrasil.alperprojetos.com.br\/index.php\/wp-json\/wp\/v2\/posts\/71492","targetHints":{"allow":["GET"]}}],"collection":[{"href":"https:\/\/mx1gpbrasil.alperprojetos.com.br\/index.php\/wp-json\/wp\/v2\/posts"}],"about":[{"href":"https:\/\/mx1gpbrasil.alperprojetos.com.br\/index.php\/wp-json\/wp\/v2\/types\/post"}],"author":[{"embeddable":true,"href":"https:\/\/mx1gpbrasil.alperprojetos.com.br\/index.php\/wp-json\/wp\/v2\/users\/1"}],"replies":[{"embeddable":true,"href":"https:\/\/mx1gpbrasil.alperprojetos.com.br\/index.php\/wp-json\/wp\/v2\/comments?post=71492"}],"version-history":[{"count":0,"href":"https:\/\/mx1gpbrasil.alperprojetos.com.br\/index.php\/wp-json\/wp\/v2\/posts\/71492\/revisions"}],"wp:featuredmedia":[{"embeddable":true,"href":"https:\/\/mx1gpbrasil.alperprojetos.com.br\/index.php\/wp-json\/wp\/v2\/media\/71497"}],"wp:attachment":[{"href":"https:\/\/mx1gpbrasil.alperprojetos.com.br\/index.php\/wp-json\/wp\/v2\/media?parent=71492"}],"wp:term":[{"taxonomy":"category","embeddable":true,"href":"https:\/\/mx1gpbrasil.alperprojetos.com.br\/index.php\/wp-json\/wp\/v2\/categories?post=71492"},{"taxonomy":"post_tag","embeddable":true,"href":"https:\/\/mx1gpbrasil.alperprojetos.com.br\/index.php\/wp-json\/wp\/v2\/tags?post=71492"}],"curies":[{"name":"wp","href":"https:\/\/api.w.org\/{rel}","templated":true}]}}