{"id":71507,"date":"2025-07-30T10:22:30","date_gmt":"2025-07-30T13:22:30","guid":{"rendered":"https:\/\/mx1gpbrasil.com.br\/?p=71507"},"modified":"2025-07-30T10:22:30","modified_gmt":"2025-07-30T13:22:30","slug":"credenciamento-de-imprensa-aberto-para-a-7a-etapa-do-mx1-gp-brasil-sportbay-em-brumadinho-mg","status":"publish","type":"post","link":"https:\/\/mx1gpbrasil.alperprojetos.com.br\/index.php\/2025\/07\/30\/credenciamento-de-imprensa-aberto-para-a-7a-etapa-do-mx1-gp-brasil-sportbay-em-brumadinho-mg\/","title":{"rendered":"Credenciamento de Imprensa aberto para a 7\u00aa Etapa do MX1 GP Brasil Sportbay em Brumadinho\/MG"},"content":{"rendered":"\n<p class=\"wp-block-paragraph\">Est\u00e1 oficialmente aberto o credenciamento de imprensa para a 7\u00aa etapa do MX1 GP Brasil Sportbay, que ser\u00e1 realizada na cidade de Brumadinho (MG). Profissionais da comunica\u00e7\u00e3o que desejam cobrir o evento j\u00e1 podem se inscrever entre os dias 30 de julho e 8 de agosto.<\/p>\n\n\n\n<p class=\"wp-block-paragraph\">A etapa mineira promete fortes emo\u00e7\u00f5es em uma das regi\u00f5es mais emblem\u00e1ticas do estado.<\/p>\n\n\n\n<p class=\"wp-block-paragraph\"><strong>Prazos e orienta\u00e7\u00f5es<\/strong><\/p>\n\n\n\n<p class=\"wp-block-paragraph\">O credenciamento \u00e9 exclusivo para jornalistas, fot\u00f3grafos, cinegrafistas e profissionais que atuam na cobertura esportiva. As solicita\u00e7\u00f5es devem ser feitas dentro do prazo oficial \u2014 de 30\/07 a 08\/08 \u2014 por meio do formul\u00e1rio dispon\u00edvel em nosso site, na aba imprensa.<\/p>\n\n\n\n<p class=\"wp-block-paragraph\">Ap\u00f3s o encerramento do per\u00edodo de credenciamento, todos os solicitantes receber\u00e3o um retorno por e-mail, informando se o credenciamento foi aprovado ou n\u00e3o, junto \u00e0s instru\u00e7\u00f5es para retirada das credenciais no local do evento em caso de aprova\u00e7\u00e3o.<\/p>\n\n\n\n<p class=\"wp-block-paragraph\"><strong>Estrutura profissional para a imprensa<\/strong><\/p>\n\n\n\n<p class=\"wp-block-paragraph\">Com o objetivo de oferecer um ambiente de trabalho qualificado e seguro, o MX1 GP Brasil Sportbay mant\u00e9m seu compromisso com uma estrutura voltada aos profissionais da comunica\u00e7\u00e3o, com sala de imprensa, acesso \u00e0s \u00e1reas de box, p\u00f3dio e pista, al\u00e9m de acesso a internet e demais itens necess\u00e1rios aos profissionais.<\/p>\n\n\n\n<p class=\"wp-block-paragraph\">A cobertura jornal\u00edstica ser\u00e1 fundamental para levar ao p\u00fablico a emo\u00e7\u00e3o e a grandiosidade da etapa, destacando os bastidores, os protagonistas e os momentos decisivos da competi\u00e7\u00e3o.<\/p>\n\n\n\n<p class=\"wp-block-paragraph\">7\u00aa etapa \u2013 MX1 GP Brasil Sportbay<br>\ud83d\udccd Brumadinho\/MG<br>\ud83d\udcc6 Dias 10 e 11 de agosto<br>\ud83d\udcdd Credenciamento de Imprensa: 30\/07 a 08\/08<\/p>\n\n\n\n<p class=\"wp-block-paragraph\">A 7\u00aa etapa do <strong>MX1 GP Brasil Sportbay<\/strong> promete movimentar Brumadinho com muita adrenalina e grandes hist\u00f3rias nas pistas. Profissionais da imprensa t\u00eam agora a oportunidade de vivenciar tudo de perto, com acesso facilitado e estrutura adequada para uma cobertura de qualidade.<\/p>\n\n\n\n<p class=\"wp-block-paragraph\"><strong>N\u00e3o perca o prazo de credenciamento e venha fazer parte desse grande espet\u00e1culo do motocross nacional!<\/strong><\/p>\n\n\n\n<p class=\"wp-block-paragraph\"><\/p>\n","protected":false},"excerpt":{"rendered":"<p>Est\u00e1 oficialmente aberto o credenciamento de imprensa para a 7\u00aa etapa do MX1 GP Brasil Sportbay, que ser\u00e1 realizada na cidade de Brumadinho (MG). Profissionais da comunica\u00e7\u00e3o que desejam cobrir o evento j\u00e1 podem se inscrever entre os dias 30 de julho e 8 de agosto. A etapa mineira promete fortes emo\u00e7\u00f5es em uma das [&hellip;]<\/p>\n","protected":false},"author":1,"featured_media":71509,"comment_status":"closed","ping_status":"open","sticky":false,"template":"","format":"standard","meta":{"footnotes":""},"categories":[133],"tags":[],"class_list":["post-71507","post","type-post","status-publish","format-standard","has-post-thumbnail","hentry","category-motocross"],"_links":{"self":[{"href":"https:\/\/mx1gpbrasil.alperprojetos.com.br\/index.php\/wp-json\/wp\/v2\/posts\/71507","targetHints":{"allow":["GET"]}}],"collection":[{"href":"https:\/\/mx1gpbrasil.alperprojetos.com.br\/index.php\/wp-json\/wp\/v2\/posts"}],"about":[{"href":"https:\/\/mx1gpbrasil.alperprojetos.com.br\/index.php\/wp-json\/wp\/v2\/types\/post"}],"author":[{"embeddable":true,"href":"https:\/\/mx1gpbrasil.alperprojetos.com.br\/index.php\/wp-json\/wp\/v2\/users\/1"}],"replies":[{"embeddable":true,"href":"https:\/\/mx1gpbrasil.alperprojetos.com.br\/index.php\/wp-json\/wp\/v2\/comments?post=71507"}],"version-history":[{"count":0,"href":"https:\/\/mx1gpbrasil.alperprojetos.com.br\/index.php\/wp-json\/wp\/v2\/posts\/71507\/revisions"}],"wp:featuredmedia":[{"embeddable":true,"href":"https:\/\/mx1gpbrasil.alperprojetos.com.br\/index.php\/wp-json\/wp\/v2\/media\/71509"}],"wp:attachment":[{"href":"https:\/\/mx1gpbrasil.alperprojetos.com.br\/index.php\/wp-json\/wp\/v2\/media?parent=71507"}],"wp:term":[{"taxonomy":"category","embeddable":true,"href":"https:\/\/mx1gpbrasil.alperprojetos.com.br\/index.php\/wp-json\/wp\/v2\/categories?post=71507"},{"taxonomy":"post_tag","embeddable":true,"href":"https:\/\/mx1gpbrasil.alperprojetos.com.br\/index.php\/wp-json\/wp\/v2\/tags?post=71507"}],"curies":[{"name":"wp","href":"https:\/\/api.w.org\/{rel}","templated":true}]}}