{"id":71517,"date":"2025-08-01T14:44:16","date_gmt":"2025-08-01T17:44:16","guid":{"rendered":"https:\/\/mx1gpbrasil.com.br\/?p=71517"},"modified":"2025-08-01T14:44:16","modified_gmt":"2025-08-01T17:44:16","slug":"7a-etapa-do-mx1-gp-brasil-sportbay-em-brumadinho-tera-mx3-valida-pelo-campeonato-brasileiro-e-mx4-valida-somente-pelo-estadual-saiba-mais","status":"publish","type":"post","link":"https:\/\/mx1gpbrasil.alperprojetos.com.br\/index.php\/2025\/08\/01\/7a-etapa-do-mx1-gp-brasil-sportbay-em-brumadinho-tera-mx3-valida-pelo-campeonato-brasileiro-e-mx4-valida-somente-pelo-estadual-saiba-mais\/","title":{"rendered":"7\u00aa etapa do MX1 GP Brasil Sportbay em Brumadinho ter\u00e1 MX3 v\u00e1lida pelo Campeonato Brasileiro e MX4 v\u00e1lida somente pelo estadual: saiba mais"},"content":{"rendered":"\n<p class=\"wp-block-paragraph\">Foi inserida nesta etapa, a categoria MX3 que ser\u00e1 v\u00e1lida pelo Campeonato Brasileiro de Motocross e est\u00e1 aberta a todos pilotos federados. As inscri\u00e7\u00f5es devem ser feitas antecipadamente pelo site:<br><br><a href=\"https:\/\/eventos.sportbay.com.br\/eventos\/7-mx1gp-brmx\">https:\/\/eventos.sportbay.com.br\/eventos\/7-mx1gp-brmx<\/a><\/p>\n\n\n\n<p class=\"wp-block-paragraph\">J\u00e1 a MX4, de car\u00e1ter estadual, pode ser disputada por qualquer piloto, mesmo sem estar disputando o Campeonato Brasileiro. A inscri\u00e7\u00e3o \u00e9 feita somente no local, na secretaria de prova, com o mesmo valor da inscri\u00e7\u00e3o online \u2014 sem acr\u00e9scimo.<\/p>\n\n\n\n<p class=\"wp-block-paragraph\">Ambas as categorias ter\u00e3o direito a p\u00f3dio e trof\u00e9u oficial do evento.<\/p>\n\n\n\n<p class=\"wp-block-paragraph\">A MX4 larga junto com a MX5, que \u00e9 v\u00e1lida pelo Campeonato Brasileiro. Por isso, n\u00e3o aparece separadamente na programa\u00e7\u00e3o oficial, mas ser\u00e1 devidamente contabilizada e premiada.<\/p>\n\n\n\n<p class=\"wp-block-paragraph\">A inclus\u00e3o dessas categorias valoriza os pilotos regionais, fortalece o motocross estadual e movimenta a economia local, oferecendo a chance de competir em um evento de n\u00edvel nacional.<\/p>\n\n\n\n<p class=\"wp-block-paragraph\">Fique ligado e garanta sua participa\u00e7\u00e3o.<br>Confira a programa\u00e7\u00e3o oficial. <\/p>\n\n\n\n<figure class=\"wp-block-image size-large\"><img loading=\"lazy\" decoding=\"async\" width=\"746\" height=\"1024\" src=\"https:\/\/mx1gpbrasil.com.br\/wp-content\/uploads\/2025\/08\/IMG_0840-1-746x1024.jpeg\" alt=\"\" class=\"wp-image-71523\" srcset=\"https:\/\/mx1gpbrasil.alperprojetos.com.br\/wp-content\/uploads\/2025\/08\/IMG_0840-1-746x1024.jpeg 746w, https:\/\/mx1gpbrasil.alperprojetos.com.br\/wp-content\/uploads\/2025\/08\/IMG_0840-1-218x300.jpeg 218w, https:\/\/mx1gpbrasil.alperprojetos.com.br\/wp-content\/uploads\/2025\/08\/IMG_0840-1-768x1055.jpeg 768w, https:\/\/mx1gpbrasil.alperprojetos.com.br\/wp-content\/uploads\/2025\/08\/IMG_0840-1-1118x1536.jpeg 1118w, https:\/\/mx1gpbrasil.alperprojetos.com.br\/wp-content\/uploads\/2025\/08\/IMG_0840-1-93x128.jpeg 93w, https:\/\/mx1gpbrasil.alperprojetos.com.br\/wp-content\/uploads\/2025\/08\/IMG_0840-1-23x32.jpeg 23w, https:\/\/mx1gpbrasil.alperprojetos.com.br\/wp-content\/uploads\/2025\/08\/IMG_0840-1-600x824.jpeg 600w, https:\/\/mx1gpbrasil.alperprojetos.com.br\/wp-content\/uploads\/2025\/08\/IMG_0840-1.jpeg 1320w\" sizes=\"auto, (max-width: 746px) 100vw, 746px\" \/><\/figure>\n\n\n\n<figure class=\"wp-block-image size-large\"><img loading=\"lazy\" decoding=\"async\" width=\"745\" height=\"1024\" src=\"https:\/\/mx1gpbrasil.com.br\/wp-content\/uploads\/2025\/08\/IMG_0841-745x1024.jpeg\" alt=\"\" class=\"wp-image-71524\" srcset=\"https:\/\/mx1gpbrasil.alperprojetos.com.br\/wp-content\/uploads\/2025\/08\/IMG_0841-745x1024.jpeg 745w, https:\/\/mx1gpbrasil.alperprojetos.com.br\/wp-content\/uploads\/2025\/08\/IMG_0841-218x300.jpeg 218w, https:\/\/mx1gpbrasil.alperprojetos.com.br\/wp-content\/uploads\/2025\/08\/IMG_0841-768x1055.jpeg 768w, https:\/\/mx1gpbrasil.alperprojetos.com.br\/wp-content\/uploads\/2025\/08\/IMG_0841-1118x1536.jpeg 1118w, https:\/\/mx1gpbrasil.alperprojetos.com.br\/wp-content\/uploads\/2025\/08\/IMG_0841-93x128.jpeg 93w, https:\/\/mx1gpbrasil.alperprojetos.com.br\/wp-content\/uploads\/2025\/08\/IMG_0841-23x32.jpeg 23w, https:\/\/mx1gpbrasil.alperprojetos.com.br\/wp-content\/uploads\/2025\/08\/IMG_0841-600x825.jpeg 600w, https:\/\/mx1gpbrasil.alperprojetos.com.br\/wp-content\/uploads\/2025\/08\/IMG_0841.jpeg 1320w\" sizes=\"auto, (max-width: 745px) 100vw, 745px\" \/><\/figure>\n\n\n\n<figure class=\"wp-block-image size-large\"><img loading=\"lazy\" decoding=\"async\" width=\"738\" height=\"1024\" src=\"https:\/\/mx1gpbrasil.com.br\/wp-content\/uploads\/2025\/08\/IMG_0842-738x1024.jpeg\" alt=\"\" class=\"wp-image-71525\" srcset=\"https:\/\/mx1gpbrasil.alperprojetos.com.br\/wp-content\/uploads\/2025\/08\/IMG_0842-738x1024.jpeg 738w, https:\/\/mx1gpbrasil.alperprojetos.com.br\/wp-content\/uploads\/2025\/08\/IMG_0842-216x300.jpeg 216w, https:\/\/mx1gpbrasil.alperprojetos.com.br\/wp-content\/uploads\/2025\/08\/IMG_0842-768x1066.jpeg 768w, https:\/\/mx1gpbrasil.alperprojetos.com.br\/wp-content\/uploads\/2025\/08\/IMG_0842-1107x1536.jpeg 1107w, https:\/\/mx1gpbrasil.alperprojetos.com.br\/wp-content\/uploads\/2025\/08\/IMG_0842-92x128.jpeg 92w, https:\/\/mx1gpbrasil.alperprojetos.com.br\/wp-content\/uploads\/2025\/08\/IMG_0842-23x32.jpeg 23w, https:\/\/mx1gpbrasil.alperprojetos.com.br\/wp-content\/uploads\/2025\/08\/IMG_0842-600x833.jpeg 600w, https:\/\/mx1gpbrasil.alperprojetos.com.br\/wp-content\/uploads\/2025\/08\/IMG_0842.jpeg 1320w\" sizes=\"auto, (max-width: 738px) 100vw, 738px\" \/><\/figure>\n","protected":false},"excerpt":{"rendered":"<p>Foi inserida nesta etapa, a categoria MX3 que ser\u00e1 v\u00e1lida pelo Campeonato Brasileiro de Motocross e est\u00e1 aberta a todos pilotos federados. As inscri\u00e7\u00f5es devem ser feitas antecipadamente pelo site: https:\/\/eventos.sportbay.com.br\/eventos\/7-mx1gp-brmx J\u00e1 a MX4, de car\u00e1ter estadual, pode ser disputada por qualquer piloto, mesmo sem estar disputando o Campeonato Brasileiro. A inscri\u00e7\u00e3o \u00e9 feita somente [&hellip;]<\/p>\n","protected":false},"author":1,"featured_media":71518,"comment_status":"closed","ping_status":"open","sticky":false,"template":"","format":"standard","meta":{"footnotes":""},"categories":[133],"tags":[],"class_list":["post-71517","post","type-post","status-publish","format-standard","has-post-thumbnail","hentry","category-motocross"],"_links":{"self":[{"href":"https:\/\/mx1gpbrasil.alperprojetos.com.br\/index.php\/wp-json\/wp\/v2\/posts\/71517","targetHints":{"allow":["GET"]}}],"collection":[{"href":"https:\/\/mx1gpbrasil.alperprojetos.com.br\/index.php\/wp-json\/wp\/v2\/posts"}],"about":[{"href":"https:\/\/mx1gpbrasil.alperprojetos.com.br\/index.php\/wp-json\/wp\/v2\/types\/post"}],"author":[{"embeddable":true,"href":"https:\/\/mx1gpbrasil.alperprojetos.com.br\/index.php\/wp-json\/wp\/v2\/users\/1"}],"replies":[{"embeddable":true,"href":"https:\/\/mx1gpbrasil.alperprojetos.com.br\/index.php\/wp-json\/wp\/v2\/comments?post=71517"}],"version-history":[{"count":0,"href":"https:\/\/mx1gpbrasil.alperprojetos.com.br\/index.php\/wp-json\/wp\/v2\/posts\/71517\/revisions"}],"wp:featuredmedia":[{"embeddable":true,"href":"https:\/\/mx1gpbrasil.alperprojetos.com.br\/index.php\/wp-json\/wp\/v2\/media\/71518"}],"wp:attachment":[{"href":"https:\/\/mx1gpbrasil.alperprojetos.com.br\/index.php\/wp-json\/wp\/v2\/media?parent=71517"}],"wp:term":[{"taxonomy":"category","embeddable":true,"href":"https:\/\/mx1gpbrasil.alperprojetos.com.br\/index.php\/wp-json\/wp\/v2\/categories?post=71517"},{"taxonomy":"post_tag","embeddable":true,"href":"https:\/\/mx1gpbrasil.alperprojetos.com.br\/index.php\/wp-json\/wp\/v2\/tags?post=71517"}],"curies":[{"name":"wp","href":"https:\/\/api.w.org\/{rel}","templated":true}]}}