{"id":71529,"date":"2025-08-16T18:00:00","date_gmt":"2025-08-16T21:00:00","guid":{"rendered":"http:\/\/mx1gpbrasil.com.br\/?p=71529"},"modified":"2025-08-16T18:00:00","modified_gmt":"2025-08-16T21:00:00","slug":"mx1-gp-brasil-sportbay-em-brumadinho-mg-teve-um-sabado-de-grandes-disputas","status":"publish","type":"post","link":"https:\/\/mx1gpbrasil.alperprojetos.com.br\/index.php\/2025\/08\/16\/mx1-gp-brasil-sportbay-em-brumadinho-mg-teve-um-sabado-de-grandes-disputas\/","title":{"rendered":"MX1 GP Brasil Sportbay em Brumadinho\/MG teve um s\u00e1bado de grandes disputas"},"content":{"rendered":"\n<p class=\"wp-block-paragraph\">Minas Gerais voltou a sediar uma etapa MX1GP Brasil Sportbay ap\u00f3s aproximadamente seis anos de aus\u00eancia. Desta vez, o munic\u00edpio de Brumadinho, que vem ganhando destaque como um dos principais polos dos esportes off-road no pa\u00eds, foi o anfitri\u00e3o da 7\u00aa etapa da temporada 2025 do maior campeonato de Motocross da Am\u00e9rica Latina.<\/p>\n\n\n\n<p class=\"wp-block-paragraph\">O s\u00e1bado foi tomado por uma programa\u00e7\u00e3o intensa, com treinos, classificat\u00f3rias e baterias oficiais, trazendo muita adrenalina e diversas atra\u00e7\u00f5es para o p\u00fablico presente. A ABERO (Associa\u00e7\u00e3o Brumadinhense de Esportes Radicais Off-Road) promoveu uma semana repleta de atividades sociais, shows de freestyle motocross (FMX) e visitas \u00e0s escolas da regi\u00e3o com pilotos de destaque do campeonato.<\/p>\n\n\n\n<p class=\"wp-block-paragraph\">As disputas do dia inclu\u00edram as categorias MX5, MX3, 65cc, 50cc, MXF e o Latino-Americano de YZ 125, com corridas emocionantes e desempenhos de alto n\u00edvel.<\/p>\n\n\n\n<p class=\"wp-block-paragraph\">A MX3, primeira bateria oficial do s\u00e1bado, foi intensa desde os treinos classificat\u00f3rios. O paulista Caio Lopes, estreante na categoria e retornando ao MX1GP Brasil, foi o grande destaque. Ap\u00f3s liderar a classificat\u00f3ria, ele manteve um ritmo acelerado durante toda a prova e cruzou a linha de chegada com vantagem, garantindo a vit\u00f3ria na etapa.<\/p>\n\n\n\n<p class=\"wp-block-paragraph\"><strong>Resultado MX3<\/strong><br>1 &#8211; Caio Lopes<br>2 &#8211; Anderson Amaral<br>3 &#8211; Pedro Godoy<br>4 &#8211; Daniel Federal<br>5 &#8211; Uislei Del Piero<\/p>\n\n\n\n<figure class=\"wp-block-image size-large\"><img loading=\"lazy\" decoding=\"async\" width=\"1024\" height=\"682\" src=\"http:\/\/mx1gpbrasil.com.br\/wp-content\/uploads\/2025\/08\/WhatsApp-Image-2025-08-19-at-17.09.17-1024x682.jpeg\" alt=\"\" class=\"wp-image-71530\" srcset=\"https:\/\/mx1gpbrasil.alperprojetos.com.br\/wp-content\/uploads\/2025\/08\/WhatsApp-Image-2025-08-19-at-17.09.17-1024x682.jpeg 1024w, https:\/\/mx1gpbrasil.alperprojetos.com.br\/wp-content\/uploads\/2025\/08\/WhatsApp-Image-2025-08-19-at-17.09.17-300x200.jpeg 300w, https:\/\/mx1gpbrasil.alperprojetos.com.br\/wp-content\/uploads\/2025\/08\/WhatsApp-Image-2025-08-19-at-17.09.17-768x512.jpeg 768w, https:\/\/mx1gpbrasil.alperprojetos.com.br\/wp-content\/uploads\/2025\/08\/WhatsApp-Image-2025-08-19-at-17.09.17-128x85.jpeg 128w, https:\/\/mx1gpbrasil.alperprojetos.com.br\/wp-content\/uploads\/2025\/08\/WhatsApp-Image-2025-08-19-at-17.09.17-32x21.jpeg 32w, https:\/\/mx1gpbrasil.alperprojetos.com.br\/wp-content\/uploads\/2025\/08\/WhatsApp-Image-2025-08-19-at-17.09.17-600x400.jpeg 600w, https:\/\/mx1gpbrasil.alperprojetos.com.br\/wp-content\/uploads\/2025\/08\/WhatsApp-Image-2025-08-19-at-17.09.17.jpeg 1280w\" sizes=\"auto, (max-width: 1024px) 100vw, 1024px\" \/><\/figure>\n\n\n\n<p class=\"wp-block-paragraph\">Em seguida, foi a vez dos experientes pilotos da categoria MX5 entrarem na pista com tudo. O multicampe\u00e3o Jorge Negretti saiu na frente, mas acabou sendo superado pelo forte desempenho de Jos\u00e9 Israel, que garantiu a vit\u00f3ria na bateria. Hudson Oleg\u00e1rio ficou com a segunda coloca\u00e7\u00e3o, e Negretti finalizou a prova em terceiro, completando o p\u00f3dio.<\/p>\n\n\n\n<p class=\"wp-block-paragraph\"><strong>Resultado MX5<\/strong><br>1 &#8211; Jo\u00e3o Israel<br>2 &#8211; Hudson Oleg\u00e1rio<br>3 &#8211; Jorge Negretti<br>4 &#8211; Erivelto Nicoladelli<br>5 &#8211; Alexandro Martins<\/p>\n\n\n\n<figure class=\"wp-block-image size-large\"><img loading=\"lazy\" decoding=\"async\" width=\"1024\" height=\"682\" src=\"http:\/\/mx1gpbrasil.com.br\/wp-content\/uploads\/2025\/08\/WhatsApp-Image-2025-08-19-at-17.12.38-1024x682.jpeg\" alt=\"\" class=\"wp-image-71532\" srcset=\"https:\/\/mx1gpbrasil.alperprojetos.com.br\/wp-content\/uploads\/2025\/08\/WhatsApp-Image-2025-08-19-at-17.12.38-1024x682.jpeg 1024w, https:\/\/mx1gpbrasil.alperprojetos.com.br\/wp-content\/uploads\/2025\/08\/WhatsApp-Image-2025-08-19-at-17.12.38-300x200.jpeg 300w, https:\/\/mx1gpbrasil.alperprojetos.com.br\/wp-content\/uploads\/2025\/08\/WhatsApp-Image-2025-08-19-at-17.12.38-768x512.jpeg 768w, https:\/\/mx1gpbrasil.alperprojetos.com.br\/wp-content\/uploads\/2025\/08\/WhatsApp-Image-2025-08-19-at-17.12.38-128x85.jpeg 128w, https:\/\/mx1gpbrasil.alperprojetos.com.br\/wp-content\/uploads\/2025\/08\/WhatsApp-Image-2025-08-19-at-17.12.38-32x21.jpeg 32w, https:\/\/mx1gpbrasil.alperprojetos.com.br\/wp-content\/uploads\/2025\/08\/WhatsApp-Image-2025-08-19-at-17.12.38-600x400.jpeg 600w, https:\/\/mx1gpbrasil.alperprojetos.com.br\/wp-content\/uploads\/2025\/08\/WhatsApp-Image-2025-08-19-at-17.12.38.jpeg 1280w\" sizes=\"auto, (max-width: 1024px) 100vw, 1024px\" \/><\/figure>\n\n\n\n<p class=\"wp-block-paragraph\">A piloto catarinense Valentina Barg continua soberana na categoria 50cc. L\u00edder absoluta e cada vez mais perto de conquistar o t\u00edtulo, ela venceu com uma vantagem de aproximadamente 10 segundos. Enzo Webbling, Ben Sagae, Tomas Alonso e Bernardo Santos completaram as cinco primeiras posi\u00e7\u00f5es da prova.<\/p>\n\n\n\n<p class=\"wp-block-paragraph\"><strong>Resultado 50CC<\/strong><br>1 &#8211; Valentina Barg<br>2 &#8211; Enzo Wiebblling<br>3 &#8211; Ben Sagae<br>4 &#8211; Tomas Alonso<br>5 &#8211; Bernardo Santos<\/p>\n\n\n\n<figure class=\"wp-block-image size-large\"><img loading=\"lazy\" decoding=\"async\" width=\"1024\" height=\"682\" src=\"http:\/\/mx1gpbrasil.com.br\/wp-content\/uploads\/2025\/08\/WhatsApp-Image-2025-08-19-at-17.16.10-1024x682.jpeg\" alt=\"\" class=\"wp-image-71534\" srcset=\"https:\/\/mx1gpbrasil.alperprojetos.com.br\/wp-content\/uploads\/2025\/08\/WhatsApp-Image-2025-08-19-at-17.16.10-1024x682.jpeg 1024w, https:\/\/mx1gpbrasil.alperprojetos.com.br\/wp-content\/uploads\/2025\/08\/WhatsApp-Image-2025-08-19-at-17.16.10-300x200.jpeg 300w, https:\/\/mx1gpbrasil.alperprojetos.com.br\/wp-content\/uploads\/2025\/08\/WhatsApp-Image-2025-08-19-at-17.16.10-768x512.jpeg 768w, https:\/\/mx1gpbrasil.alperprojetos.com.br\/wp-content\/uploads\/2025\/08\/WhatsApp-Image-2025-08-19-at-17.16.10-128x85.jpeg 128w, https:\/\/mx1gpbrasil.alperprojetos.com.br\/wp-content\/uploads\/2025\/08\/WhatsApp-Image-2025-08-19-at-17.16.10-32x21.jpeg 32w, https:\/\/mx1gpbrasil.alperprojetos.com.br\/wp-content\/uploads\/2025\/08\/WhatsApp-Image-2025-08-19-at-17.16.10-600x400.jpeg 600w, https:\/\/mx1gpbrasil.alperprojetos.com.br\/wp-content\/uploads\/2025\/08\/WhatsApp-Image-2025-08-19-at-17.16.10.jpeg 1280w\" sizes=\"auto, (max-width: 1024px) 100vw, 1024px\" \/><\/figure>\n\n\n\n<p class=\"wp-block-paragraph\">Na categoria MXF, a jovem Luanna Neves, de apenas 15 anos, foi o grande nome da prova. Representando a equipe 595 KTM Racing Team, ela teve uma atua\u00e7\u00e3o impressionante, demonstrando maturidade e habilidade al\u00e9m da idade. Luanna dominou a corrida do in\u00edcio ao fim e cruzou a linha de chegada com quase uma volta de vantagem sobre a segunda colocada, garantindo uma vit\u00f3ria incontest\u00e1vel e refor\u00e7ando seu potencial como um dos principais talentos do motocross feminino.<\/p>\n\n\n\n<p class=\"wp-block-paragraph\"><strong>Resultado MXF<\/strong><br>1 &#8211; Luanna Neves<br>2 &#8211; Marcely Cazadini<br>3 &#8211; Beatriz Braga<br>4 &#8211; Alicia Sagae<br>5 &#8211; Lauanda Neves<\/p>\n\n\n\n<figure class=\"wp-block-image size-large\"><img loading=\"lazy\" decoding=\"async\" width=\"1024\" height=\"682\" src=\"http:\/\/mx1gpbrasil.com.br\/wp-content\/uploads\/2025\/08\/WhatsApp-Image-2025-08-19-at-17.18.37-1024x682.jpeg\" alt=\"\" class=\"wp-image-71538\" srcset=\"https:\/\/mx1gpbrasil.alperprojetos.com.br\/wp-content\/uploads\/2025\/08\/WhatsApp-Image-2025-08-19-at-17.18.37-1024x682.jpeg 1024w, https:\/\/mx1gpbrasil.alperprojetos.com.br\/wp-content\/uploads\/2025\/08\/WhatsApp-Image-2025-08-19-at-17.18.37-300x200.jpeg 300w, https:\/\/mx1gpbrasil.alperprojetos.com.br\/wp-content\/uploads\/2025\/08\/WhatsApp-Image-2025-08-19-at-17.18.37-768x512.jpeg 768w, https:\/\/mx1gpbrasil.alperprojetos.com.br\/wp-content\/uploads\/2025\/08\/WhatsApp-Image-2025-08-19-at-17.18.37-128x85.jpeg 128w, https:\/\/mx1gpbrasil.alperprojetos.com.br\/wp-content\/uploads\/2025\/08\/WhatsApp-Image-2025-08-19-at-17.18.37-32x21.jpeg 32w, https:\/\/mx1gpbrasil.alperprojetos.com.br\/wp-content\/uploads\/2025\/08\/WhatsApp-Image-2025-08-19-at-17.18.37-600x400.jpeg 600w, https:\/\/mx1gpbrasil.alperprojetos.com.br\/wp-content\/uploads\/2025\/08\/WhatsApp-Image-2025-08-19-at-17.18.37.jpeg 1280w\" sizes=\"auto, (max-width: 1024px) 100vw, 1024px\" \/><\/figure>\n\n\n\n<p class=\"wp-block-paragraph\">Pietro Piroli, l\u00edder isolado da categoria MX2JR, aumentou ainda mais sua vantagem na classifica\u00e7\u00e3o ao conquistar mais uma vit\u00f3ria s\u00f3lida. O piloto ga\u00facho acelerou forte desde a largada, manteve um desempenho consistente ao longo da prova e garantiu mais 25 pontos importantes na disputa pelo t\u00edtulo da temporada, permanecendo com o red plate.<\/p>\n\n\n\n<p class=\"wp-block-paragraph\"><strong>Resultado MX2JR<\/strong><br>1 &#8211; Pietro Piroli<br>2 &#8211; Juan Felipe<br>3 &#8211; Jos\u00e9 Carlos<br>4 &#8211; Arthur Gomes<br>5 &#8211; Caio Grosbelli<\/p>\n\n\n\n<figure class=\"wp-block-image size-large\"><img loading=\"lazy\" decoding=\"async\" width=\"1024\" height=\"682\" src=\"http:\/\/mx1gpbrasil.com.br\/wp-content\/uploads\/2025\/08\/WhatsApp-Image-2025-08-19-at-17.23.10-1024x682.jpeg\" alt=\"\" class=\"wp-image-71542\" srcset=\"https:\/\/mx1gpbrasil.alperprojetos.com.br\/wp-content\/uploads\/2025\/08\/WhatsApp-Image-2025-08-19-at-17.23.10-1024x682.jpeg 1024w, https:\/\/mx1gpbrasil.alperprojetos.com.br\/wp-content\/uploads\/2025\/08\/WhatsApp-Image-2025-08-19-at-17.23.10-300x200.jpeg 300w, https:\/\/mx1gpbrasil.alperprojetos.com.br\/wp-content\/uploads\/2025\/08\/WhatsApp-Image-2025-08-19-at-17.23.10-768x512.jpeg 768w, https:\/\/mx1gpbrasil.alperprojetos.com.br\/wp-content\/uploads\/2025\/08\/WhatsApp-Image-2025-08-19-at-17.23.10-128x85.jpeg 128w, https:\/\/mx1gpbrasil.alperprojetos.com.br\/wp-content\/uploads\/2025\/08\/WhatsApp-Image-2025-08-19-at-17.23.10-32x21.jpeg 32w, https:\/\/mx1gpbrasil.alperprojetos.com.br\/wp-content\/uploads\/2025\/08\/WhatsApp-Image-2025-08-19-at-17.23.10-600x400.jpeg 600w, https:\/\/mx1gpbrasil.alperprojetos.com.br\/wp-content\/uploads\/2025\/08\/WhatsApp-Image-2025-08-19-at-17.23.10.jpeg 1280w\" sizes=\"auto, (max-width: 1024px) 100vw, 1024px\" \/><\/figure>\n\n\n\n<p class=\"wp-block-paragraph\">Fechando o s\u00e1bado com chave de ouro, a categoria 65cc foi palco de uma das corridas mais empolgantes do dia. Henri Krug e Henrique Spinass\u00e9 protagonizaram um confronto intenso, marcado por diversas trocas de lideran\u00e7a. Nas voltas finais, ambos acabaram caindo, mas Krug conseguiu se recompor rapidamente e cruzou a linha de chegada em primeiro. Spinass\u00e9, por sua vez, perdeu posi\u00e7\u00f5es ap\u00f3s a queda e finalizou em quarto lugar. Aproveitando o imprevisto, Vitor Andrade e Jo\u00e3o Gabriel Wost avan\u00e7aram no pelot\u00e3o e garantiram a segunda e terceira coloca\u00e7\u00f5es, respectivamente.<\/p>\n\n\n\n<p class=\"wp-block-paragraph\"><strong>Resultado 65CC<\/strong><br>1 &#8211; Henri Krug<br>2 &#8211; Vitor Andrade<br>3 &#8211; Jo\u00e3o Gabriel Wost<br>4 &#8211; Henrique Spinass\u00e9 <br>5 &#8211; Ronan Felipe<\/p>\n\n\n\n<figure class=\"wp-block-image size-large\"><img loading=\"lazy\" decoding=\"async\" width=\"1024\" height=\"682\" src=\"http:\/\/mx1gpbrasil.com.br\/wp-content\/uploads\/2025\/08\/WhatsApp-Image-2025-08-19-at-17.25.25-1024x682.jpeg\" alt=\"\" class=\"wp-image-71545\" srcset=\"https:\/\/mx1gpbrasil.alperprojetos.com.br\/wp-content\/uploads\/2025\/08\/WhatsApp-Image-2025-08-19-at-17.25.25-1024x682.jpeg 1024w, https:\/\/mx1gpbrasil.alperprojetos.com.br\/wp-content\/uploads\/2025\/08\/WhatsApp-Image-2025-08-19-at-17.25.25-300x200.jpeg 300w, https:\/\/mx1gpbrasil.alperprojetos.com.br\/wp-content\/uploads\/2025\/08\/WhatsApp-Image-2025-08-19-at-17.25.25-768x512.jpeg 768w, https:\/\/mx1gpbrasil.alperprojetos.com.br\/wp-content\/uploads\/2025\/08\/WhatsApp-Image-2025-08-19-at-17.25.25-128x85.jpeg 128w, https:\/\/mx1gpbrasil.alperprojetos.com.br\/wp-content\/uploads\/2025\/08\/WhatsApp-Image-2025-08-19-at-17.25.25-32x21.jpeg 32w, https:\/\/mx1gpbrasil.alperprojetos.com.br\/wp-content\/uploads\/2025\/08\/WhatsApp-Image-2025-08-19-at-17.25.25-600x400.jpeg 600w, https:\/\/mx1gpbrasil.alperprojetos.com.br\/wp-content\/uploads\/2025\/08\/WhatsApp-Image-2025-08-19-at-17.25.25.jpeg 1280w\" sizes=\"auto, (max-width: 1024px) 100vw, 1024px\" \/><\/figure>\n\n\n\n<p class=\"wp-block-paragraph\">As emo\u00e7\u00f5es seguem neste domingo com a disputa das principais categorias do campeonato. Os destaques estar\u00e3o voltados para a MX1, que promete uma disputa acirrada pelo t\u00edtulo da temporada, trazendo surpresas e reunindo alguns dos maiores nomes do motocross latino-americano.<\/p>\n","protected":false},"excerpt":{"rendered":"<p>Minas Gerais voltou a sediar uma etapa MX1GP Brasil Sportbay ap\u00f3s aproximadamente seis anos de aus\u00eancia. Desta vez, o munic\u00edpio de Brumadinho, que vem ganhando destaque como um dos principais polos dos esportes off-road no pa\u00eds, foi o anfitri\u00e3o da 7\u00aa etapa da temporada 2025 do maior campeonato de Motocross da Am\u00e9rica Latina. O s\u00e1bado [&hellip;]<\/p>\n","protected":false},"author":1,"featured_media":71547,"comment_status":"closed","ping_status":"open","sticky":false,"template":"","format":"standard","meta":{"footnotes":""},"categories":[133],"tags":[],"class_list":["post-71529","post","type-post","status-publish","format-standard","has-post-thumbnail","hentry","category-motocross"],"_links":{"self":[{"href":"https:\/\/mx1gpbrasil.alperprojetos.com.br\/index.php\/wp-json\/wp\/v2\/posts\/71529","targetHints":{"allow":["GET"]}}],"collection":[{"href":"https:\/\/mx1gpbrasil.alperprojetos.com.br\/index.php\/wp-json\/wp\/v2\/posts"}],"about":[{"href":"https:\/\/mx1gpbrasil.alperprojetos.com.br\/index.php\/wp-json\/wp\/v2\/types\/post"}],"author":[{"embeddable":true,"href":"https:\/\/mx1gpbrasil.alperprojetos.com.br\/index.php\/wp-json\/wp\/v2\/users\/1"}],"replies":[{"embeddable":true,"href":"https:\/\/mx1gpbrasil.alperprojetos.com.br\/index.php\/wp-json\/wp\/v2\/comments?post=71529"}],"version-history":[{"count":0,"href":"https:\/\/mx1gpbrasil.alperprojetos.com.br\/index.php\/wp-json\/wp\/v2\/posts\/71529\/revisions"}],"wp:featuredmedia":[{"embeddable":true,"href":"https:\/\/mx1gpbrasil.alperprojetos.com.br\/index.php\/wp-json\/wp\/v2\/media\/71547"}],"wp:attachment":[{"href":"https:\/\/mx1gpbrasil.alperprojetos.com.br\/index.php\/wp-json\/wp\/v2\/media?parent=71529"}],"wp:term":[{"taxonomy":"category","embeddable":true,"href":"https:\/\/mx1gpbrasil.alperprojetos.com.br\/index.php\/wp-json\/wp\/v2\/categories?post=71529"},{"taxonomy":"post_tag","embeddable":true,"href":"https:\/\/mx1gpbrasil.alperprojetos.com.br\/index.php\/wp-json\/wp\/v2\/tags?post=71529"}],"curies":[{"name":"wp","href":"https:\/\/api.w.org\/{rel}","templated":true}]}}