{"id":71548,"date":"2025-08-17T18:51:23","date_gmt":"2025-08-17T21:51:23","guid":{"rendered":"http:\/\/mx1gpbrasil.com.br\/?p=71548"},"modified":"2025-08-17T18:51:23","modified_gmt":"2025-08-17T21:51:23","slug":"mx1-gp-brasil-sportbay-brumadinho-mg-vive-domingo-eletrizante-com-arquibancadas-lotadas-corridas-intensas-e-resultado-embaralha-o-campeonato","status":"publish","type":"post","link":"https:\/\/mx1gpbrasil.alperprojetos.com.br\/index.php\/2025\/08\/17\/mx1-gp-brasil-sportbay-brumadinho-mg-vive-domingo-eletrizante-com-arquibancadas-lotadas-corridas-intensas-e-resultado-embaralha-o-campeonato\/","title":{"rendered":"MX1 GP Brasil Sportbay: Brumadinho\/MG vive domingo eletrizante com arquibancadas lotadas, corridas intensas e resultado embaralha o campeonato"},"content":{"rendered":"\n<p class=\"wp-block-paragraph\">O domingo em Brumadinho (MG) foi palco de um verdadeiro espet\u00e1culo de motocross. Com as principais categorias entrando em a\u00e7\u00e3o, o p\u00fablico que lotou as arquibancadas e os espa\u00e7os ao redor da pista p\u00f4de acompanhar uma das etapas mais empolgantes da temporada 2025 do campeonato nacional.<\/p>\n\n\n\n<p class=\"wp-block-paragraph\">As disputas da MX1 e MX2 proporcionaram momentos de pura adrenalina, com destaque para o dom\u00ednio da Honda Racing Brasil, que segue liderando com folga nas duas categorias.<\/p>\n\n\n\n<p class=\"wp-block-paragraph\">Na MX1, o belga Jeremy Van Horebeek, de 36 anos, foi o grande nome do dia. Ele venceu as duas baterias e garantiu o overall, mesmo enfrentando largadas abaixo do ideal. Com muita t\u00e9cnica e preparo f\u00edsico, Horebeek se imp\u00f4s nas pistas. A segunda bateria foi especialmente emocionante, com um duelo acirrado contra o atual campe\u00e3o brasileiro, F\u00e1bio Santos, que levantou o p\u00fablico nas arquibancadas.<\/p>\n\n\n\n<p class=\"wp-block-paragraph\">O franc\u00eas Stephen Rubini, l\u00edder do campeonato, teve um domingo inst\u00e1vel. Ap\u00f3s garantir o segundo lugar na primeira bateria, cometeu erros na prova final e terminou apenas em s\u00e9timo. Como resultado, ficou com a quarta posi\u00e7\u00e3o no geral do dia e viu sua vantagem na lideran\u00e7a do campeonato cair para apenas um ponto, aumentando ainda mais a expectativa para as duas etapas restantes da temporada.<\/p>\n\n\n\n<p class=\"wp-block-paragraph\"><strong>SOMA MX1<br><\/strong>1 &#8211; Jeremy Van Horebeeck<br>2 &#8211; F\u00e1bio Santos<br>3 &#8211; Gregory Aranda<br>4 &#8211; Stephen Rubini<br>5 &#8211; Mu\u00f1oz Hardy<\/p>\n\n\n\n<figure class=\"wp-block-image size-large\"><img loading=\"lazy\" decoding=\"async\" width=\"1024\" height=\"682\" src=\"http:\/\/mx1gpbrasil.com.br\/wp-content\/uploads\/2025\/08\/WhatsApp-Image-2025-08-19-at-17.39.20-1024x682.jpeg\" alt=\"\" class=\"wp-image-71551\" srcset=\"https:\/\/mx1gpbrasil.alperprojetos.com.br\/wp-content\/uploads\/2025\/08\/WhatsApp-Image-2025-08-19-at-17.39.20-1024x682.jpeg 1024w, https:\/\/mx1gpbrasil.alperprojetos.com.br\/wp-content\/uploads\/2025\/08\/WhatsApp-Image-2025-08-19-at-17.39.20-300x200.jpeg 300w, https:\/\/mx1gpbrasil.alperprojetos.com.br\/wp-content\/uploads\/2025\/08\/WhatsApp-Image-2025-08-19-at-17.39.20-768x512.jpeg 768w, https:\/\/mx1gpbrasil.alperprojetos.com.br\/wp-content\/uploads\/2025\/08\/WhatsApp-Image-2025-08-19-at-17.39.20-128x85.jpeg 128w, https:\/\/mx1gpbrasil.alperprojetos.com.br\/wp-content\/uploads\/2025\/08\/WhatsApp-Image-2025-08-19-at-17.39.20-32x21.jpeg 32w, https:\/\/mx1gpbrasil.alperprojetos.com.br\/wp-content\/uploads\/2025\/08\/WhatsApp-Image-2025-08-19-at-17.39.20-600x400.jpeg 600w, https:\/\/mx1gpbrasil.alperprojetos.com.br\/wp-content\/uploads\/2025\/08\/WhatsApp-Image-2025-08-19-at-17.39.20.jpeg 1280w\" sizes=\"auto, (max-width: 1024px) 100vw, 1024px\" \/><\/figure>\n\n\n\n<p class=\"wp-block-paragraph\">Na categoria MX2, o piloto mineiro Be Tiburcio voltou a se destacar no MX1 GP Brasil. Na primeira bateria, protagonizou um dos duelos mais emocionantes da temporada ao enfrentar o uruguaio Germ\u00e1n Bratschi em uma disputa acirrada, com v\u00e1rias trocas de posi\u00e7\u00e3o. Ap\u00f3s muita press\u00e3o, Be assumiu a ponta e garantiu a vit\u00f3ria.<\/p>\n\n\n\n<p class=\"wp-block-paragraph\">Na segunda bateria, apesar de alguns erros ao longo da prova, Tiburcio conquistou o segundo lugar, o que foi suficiente para assegurar o overall do dia. Com uma vantagem de 57 pontos na lideran\u00e7a do campeonato, ele pode garantir o t\u00edtulo j\u00e1 na pr\u00f3xima etapa, marcada para daqui a duas semanas. O chileno Benjamin Garib venceu a segunda bateria e ficou com o segundo lugar na soma geral, mantendo-se firme na vice-lideran\u00e7a da temporada.<\/p>\n\n\n\n<p class=\"wp-block-paragraph\"><strong>SOMA MX2<\/strong><br>1 &#8211; Bernardo Tiburcio<br>2 &#8211; Benjamim Garib<br>3 &#8211; German Bratschi<br>4 &#8211; Rodrigo Borges<br>5 &#8211; Vitor Borba<\/p>\n\n\n\n<figure class=\"wp-block-image size-large\"><img loading=\"lazy\" decoding=\"async\" width=\"1024\" height=\"682\" src=\"http:\/\/mx1gpbrasil.com.br\/wp-content\/uploads\/2025\/08\/WhatsApp-Image-2025-08-19-at-17.39.08-1-1024x682.jpeg\" alt=\"\" class=\"wp-image-71552\" srcset=\"https:\/\/mx1gpbrasil.alperprojetos.com.br\/wp-content\/uploads\/2025\/08\/WhatsApp-Image-2025-08-19-at-17.39.08-1-1024x682.jpeg 1024w, https:\/\/mx1gpbrasil.alperprojetos.com.br\/wp-content\/uploads\/2025\/08\/WhatsApp-Image-2025-08-19-at-17.39.08-1-300x200.jpeg 300w, https:\/\/mx1gpbrasil.alperprojetos.com.br\/wp-content\/uploads\/2025\/08\/WhatsApp-Image-2025-08-19-at-17.39.08-1-768x512.jpeg 768w, https:\/\/mx1gpbrasil.alperprojetos.com.br\/wp-content\/uploads\/2025\/08\/WhatsApp-Image-2025-08-19-at-17.39.08-1-128x85.jpeg 128w, https:\/\/mx1gpbrasil.alperprojetos.com.br\/wp-content\/uploads\/2025\/08\/WhatsApp-Image-2025-08-19-at-17.39.08-1-32x21.jpeg 32w, https:\/\/mx1gpbrasil.alperprojetos.com.br\/wp-content\/uploads\/2025\/08\/WhatsApp-Image-2025-08-19-at-17.39.08-1-600x400.jpeg 600w, https:\/\/mx1gpbrasil.alperprojetos.com.br\/wp-content\/uploads\/2025\/08\/WhatsApp-Image-2025-08-19-at-17.39.08-1.jpeg 1280w\" sizes=\"auto, (max-width: 1024px) 100vw, 1024px\" \/><\/figure>\n\n\n\n<p class=\"wp-block-paragraph\">Um dos grandes destaques do fim de semana foi o argentino Francesco Copetti, da 595 KTM Racing Team. Com uma performance impec\u00e1vel, ele dominou sua bateria, a MXJR , desde a largada e manteve seu aproveitamento perfeito na temporada, se firmando como um dos principais candidatos ao t\u00edtulo.<\/p>\n\n\n\n<p class=\"wp-block-paragraph\">Resultado MXJR<br>1 &#8211; Francesco Copetti<br>2 &#8211; Heitor Mtos<br>3 &#8211; Lorenzo Ricken<br>4 &#8211; Enzo Fialho<br>5 &#8211; Victor Hugo Rocha<\/p>\n\n\n\n<figure class=\"wp-block-image size-large\"><img loading=\"lazy\" decoding=\"async\" width=\"1024\" height=\"682\" src=\"http:\/\/mx1gpbrasil.com.br\/wp-content\/uploads\/2025\/08\/WhatsApp-Image-2025-08-19-at-17.42.55-1024x682.jpeg\" alt=\"\" class=\"wp-image-71555\" srcset=\"https:\/\/mx1gpbrasil.alperprojetos.com.br\/wp-content\/uploads\/2025\/08\/WhatsApp-Image-2025-08-19-at-17.42.55-1024x682.jpeg 1024w, https:\/\/mx1gpbrasil.alperprojetos.com.br\/wp-content\/uploads\/2025\/08\/WhatsApp-Image-2025-08-19-at-17.42.55-300x200.jpeg 300w, https:\/\/mx1gpbrasil.alperprojetos.com.br\/wp-content\/uploads\/2025\/08\/WhatsApp-Image-2025-08-19-at-17.42.55-768x512.jpeg 768w, https:\/\/mx1gpbrasil.alperprojetos.com.br\/wp-content\/uploads\/2025\/08\/WhatsApp-Image-2025-08-19-at-17.42.55-128x85.jpeg 128w, https:\/\/mx1gpbrasil.alperprojetos.com.br\/wp-content\/uploads\/2025\/08\/WhatsApp-Image-2025-08-19-at-17.42.55-32x21.jpeg 32w, https:\/\/mx1gpbrasil.alperprojetos.com.br\/wp-content\/uploads\/2025\/08\/WhatsApp-Image-2025-08-19-at-17.42.55-600x400.jpeg 600w, https:\/\/mx1gpbrasil.alperprojetos.com.br\/wp-content\/uploads\/2025\/08\/WhatsApp-Image-2025-08-19-at-17.42.55.jpeg 1280w\" sizes=\"auto, (max-width: 1024px) 100vw, 1024px\" \/><\/figure>\n\n\n\n<p class=\"wp-block-paragraph\">Na disputa pelo t\u00edtulo Latino-Americano da categoria YZ 125, o brasileiro Kau\u00e3 Vieira levou a melhor na primeira bateria, seguido pelo equatoriano Jhoan Andres Barragan Alvarez e pelo colombiano Jacobo Roman Velasquez.<\/p>\n\n\n\n<p class=\"wp-block-paragraph\">J\u00e1 na segunda bateria, a competi\u00e7\u00e3o ficou ainda mais acirrada. Jacobo demonstrou muita regularidade e venceu a prova, enquanto Kau\u00e3, vencedor da primeira bateria, foi envolvido em um incidente com outro piloto e teve que concluir a corrida enfrentando dificuldades, finalizando em terceiro.<\/p>\n\n\n\n<p class=\"wp-block-paragraph\">Com esses resultados, Kau\u00e3 e Jacobo terminaram empatados na pontua\u00e7\u00e3o geral, mas o t\u00edtulo ficou com Jacobo Roman Velasquez, que levou a melhor no crit\u00e9rio de desempate devido \u00e0 vit\u00f3ria na segunda bateria.<\/p>\n\n\n\n<p class=\"wp-block-paragraph\"><strong>Campe\u00e3o: <\/strong>Jacobo Velasquez <br><strong>Vice-Campe\u00e3o: <\/strong>Kau\u00e3 Vieira<br><strong>Terceiro: <\/strong>Rodrigo Stuardo<\/p>\n\n\n\n<figure class=\"wp-block-image size-large\"><img loading=\"lazy\" decoding=\"async\" width=\"1024\" height=\"682\" src=\"http:\/\/mx1gpbrasil.com.br\/wp-content\/uploads\/2025\/08\/WhatsApp-Image-2025-08-19-at-17.42.30-1024x682.jpeg\" alt=\"\" class=\"wp-image-71557\" srcset=\"https:\/\/mx1gpbrasil.alperprojetos.com.br\/wp-content\/uploads\/2025\/08\/WhatsApp-Image-2025-08-19-at-17.42.30-1024x682.jpeg 1024w, https:\/\/mx1gpbrasil.alperprojetos.com.br\/wp-content\/uploads\/2025\/08\/WhatsApp-Image-2025-08-19-at-17.42.30-300x200.jpeg 300w, https:\/\/mx1gpbrasil.alperprojetos.com.br\/wp-content\/uploads\/2025\/08\/WhatsApp-Image-2025-08-19-at-17.42.30-768x512.jpeg 768w, https:\/\/mx1gpbrasil.alperprojetos.com.br\/wp-content\/uploads\/2025\/08\/WhatsApp-Image-2025-08-19-at-17.42.30-128x85.jpeg 128w, https:\/\/mx1gpbrasil.alperprojetos.com.br\/wp-content\/uploads\/2025\/08\/WhatsApp-Image-2025-08-19-at-17.42.30-32x21.jpeg 32w, https:\/\/mx1gpbrasil.alperprojetos.com.br\/wp-content\/uploads\/2025\/08\/WhatsApp-Image-2025-08-19-at-17.42.30-600x400.jpeg 600w, https:\/\/mx1gpbrasil.alperprojetos.com.br\/wp-content\/uploads\/2025\/08\/WhatsApp-Image-2025-08-19-at-17.42.30.jpeg 1280w\" sizes=\"auto, (max-width: 1024px) 100vw, 1024px\" \/><\/figure>\n\n\n\n<p class=\"wp-block-paragraph\">Com os resultados obtidos, os dois competidores terminaram com a mesma pontua\u00e7\u00e3o na tabela geral, por\u00e9m Jacobo Roman Velasquez foi consagrado campe\u00e3o devido ao crit\u00e9rio de desempate \u2014 a conquista da vit\u00f3ria na segunda bateria.<\/p>\n\n\n\n<p class=\"wp-block-paragraph\">A oitava etapa do MX1 GP Brasil Sportbay ser\u00e1 realizada nos dias 30 e 31 de agosto, em Rio Verde, Goi\u00e1s. Nos vemos l\u00e1!<\/p>\n\n\n\n<p class=\"wp-block-paragraph\"><\/p>\n","protected":false},"excerpt":{"rendered":"<p>O domingo em Brumadinho (MG) foi palco de um verdadeiro espet\u00e1culo de motocross. Com as principais categorias entrando em a\u00e7\u00e3o, o p\u00fablico que lotou as arquibancadas e os espa\u00e7os ao redor da pista p\u00f4de acompanhar uma das etapas mais empolgantes da temporada 2025 do campeonato nacional. As disputas da MX1 e MX2 proporcionaram momentos de [&hellip;]<\/p>\n","protected":false},"author":1,"featured_media":71560,"comment_status":"closed","ping_status":"open","sticky":false,"template":"","format":"standard","meta":{"footnotes":""},"categories":[133],"tags":[],"class_list":["post-71548","post","type-post","status-publish","format-standard","has-post-thumbnail","hentry","category-motocross"],"_links":{"self":[{"href":"https:\/\/mx1gpbrasil.alperprojetos.com.br\/index.php\/wp-json\/wp\/v2\/posts\/71548","targetHints":{"allow":["GET"]}}],"collection":[{"href":"https:\/\/mx1gpbrasil.alperprojetos.com.br\/index.php\/wp-json\/wp\/v2\/posts"}],"about":[{"href":"https:\/\/mx1gpbrasil.alperprojetos.com.br\/index.php\/wp-json\/wp\/v2\/types\/post"}],"author":[{"embeddable":true,"href":"https:\/\/mx1gpbrasil.alperprojetos.com.br\/index.php\/wp-json\/wp\/v2\/users\/1"}],"replies":[{"embeddable":true,"href":"https:\/\/mx1gpbrasil.alperprojetos.com.br\/index.php\/wp-json\/wp\/v2\/comments?post=71548"}],"version-history":[{"count":0,"href":"https:\/\/mx1gpbrasil.alperprojetos.com.br\/index.php\/wp-json\/wp\/v2\/posts\/71548\/revisions"}],"wp:featuredmedia":[{"embeddable":true,"href":"https:\/\/mx1gpbrasil.alperprojetos.com.br\/index.php\/wp-json\/wp\/v2\/media\/71560"}],"wp:attachment":[{"href":"https:\/\/mx1gpbrasil.alperprojetos.com.br\/index.php\/wp-json\/wp\/v2\/media?parent=71548"}],"wp:term":[{"taxonomy":"category","embeddable":true,"href":"https:\/\/mx1gpbrasil.alperprojetos.com.br\/index.php\/wp-json\/wp\/v2\/categories?post=71548"},{"taxonomy":"post_tag","embeddable":true,"href":"https:\/\/mx1gpbrasil.alperprojetos.com.br\/index.php\/wp-json\/wp\/v2\/tags?post=71548"}],"curies":[{"name":"wp","href":"https:\/\/api.w.org\/{rel}","templated":true}]}}