{"id":71568,"date":"2025-08-20T17:10:07","date_gmt":"2025-08-20T20:10:07","guid":{"rendered":"https:\/\/mx1gpbrasil.com.br\/?p=71568"},"modified":"2025-08-20T17:10:07","modified_gmt":"2025-08-20T20:10:07","slug":"aberta-a-janela-de-inscricoes-antecipadas-para-o-mx1-gp-brasil-sportbay-em-rio-verde-go","status":"publish","type":"post","link":"https:\/\/mx1gpbrasil.alperprojetos.com.br\/index.php\/2025\/08\/20\/aberta-a-janela-de-inscricoes-antecipadas-para-o-mx1-gp-brasil-sportbay-em-rio-verde-go\/","title":{"rendered":"Aberta a janela de inscri\u00e7\u00f5es antecipadas para o MX1 GP Brasil Sportbay em Rio Verde (GO)"},"content":{"rendered":"\n<p class=\"wp-block-paragraph\">A adrenalina do motocross j\u00e1 come\u00e7a a pulsar em Rio Verde (GO). A organiza\u00e7\u00e3o do MX1 GP Brasil Sportbay anuncia a abertura das inscri\u00e7\u00f5es antecipadas para a pr\u00f3xima etapa do MX1 GP Brasil, que promete reunir grandes nomes do esporte em um dos palcos mais tradicionais do calend\u00e1rio nacional.<\/p>\n\n\n\n<p class=\"wp-block-paragraph\">O per\u00edodo para garantir a participa\u00e7\u00e3o come\u00e7ou no dia 20 de agosto e se estende at\u00e9 o pr\u00f3ximo 27 de agosto, \u00e0s 18h, oferecendo aos pilotos a oportunidade de confirmar sua presen\u00e7a com anteced\u00eancia e assegurar todas as vantagens log\u00edsticas e organizacionais.<\/p>\n\n\n\n<p class=\"wp-block-paragraph\">Para se inscrever \u00e9 s\u00f3 clicar no link: <a href=\"https:\/\/eventos.sportbay.com.br\/eventos\/8-mx1-gp-brmx\"><strong>https:\/\/eventos.sportbay.com.br\/eventos\/8-mx1-gp-brmx<\/strong><\/a><\/p>\n\n\n\n<p class=\"wp-block-paragraph\">O MX1 GP Brasil Sportbay de Rio Verde ser\u00e1 marcado por arquibancadas lotadas e um clima de festa para os f\u00e3s do motocross, tornando-se um dos eventos mais aguardados do campeonato. Al\u00e9m da principal categoria, a MX1, outras classes tamb\u00e9m estar\u00e3o na disputa, refor\u00e7ando o espet\u00e1culo da velocidade, t\u00e9cnica e emo\u00e7\u00e3o sobre duas rodas.<\/p>\n\n\n\n<p class=\"wp-block-paragraph\">Segundo os organizadores, a expectativa \u00e9 de grande ades\u00e3o de pilotos de diferentes estados, uma vez que a etapa goiana costuma ser decisiva na briga pelo t\u00edtulo nacional.<\/p>\n\n\n\n<p class=\"wp-block-paragraph\">Com a temporada cada vez mais acirrada, o p\u00fablico j\u00e1 se prepara para viver um fim de semana de fortes disputas, onde cada ponto pode fazer a diferen\u00e7a na corrida pelo topo da classifica\u00e7\u00e3o.<\/p>\n\n\n\n<p class=\"wp-block-paragraph\"><\/p>\n\n\n\n<p class=\"wp-block-paragraph\">Esperamos voc\u00eas. <\/p>\n","protected":false},"excerpt":{"rendered":"<p>A adrenalina do motocross j\u00e1 come\u00e7a a pulsar em Rio Verde (GO). A organiza\u00e7\u00e3o do MX1 GP Brasil Sportbay anuncia a abertura das inscri\u00e7\u00f5es antecipadas para a pr\u00f3xima etapa do MX1 GP Brasil, que promete reunir grandes nomes do esporte em um dos palcos mais tradicionais do calend\u00e1rio nacional. O per\u00edodo para garantir a participa\u00e7\u00e3o [&hellip;]<\/p>\n","protected":false},"author":1,"featured_media":71569,"comment_status":"closed","ping_status":"open","sticky":false,"template":"","format":"standard","meta":{"footnotes":""},"categories":[133],"tags":[],"class_list":["post-71568","post","type-post","status-publish","format-standard","has-post-thumbnail","hentry","category-motocross"],"_links":{"self":[{"href":"https:\/\/mx1gpbrasil.alperprojetos.com.br\/index.php\/wp-json\/wp\/v2\/posts\/71568","targetHints":{"allow":["GET"]}}],"collection":[{"href":"https:\/\/mx1gpbrasil.alperprojetos.com.br\/index.php\/wp-json\/wp\/v2\/posts"}],"about":[{"href":"https:\/\/mx1gpbrasil.alperprojetos.com.br\/index.php\/wp-json\/wp\/v2\/types\/post"}],"author":[{"embeddable":true,"href":"https:\/\/mx1gpbrasil.alperprojetos.com.br\/index.php\/wp-json\/wp\/v2\/users\/1"}],"replies":[{"embeddable":true,"href":"https:\/\/mx1gpbrasil.alperprojetos.com.br\/index.php\/wp-json\/wp\/v2\/comments?post=71568"}],"version-history":[{"count":0,"href":"https:\/\/mx1gpbrasil.alperprojetos.com.br\/index.php\/wp-json\/wp\/v2\/posts\/71568\/revisions"}],"wp:featuredmedia":[{"embeddable":true,"href":"https:\/\/mx1gpbrasil.alperprojetos.com.br\/index.php\/wp-json\/wp\/v2\/media\/71569"}],"wp:attachment":[{"href":"https:\/\/mx1gpbrasil.alperprojetos.com.br\/index.php\/wp-json\/wp\/v2\/media?parent=71568"}],"wp:term":[{"taxonomy":"category","embeddable":true,"href":"https:\/\/mx1gpbrasil.alperprojetos.com.br\/index.php\/wp-json\/wp\/v2\/categories?post=71568"},{"taxonomy":"post_tag","embeddable":true,"href":"https:\/\/mx1gpbrasil.alperprojetos.com.br\/index.php\/wp-json\/wp\/v2\/tags?post=71568"}],"curies":[{"name":"wp","href":"https:\/\/api.w.org\/{rel}","templated":true}]}}