{"id":71571,"date":"2025-08-20T18:30:00","date_gmt":"2025-08-20T21:30:00","guid":{"rendered":"https:\/\/mx1gpbrasil.com.br\/?p=71571"},"modified":"2025-08-20T18:30:00","modified_gmt":"2025-08-20T21:30:00","slug":"credenciamento-de-imprensa-aberto-para-a-8a-etapa-do-mx1-gp-brasil-sportbay-em-rio-verde-go","status":"publish","type":"post","link":"https:\/\/mx1gpbrasil.alperprojetos.com.br\/index.php\/2025\/08\/20\/credenciamento-de-imprensa-aberto-para-a-8a-etapa-do-mx1-gp-brasil-sportbay-em-rio-verde-go\/","title":{"rendered":"Credenciamento de Imprensa Aberto para a 8\u00aa Etapa do MX1 GP Brasil Sportbay em Rio Verde (GO)"},"content":{"rendered":"\n<p class=\"wp-block-paragraph\">A organiza\u00e7\u00e3o do <strong>MX1 GP Brasil Sportbay<\/strong>, anuncia oficialmente a <strong>abertura do credenciamento de imprensa<\/strong> para a <strong>8\u00aa etapa<\/strong>, que ser\u00e1 realizada nos dias <strong>30 e 31 de agosto<\/strong>, em <strong>Rio Verde (GO)<\/strong>.<\/p>\n\n\n\n<p class=\"wp-block-paragraph\">Os profissionais de comunica\u00e7\u00e3o interessados em cobrir o evento j\u00e1 podem solicitar o credenciamento a partir desta <strong>ter\u00e7a-feira, 20 de agosto<\/strong>, com prazo final at\u00e9 o dia <strong>27 de agosto<\/strong>, \u00e0s 12h. O procedimento \u00e9 voltado para jornalistas, fot\u00f3grafos, cinegrafistas e demais membros da m\u00eddia que desejam ter acesso autorizado \u00e0s \u00e1reas exclusivas do evento para realiza\u00e7\u00e3o de cobertura jornal\u00edstica.<\/p>\n\n\n\n<p class=\"wp-block-paragraph\">Com o objetivo de garantir uma cobertura organizada, segura e profissional, o processo de credenciamento \u00e9 essencial para o controle da imprensa presente no local.<\/p>\n\n\n\n<p class=\"wp-block-paragraph\">Para se credenciar, \u00e9 s\u00f3 acessar o link: <a href=\"https:\/\/forms.gle\/h4ktkEVvGZjFatzZ8\"><strong>https:\/\/forms.gle\/h4ktkEVvGZjFatzZ8<\/strong><\/a><\/p>\n\n\n\n<p class=\"wp-block-paragraph\">Para mais informa\u00e7\u00f5es sobre o credenciamento e regulamento, basta acessar a aba &#8220;IMPRENSA&#8221; neste site. <\/p>\n\n\n\n<p class=\"wp-block-paragraph\"><\/p>\n","protected":false},"excerpt":{"rendered":"<p>A organiza\u00e7\u00e3o do MX1 GP Brasil Sportbay, anuncia oficialmente a abertura do credenciamento de imprensa para a 8\u00aa etapa, que ser\u00e1 realizada nos dias 30 e 31 de agosto, em Rio Verde (GO). Os profissionais de comunica\u00e7\u00e3o interessados em cobrir o evento j\u00e1 podem solicitar o credenciamento a partir desta ter\u00e7a-feira, 20 de agosto, com [&hellip;]<\/p>\n","protected":false},"author":1,"featured_media":71572,"comment_status":"closed","ping_status":"open","sticky":false,"template":"","format":"standard","meta":{"footnotes":""},"categories":[133],"tags":[],"class_list":["post-71571","post","type-post","status-publish","format-standard","has-post-thumbnail","hentry","category-motocross"],"_links":{"self":[{"href":"https:\/\/mx1gpbrasil.alperprojetos.com.br\/index.php\/wp-json\/wp\/v2\/posts\/71571","targetHints":{"allow":["GET"]}}],"collection":[{"href":"https:\/\/mx1gpbrasil.alperprojetos.com.br\/index.php\/wp-json\/wp\/v2\/posts"}],"about":[{"href":"https:\/\/mx1gpbrasil.alperprojetos.com.br\/index.php\/wp-json\/wp\/v2\/types\/post"}],"author":[{"embeddable":true,"href":"https:\/\/mx1gpbrasil.alperprojetos.com.br\/index.php\/wp-json\/wp\/v2\/users\/1"}],"replies":[{"embeddable":true,"href":"https:\/\/mx1gpbrasil.alperprojetos.com.br\/index.php\/wp-json\/wp\/v2\/comments?post=71571"}],"version-history":[{"count":0,"href":"https:\/\/mx1gpbrasil.alperprojetos.com.br\/index.php\/wp-json\/wp\/v2\/posts\/71571\/revisions"}],"wp:featuredmedia":[{"embeddable":true,"href":"https:\/\/mx1gpbrasil.alperprojetos.com.br\/index.php\/wp-json\/wp\/v2\/media\/71572"}],"wp:attachment":[{"href":"https:\/\/mx1gpbrasil.alperprojetos.com.br\/index.php\/wp-json\/wp\/v2\/media?parent=71571"}],"wp:term":[{"taxonomy":"category","embeddable":true,"href":"https:\/\/mx1gpbrasil.alperprojetos.com.br\/index.php\/wp-json\/wp\/v2\/categories?post=71571"},{"taxonomy":"post_tag","embeddable":true,"href":"https:\/\/mx1gpbrasil.alperprojetos.com.br\/index.php\/wp-json\/wp\/v2\/tags?post=71571"}],"curies":[{"name":"wp","href":"https:\/\/api.w.org\/{rel}","templated":true}]}}