{"id":71577,"date":"2025-08-30T22:04:00","date_gmt":"2025-08-31T01:04:00","guid":{"rendered":"http:\/\/mx1gpbrasil.com.br\/?p=71577"},"modified":"2025-08-30T22:04:00","modified_gmt":"2025-08-31T01:04:00","slug":"mx1-gp-brasil-sportbay-neste-sabado-foram-definidos-os-primeiros-campeoes-da-temporada-2025-em-rio-verde-go","status":"publish","type":"post","link":"https:\/\/mx1gpbrasil.alperprojetos.com.br\/index.php\/2025\/08\/30\/mx1-gp-brasil-sportbay-neste-sabado-foram-definidos-os-primeiros-campeoes-da-temporada-2025-em-rio-verde-go\/","title":{"rendered":"MX1 GP Brasil Sportbay: neste s\u00e1bado foram definidos os primeiros campe\u00f5es da temporada 2025, em Rio Verde (GO)"},"content":{"rendered":"\n<p class=\"wp-block-paragraph\">O Aut\u00f3dromo \u201cAcelera Rio Verde\u201d, em Goi\u00e1s, foi cen\u00e1rio de fortes emo\u00e7\u00f5es neste s\u00e1bado (30), marcando a defini\u00e7\u00e3o dos primeiros campe\u00f5es da temporada 2025 do MX1GP Brasil Sportbay. Em meio ao calor intenso e enfrentando uma pista arenosa e desafiadora, de aproximadamente 2000 metros, pilotos de v\u00e1rias categorias travaram disputas acirradas e protagonizaram momentos decisivos \u2014 muitos deles garantindo seus t\u00edtulos de forma antecipada.<\/p>\n\n\n\n<p class=\"wp-block-paragraph\">A programa\u00e7\u00e3o oficial teve in\u00edcio com a categoria MX3. Pedro Godoy saiu na frente, impondo um ritmo acelerado, mas foi superado por Carlos Badiali, que aguardou o momento ideal para assumir a lideran\u00e7a da prova. <strong>Anderson Amaral, adotando uma estrat\u00e9gia precisa, terminou em terceiro lugar e, com esse resultado, assegurou o t\u00edtulo da categoria com uma etapa de anteced\u00eancia.<\/strong><\/p>\n\n\n\n<p class=\"wp-block-paragraph\"><strong>Resultado MX3<\/strong><br>1 \u2013 Carlos Badiali<br>2 \u2013 Pedro Godoy<br>3 \u2013 Anderson Amaral<br>4 \u2013 Daniel Pessanha<br>5 \u2013 Luanna Neves<\/p>\n\n\n\n<figure class=\"wp-block-image size-large\"><img loading=\"lazy\" decoding=\"async\" width=\"1024\" height=\"682\" src=\"http:\/\/mx1gpbrasil.com.br\/wp-content\/uploads\/2025\/09\/WhatsApp-Image-2025-09-01-at-16.19.37-1024x682.jpeg\" alt=\"\" class=\"wp-image-71578\" srcset=\"https:\/\/mx1gpbrasil.alperprojetos.com.br\/wp-content\/uploads\/2025\/09\/WhatsApp-Image-2025-09-01-at-16.19.37-1024x682.jpeg 1024w, https:\/\/mx1gpbrasil.alperprojetos.com.br\/wp-content\/uploads\/2025\/09\/WhatsApp-Image-2025-09-01-at-16.19.37-300x200.jpeg 300w, https:\/\/mx1gpbrasil.alperprojetos.com.br\/wp-content\/uploads\/2025\/09\/WhatsApp-Image-2025-09-01-at-16.19.37-768x512.jpeg 768w, https:\/\/mx1gpbrasil.alperprojetos.com.br\/wp-content\/uploads\/2025\/09\/WhatsApp-Image-2025-09-01-at-16.19.37-1536x1023.jpeg 1536w, https:\/\/mx1gpbrasil.alperprojetos.com.br\/wp-content\/uploads\/2025\/09\/WhatsApp-Image-2025-09-01-at-16.19.37-128x85.jpeg 128w, https:\/\/mx1gpbrasil.alperprojetos.com.br\/wp-content\/uploads\/2025\/09\/WhatsApp-Image-2025-09-01-at-16.19.37-32x21.jpeg 32w, https:\/\/mx1gpbrasil.alperprojetos.com.br\/wp-content\/uploads\/2025\/09\/WhatsApp-Image-2025-09-01-at-16.19.37-600x400.jpeg 600w, https:\/\/mx1gpbrasil.alperprojetos.com.br\/wp-content\/uploads\/2025\/09\/WhatsApp-Image-2025-09-01-at-16.19.37.jpeg 1600w\" sizes=\"auto, (max-width: 1024px) 100vw, 1024px\" \/><\/figure>\n\n\n\n<p class=\"wp-block-paragraph\">Na decis\u00e3o da YZ125 BLU CRU Cup, Kau\u00e3 Vieira garantiu o t\u00edtulo da temporada ao cruzar a linha de chegada na terceira posi\u00e7\u00e3o da grande final. A corrida teve dom\u00ednio de Sebastian Velasquez, que venceu a etapa, enquanto Heverton Silveira ficou com o segundo lugar e, com esse desempenho, foi reconhecido como o melhor piloto privado da categoria.<\/p>\n\n\n\n<p class=\"wp-block-paragraph\"><strong>Resultado YZ125 BLU CRU CUP<\/strong><br>1 \u2013 Sebastian Velasquez<br>2 \u2013 Heverton Silveira<br>3 \u2013 Rodrigo Stuardo<br>4 \u2013 Gustavo Torres<br>5 \u2013 Kau\u00e3 Vieira<\/p>\n\n\n\n<figure class=\"wp-block-image size-large\"><img loading=\"lazy\" decoding=\"async\" width=\"1024\" height=\"682\" src=\"http:\/\/mx1gpbrasil.com.br\/wp-content\/uploads\/2025\/09\/WhatsApp-Image-2025-09-01-at-16.19.37-1-1024x682.jpeg\" alt=\"\" class=\"wp-image-71579\" srcset=\"https:\/\/mx1gpbrasil.alperprojetos.com.br\/wp-content\/uploads\/2025\/09\/WhatsApp-Image-2025-09-01-at-16.19.37-1-1024x682.jpeg 1024w, https:\/\/mx1gpbrasil.alperprojetos.com.br\/wp-content\/uploads\/2025\/09\/WhatsApp-Image-2025-09-01-at-16.19.37-1-300x200.jpeg 300w, https:\/\/mx1gpbrasil.alperprojetos.com.br\/wp-content\/uploads\/2025\/09\/WhatsApp-Image-2025-09-01-at-16.19.37-1-768x512.jpeg 768w, https:\/\/mx1gpbrasil.alperprojetos.com.br\/wp-content\/uploads\/2025\/09\/WhatsApp-Image-2025-09-01-at-16.19.37-1-1536x1023.jpeg 1536w, https:\/\/mx1gpbrasil.alperprojetos.com.br\/wp-content\/uploads\/2025\/09\/WhatsApp-Image-2025-09-01-at-16.19.37-1-128x85.jpeg 128w, https:\/\/mx1gpbrasil.alperprojetos.com.br\/wp-content\/uploads\/2025\/09\/WhatsApp-Image-2025-09-01-at-16.19.37-1-32x21.jpeg 32w, https:\/\/mx1gpbrasil.alperprojetos.com.br\/wp-content\/uploads\/2025\/09\/WhatsApp-Image-2025-09-01-at-16.19.37-1-600x400.jpeg 600w, https:\/\/mx1gpbrasil.alperprojetos.com.br\/wp-content\/uploads\/2025\/09\/WhatsApp-Image-2025-09-01-at-16.19.37-1.jpeg 1600w\" sizes=\"auto, (max-width: 1024px) 100vw, 1024px\" \/><\/figure>\n\n\n\n<p class=\"wp-block-paragraph\">Valentina Barg entrou para a hist\u00f3ria ao se tornar a primeira piloto a conquistar o t\u00edtulo brasileiro na categoria 50cc. A jovem piloto garantiu o campeonato de forma antecipada, vencendo de ponta a ponta a etapa deste s\u00e1bado. J\u00e1 o mineiro Ben Sagae, atual campe\u00e3o do Arena Cross, terminou a prova na segunda coloca\u00e7\u00e3o.<\/p>\n\n\n\n<p class=\"wp-block-paragraph\"><strong>Resultado 50CC<\/strong><br>1 \u2013 Valentina Barg<br>2 \u2013 Ben Sagae<br>3 \u2013 Bernardo Melo<br>4 \u2013 Juarez Bernal<br>5 \u2013 Enzo Wiebbling<\/p>\n\n\n\n<figure class=\"wp-block-image size-large\"><img loading=\"lazy\" decoding=\"async\" width=\"1024\" height=\"682\" src=\"http:\/\/mx1gpbrasil.com.br\/wp-content\/uploads\/2025\/09\/WhatsApp-Image-2025-09-01-at-16.19.35-1024x682.jpeg\" alt=\"\" class=\"wp-image-71582\" srcset=\"https:\/\/mx1gpbrasil.alperprojetos.com.br\/wp-content\/uploads\/2025\/09\/WhatsApp-Image-2025-09-01-at-16.19.35-1024x682.jpeg 1024w, https:\/\/mx1gpbrasil.alperprojetos.com.br\/wp-content\/uploads\/2025\/09\/WhatsApp-Image-2025-09-01-at-16.19.35-300x200.jpeg 300w, https:\/\/mx1gpbrasil.alperprojetos.com.br\/wp-content\/uploads\/2025\/09\/WhatsApp-Image-2025-09-01-at-16.19.35-768x512.jpeg 768w, https:\/\/mx1gpbrasil.alperprojetos.com.br\/wp-content\/uploads\/2025\/09\/WhatsApp-Image-2025-09-01-at-16.19.35-1536x1023.jpeg 1536w, https:\/\/mx1gpbrasil.alperprojetos.com.br\/wp-content\/uploads\/2025\/09\/WhatsApp-Image-2025-09-01-at-16.19.35-128x85.jpeg 128w, https:\/\/mx1gpbrasil.alperprojetos.com.br\/wp-content\/uploads\/2025\/09\/WhatsApp-Image-2025-09-01-at-16.19.35-32x21.jpeg 32w, https:\/\/mx1gpbrasil.alperprojetos.com.br\/wp-content\/uploads\/2025\/09\/WhatsApp-Image-2025-09-01-at-16.19.35-600x400.jpeg 600w, https:\/\/mx1gpbrasil.alperprojetos.com.br\/wp-content\/uploads\/2025\/09\/WhatsApp-Image-2025-09-01-at-16.19.35.jpeg 1600w\" sizes=\"auto, (max-width: 1024px) 100vw, 1024px\" \/><\/figure>\n\n\n\n<p class=\"wp-block-paragraph\">Na categoria MX2Jr, o ga\u00facho Pietro Piroli confirmou o favoritismo ao vencer a etapa e assegurar o t\u00edtulo da temporada, somando 225 pontos \u2014 pontua\u00e7\u00e3o que o torna inalcan\u00e7\u00e1vel mesmo com uma rodada ainda por acontecer. Enquanto isso, a briga pelo vice-campeonato segue em aberto entre Arthur Gomes e o argentino Juan Felipe, com a decis\u00e3o reservada para a grande final em Indaiatuba (SP).<\/p>\n\n\n\n<p class=\"wp-block-paragraph\"><strong>Resultado MX2JR<\/strong><br>1 \u2013 Pietro Piroli<br>2 \u2013 Arthur Gomes<br>3 \u2013 Juan Felipe<br>4 \u2013 Vasko Durand<br>5 \u2013 C\u00e9sar Aponte<\/p>\n\n\n\n<figure class=\"wp-block-image size-large\"><img loading=\"lazy\" decoding=\"async\" width=\"1024\" height=\"682\" src=\"http:\/\/mx1gpbrasil.com.br\/wp-content\/uploads\/2025\/09\/WhatsApp-Image-2025-09-01-at-16.19.35-1-1024x682.jpeg\" alt=\"\" class=\"wp-image-71581\" srcset=\"https:\/\/mx1gpbrasil.alperprojetos.com.br\/wp-content\/uploads\/2025\/09\/WhatsApp-Image-2025-09-01-at-16.19.35-1-1024x682.jpeg 1024w, https:\/\/mx1gpbrasil.alperprojetos.com.br\/wp-content\/uploads\/2025\/09\/WhatsApp-Image-2025-09-01-at-16.19.35-1-300x200.jpeg 300w, https:\/\/mx1gpbrasil.alperprojetos.com.br\/wp-content\/uploads\/2025\/09\/WhatsApp-Image-2025-09-01-at-16.19.35-1-768x512.jpeg 768w, https:\/\/mx1gpbrasil.alperprojetos.com.br\/wp-content\/uploads\/2025\/09\/WhatsApp-Image-2025-09-01-at-16.19.35-1-1536x1023.jpeg 1536w, https:\/\/mx1gpbrasil.alperprojetos.com.br\/wp-content\/uploads\/2025\/09\/WhatsApp-Image-2025-09-01-at-16.19.35-1-128x85.jpeg 128w, https:\/\/mx1gpbrasil.alperprojetos.com.br\/wp-content\/uploads\/2025\/09\/WhatsApp-Image-2025-09-01-at-16.19.35-1-32x21.jpeg 32w, https:\/\/mx1gpbrasil.alperprojetos.com.br\/wp-content\/uploads\/2025\/09\/WhatsApp-Image-2025-09-01-at-16.19.35-1-600x400.jpeg 600w, https:\/\/mx1gpbrasil.alperprojetos.com.br\/wp-content\/uploads\/2025\/09\/WhatsApp-Image-2025-09-01-at-16.19.35-1.jpeg 1600w\" sizes=\"auto, (max-width: 1024px) 100vw, 1024px\" \/><\/figure>\n\n\n\n<p class=\"wp-block-paragraph\">Henri Krug, representante do Rio Grande do Sul, garantiu neste s\u00e1bado mais um t\u00edtulo antecipado para sua galeria. Ap\u00f3s enfrentar uma temporada marcada por desafios, o piloto conquistou o campeonato da categoria 65cc ao atingir 232 pontos, n\u00famero que o torna inalcan\u00e7\u00e1vel na classifica\u00e7\u00e3o geral. Na etapa do dia, a vit\u00f3ria ficou com o catarinense Lorenzo Ricken.<\/p>\n\n\n\n<p class=\"wp-block-paragraph\"><strong>Resultado 50CC<\/strong><br>1 \u2013 Lorenzo Ricken<br>2 \u2013 Henri Krug<br>3 \u2013 Arthur Lorenzo<br>4 \u2013 Henrique Spinass\u00e9<br>5 \u2013 Jo\u00e3o Gabriel Wovst<\/p>\n\n\n\n<figure class=\"wp-block-image size-large\"><img loading=\"lazy\" decoding=\"async\" width=\"1024\" height=\"682\" src=\"http:\/\/mx1gpbrasil.com.br\/wp-content\/uploads\/2025\/09\/WhatsApp-Image-2025-09-01-at-16.19.34-1024x682.jpeg\" alt=\"\" class=\"wp-image-71583\" srcset=\"https:\/\/mx1gpbrasil.alperprojetos.com.br\/wp-content\/uploads\/2025\/09\/WhatsApp-Image-2025-09-01-at-16.19.34-1024x682.jpeg 1024w, https:\/\/mx1gpbrasil.alperprojetos.com.br\/wp-content\/uploads\/2025\/09\/WhatsApp-Image-2025-09-01-at-16.19.34-300x200.jpeg 300w, https:\/\/mx1gpbrasil.alperprojetos.com.br\/wp-content\/uploads\/2025\/09\/WhatsApp-Image-2025-09-01-at-16.19.34-768x512.jpeg 768w, https:\/\/mx1gpbrasil.alperprojetos.com.br\/wp-content\/uploads\/2025\/09\/WhatsApp-Image-2025-09-01-at-16.19.34-1536x1023.jpeg 1536w, https:\/\/mx1gpbrasil.alperprojetos.com.br\/wp-content\/uploads\/2025\/09\/WhatsApp-Image-2025-09-01-at-16.19.34-128x85.jpeg 128w, https:\/\/mx1gpbrasil.alperprojetos.com.br\/wp-content\/uploads\/2025\/09\/WhatsApp-Image-2025-09-01-at-16.19.34-32x21.jpeg 32w, https:\/\/mx1gpbrasil.alperprojetos.com.br\/wp-content\/uploads\/2025\/09\/WhatsApp-Image-2025-09-01-at-16.19.34-600x400.jpeg 600w, https:\/\/mx1gpbrasil.alperprojetos.com.br\/wp-content\/uploads\/2025\/09\/WhatsApp-Image-2025-09-01-at-16.19.34.jpeg 1600w\" sizes=\"auto, (max-width: 1024px) 100vw, 1024px\" \/><\/figure>\n\n\n\n<p class=\"wp-block-paragraph\">Fechando o dia de disputas, a categoria MX4 realizou sua grande final com vit\u00f3ria do carioca Daniel \u201cFederal\u201d. Marcos Vin\u00edcius, o \u201cMano\u201d \u2014 l\u00edder do campeonato \u2014 chegou a assumir a ponta nos primeiros momentos da bateria, mas ap\u00f3s ser ultrapassado por Federal, optou por uma abordagem mais cautelosa. Com isso, garantiu a segunda coloca\u00e7\u00e3o na prova e confirmou o t\u00edtulo da temporada.<\/p>\n\n\n\n<p class=\"wp-block-paragraph\"><strong>Resultado MX4<\/strong><br>1 \u2013 Daniel Pessanha<br>2 \u2013 Marcus Vin\u00edcius \u201cMano\u201d<br>3 \u2013 Jo\u00e3o Vitor Cardeli<br>4 \u2013 Anderson Chupel<br>5 \u2013 Fabr\u00edcio Schincariol<\/p>\n\n\n\n<figure class=\"wp-block-image size-large\"><img loading=\"lazy\" decoding=\"async\" width=\"1024\" height=\"682\" src=\"http:\/\/mx1gpbrasil.com.br\/wp-content\/uploads\/2025\/09\/WhatsApp-Image-2025-09-01-at-16.19.34-1-1024x682.jpeg\" alt=\"\" class=\"wp-image-71584\" srcset=\"https:\/\/mx1gpbrasil.alperprojetos.com.br\/wp-content\/uploads\/2025\/09\/WhatsApp-Image-2025-09-01-at-16.19.34-1-1024x682.jpeg 1024w, https:\/\/mx1gpbrasil.alperprojetos.com.br\/wp-content\/uploads\/2025\/09\/WhatsApp-Image-2025-09-01-at-16.19.34-1-300x200.jpeg 300w, https:\/\/mx1gpbrasil.alperprojetos.com.br\/wp-content\/uploads\/2025\/09\/WhatsApp-Image-2025-09-01-at-16.19.34-1-768x512.jpeg 768w, https:\/\/mx1gpbrasil.alperprojetos.com.br\/wp-content\/uploads\/2025\/09\/WhatsApp-Image-2025-09-01-at-16.19.34-1-1536x1023.jpeg 1536w, https:\/\/mx1gpbrasil.alperprojetos.com.br\/wp-content\/uploads\/2025\/09\/WhatsApp-Image-2025-09-01-at-16.19.34-1-128x85.jpeg 128w, https:\/\/mx1gpbrasil.alperprojetos.com.br\/wp-content\/uploads\/2025\/09\/WhatsApp-Image-2025-09-01-at-16.19.34-1-32x21.jpeg 32w, https:\/\/mx1gpbrasil.alperprojetos.com.br\/wp-content\/uploads\/2025\/09\/WhatsApp-Image-2025-09-01-at-16.19.34-1-600x400.jpeg 600w, https:\/\/mx1gpbrasil.alperprojetos.com.br\/wp-content\/uploads\/2025\/09\/WhatsApp-Image-2025-09-01-at-16.19.34-1.jpeg 1600w\" sizes=\"auto, (max-width: 1024px) 100vw, 1024px\" \/><\/figure>\n\n\n\n<p class=\"wp-block-paragraph\">As disputas seguem neste domingo, com categorias ainda indefinidas e a expectativa pela consagra\u00e7\u00e3o de novos campe\u00f5es. A cobertura ao vivo continua pelo canal SportBay TV, no YouTube.<br><\/p>\n","protected":false},"excerpt":{"rendered":"<p>O Aut\u00f3dromo \u201cAcelera Rio Verde\u201d, em Goi\u00e1s, foi cen\u00e1rio de fortes emo\u00e7\u00f5es neste s\u00e1bado (30), marcando a defini\u00e7\u00e3o dos primeiros campe\u00f5es da temporada 2025 do MX1GP Brasil Sportbay. Em meio ao calor intenso e enfrentando uma pista arenosa e desafiadora, de aproximadamente 2000 metros, pilotos de v\u00e1rias categorias travaram disputas acirradas e protagonizaram momentos decisivos [&hellip;]<\/p>\n","protected":false},"author":1,"featured_media":71595,"comment_status":"closed","ping_status":"open","sticky":false,"template":"","format":"standard","meta":{"footnotes":""},"categories":[133],"tags":[],"class_list":["post-71577","post","type-post","status-publish","format-standard","has-post-thumbnail","hentry","category-motocross"],"_links":{"self":[{"href":"https:\/\/mx1gpbrasil.alperprojetos.com.br\/index.php\/wp-json\/wp\/v2\/posts\/71577","targetHints":{"allow":["GET"]}}],"collection":[{"href":"https:\/\/mx1gpbrasil.alperprojetos.com.br\/index.php\/wp-json\/wp\/v2\/posts"}],"about":[{"href":"https:\/\/mx1gpbrasil.alperprojetos.com.br\/index.php\/wp-json\/wp\/v2\/types\/post"}],"author":[{"embeddable":true,"href":"https:\/\/mx1gpbrasil.alperprojetos.com.br\/index.php\/wp-json\/wp\/v2\/users\/1"}],"replies":[{"embeddable":true,"href":"https:\/\/mx1gpbrasil.alperprojetos.com.br\/index.php\/wp-json\/wp\/v2\/comments?post=71577"}],"version-history":[{"count":0,"href":"https:\/\/mx1gpbrasil.alperprojetos.com.br\/index.php\/wp-json\/wp\/v2\/posts\/71577\/revisions"}],"wp:featuredmedia":[{"embeddable":true,"href":"https:\/\/mx1gpbrasil.alperprojetos.com.br\/index.php\/wp-json\/wp\/v2\/media\/71595"}],"wp:attachment":[{"href":"https:\/\/mx1gpbrasil.alperprojetos.com.br\/index.php\/wp-json\/wp\/v2\/media?parent=71577"}],"wp:term":[{"taxonomy":"category","embeddable":true,"href":"https:\/\/mx1gpbrasil.alperprojetos.com.br\/index.php\/wp-json\/wp\/v2\/categories?post=71577"},{"taxonomy":"post_tag","embeddable":true,"href":"https:\/\/mx1gpbrasil.alperprojetos.com.br\/index.php\/wp-json\/wp\/v2\/tags?post=71577"}],"curies":[{"name":"wp","href":"https:\/\/api.w.org\/{rel}","templated":true}]}}