{"id":71587,"date":"2025-08-31T21:17:00","date_gmt":"2025-09-01T00:17:00","guid":{"rendered":"http:\/\/mx1gpbrasil.com.br\/?p=71587"},"modified":"2025-08-31T21:17:00","modified_gmt":"2025-09-01T00:17:00","slug":"neste-domingo-be-tiburcio-conquista-o-titulo-antecipado-na-mx2-e-decisao-da-mx1-fica-para-a-grande-final-em-indaiatuba-sp","status":"publish","type":"post","link":"https:\/\/mx1gpbrasil.alperprojetos.com.br\/index.php\/2025\/08\/31\/neste-domingo-be-tiburcio-conquista-o-titulo-antecipado-na-mx2-e-decisao-da-mx1-fica-para-a-grande-final-em-indaiatuba-sp\/","title":{"rendered":"Neste domingo, Be Tib\u00farcio conquista o t\u00edtulo antecipado na MX2 e decis\u00e3o da MX1 fica para a grande final em Indaiatuba\/SP"},"content":{"rendered":"\n<p class=\"wp-block-paragraph\">O segundo dia de competi\u00e7\u00f5es da oitava etapa do MX1v GP Brasil Sportbay, realizado neste domingo no Aut\u00f3dromo Acelera Rio Verde, em Rio Verde (GO), foi marcado por baterias acirradas e momentos decisivos na luta pelos t\u00edtulos. Com um tra\u00e7ado t\u00e9cnico e exigente, que colocou \u00e0 prova a habilidade dos pilotos, o evento consagrou campe\u00f5es em mais duas categorias e manteve em aberto a disputa na principal delas, a MX1, cuja defini\u00e7\u00e3o est\u00e1 marcada para a grande final em Indaiatuba (SP), dentro de duas semanas.<\/p>\n\n\n\n<p class=\"wp-block-paragraph\">Abrindo as provas oficiais do domingo, a categoria MXF teve uma atua\u00e7\u00e3o impec\u00e1vel de Luanna Neves. Ap\u00f3s se destacar nos treinos, a piloto largou na frente e manteve um ritmo forte durante toda a corrida, cruzando a linha de chegada com mais de um minuto de vantagem. Com a vit\u00f3ria, Luanna ampliou sua vantagem para 18 pontos sobre Marcelly Cazadini e est\u00e1 cada vez mais perto de garantir o t\u00edtulo da temporada.<\/p>\n\n\n\n<p class=\"wp-block-paragraph\"><strong>Resultado MXF<\/strong><br>1 \u2013 Luanna Neves<br>2 \u2013 Alice Sagae<br>3 \u2013 Beatriz Gomes<br>4 \u2013 Marcelly Cazadini<br>5 \u2013 Larissa Silva<\/p>\n\n\n\n<figure class=\"wp-block-image size-large\"><img loading=\"lazy\" decoding=\"async\" width=\"1024\" height=\"682\" src=\"http:\/\/mx1gpbrasil.com.br\/wp-content\/uploads\/2025\/09\/WhatsApp-Image-2025-09-01-at-17.07.28-1024x682.jpeg\" alt=\"\" class=\"wp-image-71591\" srcset=\"https:\/\/mx1gpbrasil.alperprojetos.com.br\/wp-content\/uploads\/2025\/09\/WhatsApp-Image-2025-09-01-at-17.07.28-1024x682.jpeg 1024w, https:\/\/mx1gpbrasil.alperprojetos.com.br\/wp-content\/uploads\/2025\/09\/WhatsApp-Image-2025-09-01-at-17.07.28-300x200.jpeg 300w, https:\/\/mx1gpbrasil.alperprojetos.com.br\/wp-content\/uploads\/2025\/09\/WhatsApp-Image-2025-09-01-at-17.07.28-768x512.jpeg 768w, https:\/\/mx1gpbrasil.alperprojetos.com.br\/wp-content\/uploads\/2025\/09\/WhatsApp-Image-2025-09-01-at-17.07.28-1536x1023.jpeg 1536w, https:\/\/mx1gpbrasil.alperprojetos.com.br\/wp-content\/uploads\/2025\/09\/WhatsApp-Image-2025-09-01-at-17.07.28-128x85.jpeg 128w, https:\/\/mx1gpbrasil.alperprojetos.com.br\/wp-content\/uploads\/2025\/09\/WhatsApp-Image-2025-09-01-at-17.07.28-32x21.jpeg 32w, https:\/\/mx1gpbrasil.alperprojetos.com.br\/wp-content\/uploads\/2025\/09\/WhatsApp-Image-2025-09-01-at-17.07.28-600x400.jpeg 600w, https:\/\/mx1gpbrasil.alperprojetos.com.br\/wp-content\/uploads\/2025\/09\/WhatsApp-Image-2025-09-01-at-17.07.28.jpeg 1600w\" sizes=\"auto, (max-width: 1024px) 100vw, 1024px\" \/><\/figure>\n\n\n\n<p class=\"wp-block-paragraph\">J\u00e1 na MXJR, Francesco Copetti assegurou o t\u00edtulo da temporada de forma antecipada ao conquistar mais uma vit\u00f3ria dominante. Representando a equipe 595 KTM Racing Team, o piloto celebrou sua primeira grande conquista do ano, coroando uma trajet\u00f3ria marcada por regularidade e alto desempenho ao longo da temporada.<\/p>\n\n\n\n<p class=\"wp-block-paragraph\"><strong>Resultado MXJR<\/strong><br>1 \u2013 Francesco Copetti<br>2 \u2013 Zion Bertchold<br>3 \u2013 Lorenzo Ricken<br>4 \u2013 Heverton Silveira<br>5 \u2013 Enzo Fialho<\/p>\n\n\n\n<figure class=\"wp-block-image size-large\"><img decoding=\"async\" src=\"http:\/\/mx1gpbrasil.com.br\/wp-content\/uploads\/2025\/09\/WhatsApp-Image-2025-09-01-at-17.20.47-1024x683.jpeg\" alt=\"\" class=\"wp-image-71592\"\/><\/figure>\n\n\n\n<p class=\"wp-block-paragraph\">Na MX2, Be Tib\u00farcio brilhou ao longo do fim de semana. Com dois segundos lugares nas baterias, o piloto acumulou pontos suficientes para garantir antecipadamente seu primeiro t\u00edtulo na categoria. Embora Benjamin Garib, vice-l\u00edder do campeonato, tenha sa\u00eddo invicto da etapa, n\u00e3o conseguiu impedir a consagra\u00e7\u00e3o do rival.<\/p>\n\n\n\n<p class=\"wp-block-paragraph\"><strong>SOMA MX2<\/strong><br>1 \u2013 Benjamin Garib (1-1)<br>2 \u2013 Be Tiburcio (2-2)<br>3 \u2013 Vitor Borba (4-3)<br>4 \u2013 German Bratschi (3-4)<br>5 \u2013 Pietro Piroli (5-5)<\/p>\n\n\n\n<figure class=\"wp-block-image size-large\"><img decoding=\"async\" src=\"http:\/\/mx1gpbrasil.com.br\/wp-content\/uploads\/2025\/09\/WhatsApp-Image-2025-09-01-at-17.09.14-1024x683.jpeg\" alt=\"\" class=\"wp-image-71589\"\/><\/figure>\n\n\n\n<p class=\"wp-block-paragraph\">A disputa mais esperada, na MX1, continua em aberto, por\u00e9m com uma vantagem confort\u00e1vel para o franc\u00eas Stephen Rubini. Dono de duas vit\u00f3rias nas baterias, o piloto da equipe Honda Racing ampliou sua lideran\u00e7a gra\u00e7as a um dia marcado por estrat\u00e9gias bem executadas pela equipe. Rubini chega \u00e0 final com 15 pontos de vantagem sobre F\u00e1bio Santos, que apesar de um fim de semana irregular, ainda mant\u00e9m vivas as chances de conquistar o t\u00edtulo.<\/p>\n\n\n\n<p class=\"wp-block-paragraph\"><strong>Resultado Soma MX1<\/strong><br>1 \u2013 Stephen Rubini (1-1)<br>2 \u2013 Jeremy Van Horebeek (2-2)<br>3 \u2013 Greg Aranda (4-4)<br>4 \u2013 F\u00e1bio Santos (3-5)<br>5 \u2013 Guilherme Bresolin (7-3)<\/p>\n\n\n\n<figure class=\"wp-block-image size-large\"><img decoding=\"async\" src=\"http:\/\/mx1gpbrasil.com.br\/wp-content\/uploads\/2025\/09\/WhatsApp-Image-2025-09-01-at-17.17.14-1024x683.jpeg\" alt=\"\" class=\"wp-image-71590\"\/><\/figure>\n\n\n\n<p class=\"wp-block-paragraph\"><br><\/p>\n\n\n\n<p class=\"wp-block-paragraph\"><br><\/p>\n","protected":false},"excerpt":{"rendered":"<p>O segundo dia de competi\u00e7\u00f5es da oitava etapa do MX1v GP Brasil Sportbay, realizado neste domingo no Aut\u00f3dromo Acelera Rio Verde, em Rio Verde (GO), foi marcado por baterias acirradas e momentos decisivos na luta pelos t\u00edtulos. Com um tra\u00e7ado t\u00e9cnico e exigente, que colocou \u00e0 prova a habilidade dos pilotos, o evento consagrou campe\u00f5es [&hellip;]<\/p>\n","protected":false},"author":1,"featured_media":71593,"comment_status":"closed","ping_status":"open","sticky":false,"template":"","format":"standard","meta":{"footnotes":""},"categories":[133],"tags":[],"class_list":["post-71587","post","type-post","status-publish","format-standard","has-post-thumbnail","hentry","category-motocross"],"_links":{"self":[{"href":"https:\/\/mx1gpbrasil.alperprojetos.com.br\/index.php\/wp-json\/wp\/v2\/posts\/71587","targetHints":{"allow":["GET"]}}],"collection":[{"href":"https:\/\/mx1gpbrasil.alperprojetos.com.br\/index.php\/wp-json\/wp\/v2\/posts"}],"about":[{"href":"https:\/\/mx1gpbrasil.alperprojetos.com.br\/index.php\/wp-json\/wp\/v2\/types\/post"}],"author":[{"embeddable":true,"href":"https:\/\/mx1gpbrasil.alperprojetos.com.br\/index.php\/wp-json\/wp\/v2\/users\/1"}],"replies":[{"embeddable":true,"href":"https:\/\/mx1gpbrasil.alperprojetos.com.br\/index.php\/wp-json\/wp\/v2\/comments?post=71587"}],"version-history":[{"count":0,"href":"https:\/\/mx1gpbrasil.alperprojetos.com.br\/index.php\/wp-json\/wp\/v2\/posts\/71587\/revisions"}],"wp:featuredmedia":[{"embeddable":true,"href":"https:\/\/mx1gpbrasil.alperprojetos.com.br\/index.php\/wp-json\/wp\/v2\/media\/71593"}],"wp:attachment":[{"href":"https:\/\/mx1gpbrasil.alperprojetos.com.br\/index.php\/wp-json\/wp\/v2\/media?parent=71587"}],"wp:term":[{"taxonomy":"category","embeddable":true,"href":"https:\/\/mx1gpbrasil.alperprojetos.com.br\/index.php\/wp-json\/wp\/v2\/categories?post=71587"},{"taxonomy":"post_tag","embeddable":true,"href":"https:\/\/mx1gpbrasil.alperprojetos.com.br\/index.php\/wp-json\/wp\/v2\/tags?post=71587"}],"curies":[{"name":"wp","href":"https:\/\/api.w.org\/{rel}","templated":true}]}}