{"id":71737,"date":"2025-09-11T19:44:37","date_gmt":"2025-09-11T22:44:37","guid":{"rendered":"https:\/\/mx1gpbrasil.com.br\/?p=71737"},"modified":"2025-09-11T19:44:37","modified_gmt":"2025-09-11T22:44:37","slug":"coletiva-dos-campeoes-reune-estrelas-do-mx1-gp-brasil-sportbay","status":"publish","type":"post","link":"https:\/\/mx1gpbrasil.alperprojetos.com.br\/index.php\/2025\/09\/11\/coletiva-dos-campeoes-reune-estrelas-do-mx1-gp-brasil-sportbay\/","title":{"rendered":"Coletiva dos Campe\u00f5es re\u00fane estrelas do MX1 GP Brasil Sportbay"},"content":{"rendered":"\n<p class=\"wp-block-paragraph\">O brilho das conquistas vai tomar conta da sala de imprensa nesta sexta-feira, 12 de setembro, \u00e0s 16h, com a realiza\u00e7\u00e3o da Coletiva dos Campe\u00f5es do MX1 GP Brasil Sportbay. O encontro promete reunir jornalistas, fot\u00f3grafos e profissionais de comunica\u00e7\u00e3o para um bate-papo direto com os grandes nomes que levantaram, antecipadamente, trof\u00e9us nesta temporada.<\/p>\n\n\n\n<p class=\"wp-block-paragraph\">Estar\u00e3o presentes os campe\u00f5es das categorias que garantiram seus t\u00edtulos antecipados e que deram um show de talento e determina\u00e7\u00e3o nas pistas ao longo do ano. S\u00e3o eles:<\/p>\n\n\n\n<p class=\"wp-block-paragraph\"><br>\u2022 Bernardo Tiburcio, campe\u00e3o da categoria MX2<br>\u2022 Pietro Piroli, campe\u00e3o da MX2JR<br>\u2022 Kau\u00e3 Vieira, campe\u00e3o da YZ125<br>\u2022 Valentina Barg, campe\u00e3 da 50cc<br>\u2022 Henri Krug, campe\u00e3o da 65cc<br>\u2022 Francesco Copetti, campe\u00e3o da MXJR<\/p>\n\n\n\n<p class=\"wp-block-paragraph\">Entre os campe\u00f5es de 2025, destaque tamb\u00e9m para Anderson Amaral, que conquistou de forma antecipada o t\u00edtulo da categoria MX3, mostrando toda a experi\u00eancia e regularidade que marcaram sua campanha. No entanto, nesta coletiva, o espa\u00e7o ser\u00e1 especialmente voltado para os pilotos que est\u00e3o dando seus primeiros passos na carreira profissional, celebrando a renova\u00e7\u00e3o e o futuro do motocross brasileiro.<\/p>\n\n\n\n<p class=\"wp-block-paragraph\">A coletiva ser\u00e1 uma oportunidade \u00fanica para ouvir as impress\u00f5es dos pilotos, suas trajet\u00f3rias at\u00e9 o t\u00edtulo e as expectativas para o futuro. Mais do que celebrar resultados, o encontro marca um momento de valoriza\u00e7\u00e3o do trabalho dos atletas que representam a renova\u00e7\u00e3o do motocross brasileiro.<\/p>\n\n\n\n<p class=\"wp-block-paragraph\">Se voc\u00ea n\u00e3o puder estar no evento ou n\u00e3o for imprensa credenciada, ainda pode participar da coletiva: envie sua pergunta para os pilotos pelos stories no nosso Instagram (@mx1gpbrasil).<\/p>\n\n\n\n<p class=\"wp-block-paragraph\">Com a imprensa reunida, o evento refor\u00e7a o compromisso do campeonato em aproximar o p\u00fablico das hist\u00f3rias que movem o esporte, mostrando que, por tr\u00e1s de cada vit\u00f3ria, existe dedica\u00e7\u00e3o, disciplina e paix\u00e3o pela moto.<\/p>\n\n\n\n<figure class=\"wp-block-image size-large\"><img loading=\"lazy\" decoding=\"async\" width=\"768\" height=\"1024\" src=\"https:\/\/mx1gpbrasil.com.br\/wp-content\/uploads\/2025\/09\/WhatsApp-Image-2025-09-09-at-08.08.48-1-768x1024.jpeg\" alt=\"\" class=\"wp-image-71738\" srcset=\"https:\/\/mx1gpbrasil.alperprojetos.com.br\/wp-content\/uploads\/2025\/09\/WhatsApp-Image-2025-09-09-at-08.08.48-1-768x1024.jpeg 768w, https:\/\/mx1gpbrasil.alperprojetos.com.br\/wp-content\/uploads\/2025\/09\/WhatsApp-Image-2025-09-09-at-08.08.48-1-225x300.jpeg 225w, https:\/\/mx1gpbrasil.alperprojetos.com.br\/wp-content\/uploads\/2025\/09\/WhatsApp-Image-2025-09-09-at-08.08.48-1-96x128.jpeg 96w, https:\/\/mx1gpbrasil.alperprojetos.com.br\/wp-content\/uploads\/2025\/09\/WhatsApp-Image-2025-09-09-at-08.08.48-1-24x32.jpeg 24w, https:\/\/mx1gpbrasil.alperprojetos.com.br\/wp-content\/uploads\/2025\/09\/WhatsApp-Image-2025-09-09-at-08.08.48-1-600x800.jpeg 600w, https:\/\/mx1gpbrasil.alperprojetos.com.br\/wp-content\/uploads\/2025\/09\/WhatsApp-Image-2025-09-09-at-08.08.48-1.jpeg 1080w\" sizes=\"auto, (max-width: 768px) 100vw, 768px\" \/><\/figure>\n\n\n\n<figure class=\"wp-block-image size-large\"><img loading=\"lazy\" decoding=\"async\" width=\"768\" height=\"1024\" src=\"https:\/\/mx1gpbrasil.com.br\/wp-content\/uploads\/2025\/09\/WhatsApp-Image-2025-09-09-at-08.08.47-1-768x1024.jpeg\" alt=\"\" class=\"wp-image-71739\" srcset=\"https:\/\/mx1gpbrasil.alperprojetos.com.br\/wp-content\/uploads\/2025\/09\/WhatsApp-Image-2025-09-09-at-08.08.47-1-768x1024.jpeg 768w, https:\/\/mx1gpbrasil.alperprojetos.com.br\/wp-content\/uploads\/2025\/09\/WhatsApp-Image-2025-09-09-at-08.08.47-1-225x300.jpeg 225w, https:\/\/mx1gpbrasil.alperprojetos.com.br\/wp-content\/uploads\/2025\/09\/WhatsApp-Image-2025-09-09-at-08.08.47-1-96x128.jpeg 96w, https:\/\/mx1gpbrasil.alperprojetos.com.br\/wp-content\/uploads\/2025\/09\/WhatsApp-Image-2025-09-09-at-08.08.47-1-24x32.jpeg 24w, https:\/\/mx1gpbrasil.alperprojetos.com.br\/wp-content\/uploads\/2025\/09\/WhatsApp-Image-2025-09-09-at-08.08.47-1-600x800.jpeg 600w, https:\/\/mx1gpbrasil.alperprojetos.com.br\/wp-content\/uploads\/2025\/09\/WhatsApp-Image-2025-09-09-at-08.08.47-1.jpeg 1080w\" sizes=\"auto, (max-width: 768px) 100vw, 768px\" \/><\/figure>\n","protected":false},"excerpt":{"rendered":"<p>O brilho das conquistas vai tomar conta da sala de imprensa nesta sexta-feira, 12 de setembro, \u00e0s 16h, com a realiza\u00e7\u00e3o da Coletiva dos Campe\u00f5es do MX1 GP Brasil Sportbay. O encontro promete reunir jornalistas, fot\u00f3grafos e profissionais de comunica\u00e7\u00e3o para um bate-papo direto com os grandes nomes que levantaram, antecipadamente, trof\u00e9us nesta temporada. Estar\u00e3o [&hellip;]<\/p>\n","protected":false},"author":1,"featured_media":71740,"comment_status":"closed","ping_status":"open","sticky":false,"template":"","format":"standard","meta":{"footnotes":""},"categories":[133],"tags":[],"class_list":["post-71737","post","type-post","status-publish","format-standard","has-post-thumbnail","hentry","category-motocross"],"_links":{"self":[{"href":"https:\/\/mx1gpbrasil.alperprojetos.com.br\/index.php\/wp-json\/wp\/v2\/posts\/71737","targetHints":{"allow":["GET"]}}],"collection":[{"href":"https:\/\/mx1gpbrasil.alperprojetos.com.br\/index.php\/wp-json\/wp\/v2\/posts"}],"about":[{"href":"https:\/\/mx1gpbrasil.alperprojetos.com.br\/index.php\/wp-json\/wp\/v2\/types\/post"}],"author":[{"embeddable":true,"href":"https:\/\/mx1gpbrasil.alperprojetos.com.br\/index.php\/wp-json\/wp\/v2\/users\/1"}],"replies":[{"embeddable":true,"href":"https:\/\/mx1gpbrasil.alperprojetos.com.br\/index.php\/wp-json\/wp\/v2\/comments?post=71737"}],"version-history":[{"count":0,"href":"https:\/\/mx1gpbrasil.alperprojetos.com.br\/index.php\/wp-json\/wp\/v2\/posts\/71737\/revisions"}],"wp:featuredmedia":[{"embeddable":true,"href":"https:\/\/mx1gpbrasil.alperprojetos.com.br\/index.php\/wp-json\/wp\/v2\/media\/71740"}],"wp:attachment":[{"href":"https:\/\/mx1gpbrasil.alperprojetos.com.br\/index.php\/wp-json\/wp\/v2\/media?parent=71737"}],"wp:term":[{"taxonomy":"category","embeddable":true,"href":"https:\/\/mx1gpbrasil.alperprojetos.com.br\/index.php\/wp-json\/wp\/v2\/categories?post=71737"},{"taxonomy":"post_tag","embeddable":true,"href":"https:\/\/mx1gpbrasil.alperprojetos.com.br\/index.php\/wp-json\/wp\/v2\/tags?post=71737"}],"curies":[{"name":"wp","href":"https:\/\/api.w.org\/{rel}","templated":true}]}}