{"id":71753,"date":"2025-09-13T20:30:00","date_gmt":"2025-09-13T23:30:00","guid":{"rendered":"https:\/\/mx1gpbrasil.com.br\/?p=71753"},"modified":"2025-09-13T20:30:00","modified_gmt":"2025-09-13T23:30:00","slug":"indaiatuba-sp-recebe-o-primeiro-dia-da-final-do-mx1-gp-brasil-sportbay-com-vitorias-historicas","status":"publish","type":"post","link":"https:\/\/mx1gpbrasil.alperprojetos.com.br\/index.php\/2025\/09\/13\/indaiatuba-sp-recebe-o-primeiro-dia-da-final-do-mx1-gp-brasil-sportbay-com-vitorias-historicas\/","title":{"rendered":"Indaiatuba\/SP recebe o primeiro dia da final do MX1 GP Brasil Sportbay com vit\u00f3rias hist\u00f3ricas"},"content":{"rendered":"\n<p class=\"wp-block-paragraph\">O s\u00e1bado, 13 de setembro de 2025, marcou o retorno de Indaiatuba (SP) ao calend\u00e1rio do Campeonato Brasileiro de Motocross. Ap\u00f3s dez anos de aus\u00eancia, o p\u00fablico p\u00f4de novamente acompanhar corridas oficiais no CETH \u2013 Centro Educacional de Tr\u00e2nsito Honda, uma das pistas mais tradicionais do pa\u00eds e palco da grande final da temporada.<\/p>\n\n\n\n<p class=\"wp-block-paragraph\">Cinco categorias foram disputadas neste primeiro dia de provas, trazendo novos vencedores, t\u00edtulos confirmados e corridas intensas que abriram de forma emocionante a nona e \u00faltima etapa do campeonato.<\/p>\n\n\n\n<p class=\"wp-block-paragraph\"><strong>MX3 \u2013 Carlos Campano vence no retorno a Indaiatuba<\/strong><\/p>\n\n\n\n<p class=\"wp-block-paragraph\">Dez anos depois de sua \u00faltima vit\u00f3ria na pista paulista, o espanhol Carlos Campano (Yamaha) voltou a conquistar uma bateria em Indaiatuba, desta vez pela MX3. A corrida foi marcada por uma forte disputa inicial com Caio Lopes (HQT), que perdeu rendimento nas voltas finais por problemas mec\u00e2nicos, mas ainda garantiu a segunda posi\u00e7\u00e3o. O p\u00f3dio foi completado por Pedro Godoy. J\u00e1 o campe\u00e3o antecipado da categoria, Anderson Amaral (Belco Racing), comemorou seu t\u00edtulo nacional de forma descontra\u00edda, competindo com moto 2 tempos e cruzando em nono lugar.<\/p>\n\n\n\n<p class=\"wp-block-paragraph\"><strong>Resultado \u2013 MX3:<\/strong><br>1\u00ba &#8211; Carlos Campano (Yamaha)<br>2\u00ba &#8211; Caio Lopes (HQT)<br>3\u00ba &#8211; Pedro Godoy<br>4\u00ba &#8211; Adrien Metge (Yamaha)<br>5\u00ba &#8211; Marcus \u201cMano\u201d Vin\u00edcius<\/p>\n\n\n\n<figure class=\"wp-block-image size-large\"><img decoding=\"async\" src=\"https:\/\/mx1gpbrasil.com.br\/wp-content\/uploads\/2025\/09\/WhatsApp-Image-2025-09-17-at-16.05.48-3-1024x683.jpeg\" alt=\"\" class=\"wp-image-71758\"\/><\/figure>\n\n\n\n<p class=\"wp-block-paragraph\"><strong>50cc \u2013 Valentina Barg confirma t\u00edtulo com vit\u00f3ria<\/strong><\/p>\n\n\n\n<p class=\"wp-block-paragraph\">Na categoria 50cc, Valentina Barg confirmou sua condi\u00e7\u00e3o de destaque absoluto ao vencer mais uma vez. Ela terminou a temporada como a primeira menina campe\u00e3 da classe, impondo ritmo forte e finalizando oito segundos \u00e0 frente de Clemente Lobos, o vice. O p\u00f3dio contou ainda com Tom\u00e1s Ruiz, Ana Helo\u00edsa e Benjamin Sagae.<\/p>\n\n\n\n<p class=\"wp-block-paragraph\"><strong>Resultado \u2013 50cc:<\/strong><br>1\u00ba &#8211; Valentina Barg<br>2\u00ba &#8211; Clemente Lobos<br>3\u00ba &#8211; Tom\u00e1s Ruiz<br>4\u00ba &#8211; Ana Helo\u00edsa<br>5\u00ba &#8211; Benjamin Sagae<\/p>\n\n\n\n<figure class=\"wp-block-image size-large\"><img decoding=\"async\" src=\"https:\/\/mx1gpbrasil.com.br\/wp-content\/uploads\/2025\/09\/WhatsApp-Image-2025-09-17-at-16.05.48-2-1024x683.jpeg\" alt=\"\" class=\"wp-image-71757\"\/><\/figure>\n\n\n\n<p class=\"wp-block-paragraph\"><strong>65cc \u2013 Jo\u00e3o \u201cBolachinha\u201d conquista sua primeira vit\u00f3ria<\/strong><\/p>\n\n\n\n<p class=\"wp-block-paragraph\">A 65cc foi uma das corridas mais disputadas do dia. O j\u00e1 campe\u00e3o Henri Krug (Belco Racing) foi ultrapassado na parte final por Jo\u00e3o \u201cBolachinha\u201d Wost, que comemorou muito sua primeira vit\u00f3ria em uma etapa do Brasileiro. Arthur Lorenzo, Vitor Brito e Lorenzo Ricken completaram o p\u00f3dio da categoria.<\/p>\n\n\n\n<p class=\"wp-block-paragraph\"><strong>Resultado \u2013 65cc:<\/strong><br>1\u00ba &#8211; Jo\u00e3o \u201cBolachinha\u201d Wost<br>2\u00ba &#8211; Henri Krug (Belco Racing<br>3\u00ba &#8211; Arthur Lorenzo (Belco Racing)<br>4\u00ba &#8211; Vitor Brito<br>5\u00ba &#8211; Lorenzo Ricken<\/p>\n\n\n\n<figure class=\"wp-block-image size-large\"><img decoding=\"async\" src=\"https:\/\/mx1gpbrasil.com.br\/wp-content\/uploads\/2025\/09\/WhatsApp-Image-2025-09-17-at-16.05.48-1-1024x683.jpeg\" alt=\"\" class=\"wp-image-71756\"\/><\/figure>\n\n\n\n<p class=\"wp-block-paragraph\"><strong>MX5 \u2013 t\u00edtulo para Willian Guimar\u00e3es, vit\u00f3ria para John Grewe<\/strong><\/p>\n\n\n\n<p class=\"wp-block-paragraph\">A bateria da MX5 foi marcada pela participa\u00e7\u00e3o especial do norte-americano John Grewe (JP Racing), que correu com o n\u00famero #92 em homenagem ao ex-piloto Rog\u00e9rio Nogueira, grande \u00eddolo da cidade. Grewe venceu a prova resistindo \u00e0 press\u00e3o de Willian Guimar\u00e3es, que, ao cruzar em segundo lugar, confirmou mais um t\u00edtulo brasileiro em sua carreira. Amilton Amorin, Jose Israel e Jorge Negretti completaram as cinco primeiras posi\u00e7\u00f5es.<\/p>\n\n\n\n<p class=\"wp-block-paragraph\"><strong>Resultado \u2013 MX5:<\/strong><br>1\u00ba &#8211; John Grewe (JP Racing)<br>2\u00ba &#8211; Willian Guimar\u00e3es<br>3\u00ba &#8211; Amilton Amorin<br>4\u00ba &#8211; Jose Israel<br>5\u00ba &#8211; Jorge Negretti (JP Racing)<\/p>\n\n\n\n<figure class=\"wp-block-image size-large\"><img decoding=\"async\" src=\"https:\/\/mx1gpbrasil.com.br\/wp-content\/uploads\/2025\/09\/WhatsApp-Image-2025-09-13-at-19.39.09-1024x683.jpeg\" alt=\"\" class=\"wp-image-71754\"\/><\/figure>\n\n\n\n<p class=\"wp-block-paragraph\"><strong>MX2JR \u2013 vit\u00f3ria in\u00e9dita para Vasko Durand<\/strong><\/p>\n\n\n\n<p class=\"wp-block-paragraph\">Com a aus\u00eancia do campe\u00e3o antecipado Pietro Piroli, a categoria MX2JR ficou aberta para novos protagonistas. Ap\u00f3s boas disputas, o peruano Vasko Durand (FK Racing) assumiu a lideran\u00e7a e garantiu sua primeira vit\u00f3ria na competi\u00e7\u00e3o. O p\u00f3dio teve ainda Arthur Gomes (S2 Nordeste), que fez prova de recupera\u00e7\u00e3o e terminou em segundo, seguido por Juan Garcia, Gabriel Bilhar e Wagner Guilherme.<\/p>\n\n\n\n<p class=\"wp-block-paragraph\"><strong>Resultado \u2013 MX2JR:<\/strong><br>1\u00ba &#8211; Vasko Durand (FK Racing)<br>2\u00ba &#8211; Arthur Gomes (S2 Nordeste)<br>3\u00ba &#8211; Juan Garcia (Yamaha bLU cRU)<br>4\u00ba &#8211; Gabriel Bilhar (Belco Racing)<br>5\u00ba &#8211; Wagner Guilherme (S2 Nordeste)<\/p>\n\n\n\n<figure class=\"wp-block-image size-large\"><img decoding=\"async\" src=\"https:\/\/mx1gpbrasil.com.br\/wp-content\/uploads\/2025\/09\/WhatsApp-Image-2025-09-13-at-19.39.09-1-1024x683.jpeg\" alt=\"\" class=\"wp-image-71755\"\/><\/figure>\n\n\n\n<p class=\"wp-block-paragraph\">Expectativa para o domingo decisivo<\/p>\n\n\n\n<p class=\"wp-block-paragraph\">Neste domingo (14), acontecem as provas que definir\u00e3o os campe\u00f5es das categorias MX1, MX2, MXJR e MXF, encerrando a temporada 2025 em grande estilo. A decis\u00e3o da MX1 promete ser hist\u00f3rica, colocando frente a frente o brasileiro F\u00e1bio Santos (Honda Racing Brasil) e o franc\u00eas St\u00e9phane Rubini (Yamaha), em um duelo que j\u00e1 \u00e9 aguardado como um dos mais emocionantes dos \u00faltimos anos.<\/p>\n\n\n\n<p class=\"wp-block-paragraph\"><\/p>\n","protected":false},"excerpt":{"rendered":"<p>O s\u00e1bado, 13 de setembro de 2025, marcou o retorno de Indaiatuba (SP) ao calend\u00e1rio do Campeonato Brasileiro de Motocross. Ap\u00f3s dez anos de aus\u00eancia, o p\u00fablico p\u00f4de novamente acompanhar corridas oficiais no CETH \u2013 Centro Educacional de Tr\u00e2nsito Honda, uma das pistas mais tradicionais do pa\u00eds e palco da grande final da temporada. Cinco [&hellip;]<\/p>\n","protected":false},"author":1,"featured_media":71758,"comment_status":"closed","ping_status":"open","sticky":false,"template":"","format":"standard","meta":{"footnotes":""},"categories":[133],"tags":[],"class_list":["post-71753","post","type-post","status-publish","format-standard","has-post-thumbnail","hentry","category-motocross"],"_links":{"self":[{"href":"https:\/\/mx1gpbrasil.alperprojetos.com.br\/index.php\/wp-json\/wp\/v2\/posts\/71753","targetHints":{"allow":["GET"]}}],"collection":[{"href":"https:\/\/mx1gpbrasil.alperprojetos.com.br\/index.php\/wp-json\/wp\/v2\/posts"}],"about":[{"href":"https:\/\/mx1gpbrasil.alperprojetos.com.br\/index.php\/wp-json\/wp\/v2\/types\/post"}],"author":[{"embeddable":true,"href":"https:\/\/mx1gpbrasil.alperprojetos.com.br\/index.php\/wp-json\/wp\/v2\/users\/1"}],"replies":[{"embeddable":true,"href":"https:\/\/mx1gpbrasil.alperprojetos.com.br\/index.php\/wp-json\/wp\/v2\/comments?post=71753"}],"version-history":[{"count":0,"href":"https:\/\/mx1gpbrasil.alperprojetos.com.br\/index.php\/wp-json\/wp\/v2\/posts\/71753\/revisions"}],"wp:featuredmedia":[{"embeddable":true,"href":"https:\/\/mx1gpbrasil.alperprojetos.com.br\/index.php\/wp-json\/wp\/v2\/media\/71758"}],"wp:attachment":[{"href":"https:\/\/mx1gpbrasil.alperprojetos.com.br\/index.php\/wp-json\/wp\/v2\/media?parent=71753"}],"wp:term":[{"taxonomy":"category","embeddable":true,"href":"https:\/\/mx1gpbrasil.alperprojetos.com.br\/index.php\/wp-json\/wp\/v2\/categories?post=71753"},{"taxonomy":"post_tag","embeddable":true,"href":"https:\/\/mx1gpbrasil.alperprojetos.com.br\/index.php\/wp-json\/wp\/v2\/tags?post=71753"}],"curies":[{"name":"wp","href":"https:\/\/api.w.org\/{rel}","templated":true}]}}