{"id":71760,"date":"2025-09-14T20:00:00","date_gmt":"2025-09-14T23:00:00","guid":{"rendered":"https:\/\/mx1gpbrasil.com.br\/?p=71760"},"modified":"2025-09-14T20:00:00","modified_gmt":"2025-09-14T23:00:00","slug":"em-dia-escaldante-emocao-tomou-conta-da-decisao-do-mx1-gp-brasil-sportbay-2025-em-indaiatuba-sp","status":"publish","type":"post","link":"https:\/\/mx1gpbrasil.alperprojetos.com.br\/index.php\/2025\/09\/14\/em-dia-escaldante-emocao-tomou-conta-da-decisao-do-mx1-gp-brasil-sportbay-2025-em-indaiatuba-sp\/","title":{"rendered":"Em dia escaldante, emo\u00e7\u00e3o tomou conta da decis\u00e3o do MX1 GP Brasil Sportbay 2025 em Indaiatuba\/SP"},"content":{"rendered":"\n<p class=\"wp-block-paragraph\"><strong>Indaiatuba (SP)<\/strong> \u2014 O calor do sol era apenas um detalhe no CETH Honda Racing neste domingo, 14 de setembro. O \u00faltimo dia do <strong>MX1 GP Brasil Sportbay 2025<\/strong> foi eletrizante, n\u00e3o apenas pelas altas temperaturas, mas principalmente pelas disputas intensas que marcaram o encerramento da temporada do Campeonato Brasileiro de Motocross. Era dia de coroar os campe\u00f5es das categorias <strong>MX1<\/strong> e <strong>MXF<\/strong>, e a atmosfera estava carregada de expectativa.<\/p>\n\n\n\n<p class=\"wp-block-paragraph\">Logo ap\u00f3s os <strong>warm-ups<\/strong>, as <strong>provas oficiais<\/strong> come\u00e7aram com tudo. A abertura ficou por conta da <strong>1\u00aa bateria da categoria MX2<\/strong>, que j\u00e1 deu uma amostra do que viria pela frente: disputas acirradas, t\u00e9cnica apurada e muita velocidade. O destaque ficou para o piloto da <strong>JP Pr\u00f3 Honda Circuit<\/strong>, <strong>Benjamin Garib<\/strong>, que cravou uma vit\u00f3ria incontest\u00e1vel, liderando com autoridade e garantindo os primeiros aplausos do dia. Pontos importantes para ser o vice-campe\u00e3o, j\u00e1 que Bernardo Tib\u00farcio, j\u00e1 era campe\u00e3o antecipado. <\/p>\n\n\n\n<p class=\"wp-block-paragraph\"><strong>RESULTADO MX2 &#8211; 1\u00aa BATERIA:<\/strong><br>1\u00ba &#8211; Benjamin Garib<br>2\u00ba &#8211; Bernardo Tiburcio<br>3\u00ba &#8211; Juan Garcia<br>4\u00ba &#8211; Rodrigo Borges<br>5\u00ba &#8211; Caio Lopes<\/p>\n\n\n\n<p class=\"wp-block-paragraph\">Na sequ\u00eancia, foi a vez da categoria <strong>MXF<\/strong> entrar na pista, e o protagonismo ficou por conta de <strong>Luanna Neves<\/strong>, da <strong>595 KTM Racing Team<\/strong>. Com apenas <strong>15 anos<\/strong>, a jovem piloto confirmou a excelente fase e conquistou seu <strong>primeiro t\u00edtulo brasileiro<\/strong>, coroando uma temporada impec\u00e1vel. O pior resultado de Luanna foi um segundo lugar na etapa de abertura, em <strong>Ponta Grossa (PR)<\/strong>. A partir dali, ela venceu todas as provas seguintes, mostrando maturidade, t\u00e9cnica e consist\u00eancia para se tornar a nova campe\u00e3 da <strong>MXF<\/strong> e um dos grandes nomes do motocross nacional.<\/p>\n\n\n\n<p class=\"wp-block-paragraph\"><strong>RESULTADO MXF:<\/strong><br>1\u00ba &#8211; Luanna Neves<br>2\u00ba &#8211; Marcely Cazadini<br>3\u00ba &#8211; Alicia Sagae<br>4\u00ba &#8211; Beatriz Braga<br>5\u00ba &#8211; Izabela Bindela<\/p>\n\n\n\n<figure class=\"wp-block-image size-large\"><img decoding=\"async\" src=\"https:\/\/mx1gpbrasil.com.br\/wp-content\/uploads\/2025\/09\/DSC01086-1024x683.jpg\" alt=\"\" class=\"wp-image-71761\"\/><\/figure>\n\n\n\n<p class=\"wp-block-paragraph\">Na <strong>primeira bateria da MX1<\/strong>, a principal categoria do campeonato, o clima de decis\u00e3o tomou conta do CETH Honda Racing. A disputa pelo t\u00edtulo estava acirrada entre <strong>Stephen Rubini<\/strong> (Honda) e <strong>F\u00e1bio Santos<\/strong> (Yamaha), em um verdadeiro duelo de gigantes. No entanto, quem roubou a cena foi o franc\u00eas <strong>Greg Aranda<\/strong>, da <strong>595 KTM Racing Team<\/strong>, que fez uma prova impec\u00e1vel e cruzou a linha de chegada na frente, garantindo a vit\u00f3ria na bateria. Apesar disso, entre os dois principais concorrentes ao t\u00edtulo, <strong>Rubini<\/strong> levou a melhor, conquistando pontos valiosos e ampliando sua vantagem. O campeonato, por\u00e9m, ainda n\u00e3o estava decidido \u2014 restava a segunda bateria, e agora o piloto da Honda precisava apenas manter a calma e garantir os poucos pontos restantes para confirmar a vit\u00f3ria.<\/p>\n\n\n\n<p class=\"wp-block-paragraph\"><strong>RESULTADO MX1 &#8211; 1\u00aa BATERIA:<\/strong><br>1\u00ba &#8211; Gregory Aranda<br>2\u00ba &#8211; Jeremy Van Horebeeck<br>3\u00ba &#8211; Stephen Rubini<br>4\u00ba &#8211; German Bratschi<br>5\u00ba &#8211; Hector Assun\u00e7\u00e3o<\/p>\n\n\n\n<p class=\"wp-block-paragraph\">Em seguida, foi a vez da <strong>MXJR<\/strong> acelerar forte na pista, e quem brilhou mais uma vez foi <strong>Francesco Copetti<\/strong>, da <strong>595 KTM Racing Team<\/strong>. O jovem talento fez hist\u00f3ria no <strong>MX1 GP Brasil Sportbay 2025<\/strong> ao vencer mais uma etapa e se consagrar <strong>campe\u00e3o brasileiro com 100% de aproveitamento<\/strong>. Foram <strong>nove etapas e nove vit\u00f3rias<\/strong>, uma campanha perfeita que entra para os registros do motocross nacional. Um desempenho impressionante que demonstra n\u00e3o s\u00f3 talento, mas tamb\u00e9m foco e maturidade. <strong>Parab\u00e9ns, Francesco!<\/strong><\/p>\n\n\n\n<p class=\"wp-block-paragraph\"><strong>RESULTADO MXJR:<\/strong><br>1\u00ba &#8211; Francesco Copetti<br>2\u00ba &#8211; Zion Berchtold<br>3\u00ba &#8211; Lorenzo Ricken<br>4\u00ba &#8211; Jo\u00e3o Gabriel (Bolachinha)<br>5\u00ba &#8211; Heitor Matos<\/p>\n\n\n\n<figure class=\"wp-block-image size-large\"><img decoding=\"async\" src=\"https:\/\/mx1gpbrasil.com.br\/wp-content\/uploads\/2025\/09\/DSC01089-1-1024x683.jpg\" alt=\"\" class=\"wp-image-71767\"\/><\/figure>\n\n\n\n<p class=\"wp-block-paragraph\">Encerrando com chave de ouro o final de semana e a temporada 2025, a <strong>\u00faltima prova do ano<\/strong> reuniu as categorias <strong>MX1<\/strong> e <strong>MX2<\/strong> em suas <strong>segundas baterias<\/strong>, e a expectativa era total. Na MX1, a defini\u00e7\u00e3o do t\u00edtulo trouxe tens\u00e3o \u00e0 pista, mas <strong>Stephen Rubini<\/strong> manteve a cabe\u00e7a fria e fez exatamente o que precisava: correu com intelig\u00eancia, garantiu os pontos necess\u00e1rios e se consagrou <strong>campe\u00e3o brasileiro de motocross 2025<\/strong>. A temporada foi marcada por altos e baixos para o brasileiro <strong>F\u00e1bio Santos<\/strong>, que lutou at\u00e9 o fim, mas viu o t\u00edtulo escapar por detalhes. A ta\u00e7a ficou com a <strong>Honda Racing<\/strong>, que celebra um ano de muito trabalho e conquista. Um final digno da principal categoria do motocross nacional.<\/p>\n\n\n\n<p class=\"wp-block-paragraph\">Entre um <strong>gate lotado<\/strong> e com presen\u00e7a marcante de <strong>pilotos estrangeiros<\/strong>, quem fez hist\u00f3ria tamb\u00e9m, foi o brasileiro <strong>Hector Assun\u00e7\u00e3o<\/strong>, da <strong>Gas Gas<\/strong>, que fez um holeshot impressionante e incendiou a torcida logo nos primeiros metros.<\/p>\n\n\n\n<p class=\"wp-block-paragraph\"><strong>RESULTADO GERAL:<\/strong><br>1\u00ba &#8211; Jeremy Van Horenbeeck<br>2\u00ba &#8211; Gregory Aranda<br>3\u00ba &#8211; Hardy Mu\u00f1oz<br>4\u00ba &#8211; Bernardo Tiburcio<br>5\u00ba &#8211; Benjamin Garib<\/p>\n\n\n\n<p class=\"wp-block-paragraph\"><strong>RESULTADO MX1 &#8211; 2\u00aa BATERIA:<\/strong><br>1\u00ba &#8211; Jeremy Van Horebeeck<br>2\u00ba &#8211; Gregory Aranda<br>3\u00ba &#8211; Hardy Mu\u00f1oz<br>4\u00ba &#8211; Hector Assun\u00e7\u00e3o<br>5\u00ba &#8211; Gustavo Pessoa<\/p>\n\n\n\n<p class=\"wp-block-paragraph\"><strong>SOMA MX1:<\/strong><br>1\u00ba &#8211; Jeremy Van Horebeeck<br>2\u00ba &#8211; Gregory Aranda<br>3\u00ba &#8211; Stephen Rubini<br>4\u00ba &#8211; Hector Assun\u00e7\u00e3o<br>5\u00ba &#8211; Hardy Mu\u00f1oz<\/p>\n\n\n\n<figure class=\"wp-block-image size-large\"><img decoding=\"async\" src=\"https:\/\/mx1gpbrasil.com.br\/wp-content\/uploads\/2025\/09\/DSC01114-1-1024x683.jpg\" alt=\"\" class=\"wp-image-71765\"\/><\/figure>\n\n\n\n<p class=\"wp-block-paragraph\"><strong>RESULTADO MX2 &#8211; 2\u00aa BATERIA:<\/strong><br>1\u00ba &#8211; Bernardo Tib\u00farcio<br>2\u00ba &#8211; Benjamin Garib<br>3\u00ba &#8211; Rodrigo Borges<br>4\u00ba &#8211; Pietro Piroli<br>5\u00ba &#8211; Vitor Borba <\/p>\n\n\n\n<p class=\"wp-block-paragraph\"><strong>SOMA MX2:<\/strong><br>1\u00ba &#8211; Bernardo Tiburcio<br>2\u00ba &#8211; Benjamin Garib<br>3\u00ba &#8211; Rodrigo Borges<br>4\u00ba &#8211; Juan Garcia<br>5\u00ba &#8211; Pietro Piroli<\/p>\n\n\n\n<figure class=\"wp-block-image size-large\"><img decoding=\"async\" src=\"https:\/\/mx1gpbrasil.com.br\/wp-content\/uploads\/2025\/09\/DSC01111-1024x683.jpg\" alt=\"\" class=\"wp-image-71764\"\/><\/figure>\n\n\n\n<p class=\"wp-block-paragraph\">Com o fim das corridas em Indaiatuba, a bandeira quadriculada n\u00e3o marcou apenas o encerramento da etapa, mas tamb\u00e9m o desfecho de uma <strong>temporada hist\u00f3rica para o motocross brasileiro<\/strong>. O <strong>MX1 GP Brasil Sportbay 2025<\/strong> se despede com novos campe\u00f5es, grandes revela\u00e7\u00f5es, disputas inesquec\u00edveis e um p\u00fablico que, mais uma vez, mostrou sua paix\u00e3o pelas motos. Agora, pilotos, equipes e f\u00e3s voltam suas aten\u00e7\u00f5es para o futuro, mas com a certeza de que o ano de 2025 ficar\u00e1 marcado como um dos mais emocionantes dos \u00faltimos tempos. At\u00e9 a pr\u00f3xima temporada! <\/p>\n\n\n\n<p class=\"wp-block-paragraph\"><\/p>\n","protected":false},"excerpt":{"rendered":"<p>Indaiatuba (SP) \u2014 O calor do sol era apenas um detalhe no CETH Honda Racing neste domingo, 14 de setembro. O \u00faltimo dia do MX1 GP Brasil Sportbay 2025 foi eletrizante, n\u00e3o apenas pelas altas temperaturas, mas principalmente pelas disputas intensas que marcaram o encerramento da temporada do Campeonato Brasileiro de Motocross. Era dia de [&hellip;]<\/p>\n","protected":false},"author":1,"featured_media":71769,"comment_status":"closed","ping_status":"open","sticky":false,"template":"","format":"standard","meta":{"footnotes":""},"categories":[133],"tags":[],"class_list":["post-71760","post","type-post","status-publish","format-standard","has-post-thumbnail","hentry","category-motocross"],"_links":{"self":[{"href":"https:\/\/mx1gpbrasil.alperprojetos.com.br\/index.php\/wp-json\/wp\/v2\/posts\/71760","targetHints":{"allow":["GET"]}}],"collection":[{"href":"https:\/\/mx1gpbrasil.alperprojetos.com.br\/index.php\/wp-json\/wp\/v2\/posts"}],"about":[{"href":"https:\/\/mx1gpbrasil.alperprojetos.com.br\/index.php\/wp-json\/wp\/v2\/types\/post"}],"author":[{"embeddable":true,"href":"https:\/\/mx1gpbrasil.alperprojetos.com.br\/index.php\/wp-json\/wp\/v2\/users\/1"}],"replies":[{"embeddable":true,"href":"https:\/\/mx1gpbrasil.alperprojetos.com.br\/index.php\/wp-json\/wp\/v2\/comments?post=71760"}],"version-history":[{"count":0,"href":"https:\/\/mx1gpbrasil.alperprojetos.com.br\/index.php\/wp-json\/wp\/v2\/posts\/71760\/revisions"}],"wp:featuredmedia":[{"embeddable":true,"href":"https:\/\/mx1gpbrasil.alperprojetos.com.br\/index.php\/wp-json\/wp\/v2\/media\/71769"}],"wp:attachment":[{"href":"https:\/\/mx1gpbrasil.alperprojetos.com.br\/index.php\/wp-json\/wp\/v2\/media?parent=71760"}],"wp:term":[{"taxonomy":"category","embeddable":true,"href":"https:\/\/mx1gpbrasil.alperprojetos.com.br\/index.php\/wp-json\/wp\/v2\/categories?post=71760"},{"taxonomy":"post_tag","embeddable":true,"href":"https:\/\/mx1gpbrasil.alperprojetos.com.br\/index.php\/wp-json\/wp\/v2\/tags?post=71760"}],"curies":[{"name":"wp","href":"https:\/\/api.w.org\/{rel}","templated":true}]}}