{"id":71771,"date":"2025-09-17T17:56:37","date_gmt":"2025-09-17T20:56:37","guid":{"rendered":"https:\/\/mx1gpbrasil.com.br\/?p=71771"},"modified":"2025-09-17T17:56:37","modified_gmt":"2025-09-17T20:56:37","slug":"conheca-os-campeoes-e-vice-campeoes-da-temporada-2025-do-mx1-gp-brasil-sportbay","status":"publish","type":"post","link":"https:\/\/mx1gpbrasil.alperprojetos.com.br\/index.php\/2025\/09\/17\/conheca-os-campeoes-e-vice-campeoes-da-temporada-2025-do-mx1-gp-brasil-sportbay\/","title":{"rendered":"Conhe\u00e7a os campe\u00f5es e vice-campe\u00f5es da temporada 2025 do MX1 GP Brasil Sportbay"},"content":{"rendered":"\n<p class=\"wp-block-paragraph\">A temporada <strong>2025 do MX1 GP Brasil Sportbay<\/strong> entrou para a hist\u00f3ria como a <strong>maior e mais emocionante edi\u00e7\u00e3o do Campeonato Brasileiro de Motocross<\/strong>. Com um n\u00edvel t\u00e9cnico jamais visto, o campeonato contou com a participa\u00e7\u00e3o de <strong>pilotos de 19 pa\u00edses<\/strong>, incluindo nomes de peso do cen\u00e1rio mundial, como um <strong>vice-campe\u00e3o do mundo na pista<\/strong>, al\u00e9m de equipes extremamente preparadas e arquibancadas lotadas por onde passou.<\/p>\n\n\n\n<p class=\"wp-block-paragraph\">O encerramento aconteceu no \u00faltimo domingo (14), em <strong>Indaiatuba\/SP<\/strong>, no moderno CETH Honda Racing, em um final de semana eletrizante, digno de um verdadeiro espet\u00e1culo sobre duas rodas. Ao longo de <strong>nove etapas<\/strong>, os pilotos protagonizaram disputas \u00e9picas, ultrapassagens de tirar o f\u00f4lego e narrativas dignas de cinema.<\/p>\n\n\n\n<p class=\"wp-block-paragraph\">Confira agora quem s\u00e3o os <strong>grandes campe\u00f5es e vice-campe\u00f5es do MX1 GP Brasil Sportbay 2025<\/strong> \u2013 os nomes que deixaram sua marca em uma temporada inesquec\u00edvel:<\/p>\n\n\n\n<h3 class=\"wp-block-heading\"><strong>MX1 \u2013 A elite do motocross<\/strong><\/h3>\n\n\n\n<ul class=\"wp-block-list\">\n<li><strong>Campe\u00e3o:<\/strong> <em>Stephen Rubini<\/em> (Honda Racing) &#8211; Fran\u00e7a<\/li>\n<\/ul>\n\n\n\n<figure class=\"wp-block-image size-large\"><img decoding=\"async\" src=\"https:\/\/mx1gpbrasil.com.br\/wp-content\/uploads\/2025\/09\/WhatsApp-Image-2025-09-17-at-17.17.18-819x1024.jpeg\" alt=\"\" class=\"wp-image-71772\"\/><\/figure>\n\n\n\n<ul class=\"wp-block-list\">\n<li><strong>Vice-campe\u00e3o:<\/strong> <em>F\u00e1bio Santos<\/em> (Yamaha Racing) &#8211; Brasil<\/li>\n<\/ul>\n\n\n\n<figure class=\"wp-block-image size-large\"><img loading=\"lazy\" decoding=\"async\" width=\"1024\" height=\"682\" src=\"https:\/\/mx1gpbrasil.com.br\/wp-content\/uploads\/2025\/09\/WhatsApp-Image-2025-09-17-at-17.17.06-1024x682.jpeg\" alt=\"\" class=\"wp-image-71773\" srcset=\"https:\/\/mx1gpbrasil.alperprojetos.com.br\/wp-content\/uploads\/2025\/09\/WhatsApp-Image-2025-09-17-at-17.17.06-1024x682.jpeg 1024w, https:\/\/mx1gpbrasil.alperprojetos.com.br\/wp-content\/uploads\/2025\/09\/WhatsApp-Image-2025-09-17-at-17.17.06-300x200.jpeg 300w, https:\/\/mx1gpbrasil.alperprojetos.com.br\/wp-content\/uploads\/2025\/09\/WhatsApp-Image-2025-09-17-at-17.17.06-768x512.jpeg 768w, https:\/\/mx1gpbrasil.alperprojetos.com.br\/wp-content\/uploads\/2025\/09\/WhatsApp-Image-2025-09-17-at-17.17.06-1536x1023.jpeg 1536w, https:\/\/mx1gpbrasil.alperprojetos.com.br\/wp-content\/uploads\/2025\/09\/WhatsApp-Image-2025-09-17-at-17.17.06-128x85.jpeg 128w, https:\/\/mx1gpbrasil.alperprojetos.com.br\/wp-content\/uploads\/2025\/09\/WhatsApp-Image-2025-09-17-at-17.17.06-32x21.jpeg 32w, https:\/\/mx1gpbrasil.alperprojetos.com.br\/wp-content\/uploads\/2025\/09\/WhatsApp-Image-2025-09-17-at-17.17.06-600x400.jpeg 600w, https:\/\/mx1gpbrasil.alperprojetos.com.br\/wp-content\/uploads\/2025\/09\/WhatsApp-Image-2025-09-17-at-17.17.06.jpeg 1600w\" sizes=\"auto, (max-width: 1024px) 100vw, 1024px\" \/><\/figure>\n\n\n\n<p class=\"wp-block-paragraph\">Em uma das disputas mais acirradas da hist\u00f3ria da MX1, o franc\u00eas <strong>Stephen Rubini<\/strong>, mostrou por que retornou ao Brasil: regularidade, velocidade e frieza nos momentos decisivos. Representando a <strong>Honda Racing<\/strong>, Rubini conquistou o t\u00edtulo na \u00faltima bateria da temporada, diante de uma multid\u00e3o em festa. O brasileiro <strong>F\u00e1bio Santos<\/strong> foi guerreiro do in\u00edcio ao fim, defendeu a Yamaha Racing com garra e garantiu um vice-campeonato muito respeitado.<\/p>\n\n\n\n<h3 class=\"wp-block-heading\"><strong>MX2 \u2013 Jovens talentos, grandes batalhas<\/strong><\/h3>\n\n\n\n<ul class=\"wp-block-list\">\n<li><strong>Campe\u00e3o:<\/strong> <em>B<\/em>ernardo Tib\u00farcio (Honda Racing) &#8211; Brasil<\/li>\n<\/ul>\n\n\n\n<figure class=\"wp-block-image size-large\"><img decoding=\"async\" src=\"https:\/\/mx1gpbrasil.com.br\/wp-content\/uploads\/2025\/09\/WhatsApp-Image-2025-09-17-at-17.21.46-819x1024.jpeg\" alt=\"\" class=\"wp-image-71774\"\/><\/figure>\n\n\n\n<ul class=\"wp-block-list\">\n<li><strong>Vice-campe\u00e3o:<\/strong> Benjamin Garib (JP Pr\u00f3 Honda Circuit) &#8211; Chile<\/li>\n<\/ul>\n\n\n\n<figure class=\"wp-block-image size-large\"><img decoding=\"async\" src=\"https:\/\/mx1gpbrasil.com.br\/wp-content\/uploads\/2025\/09\/WhatsApp-Image-2025-09-17-at-17.21.29-819x1024.jpeg\" alt=\"\" class=\"wp-image-71775\"\/><\/figure>\n\n\n\n<p class=\"wp-block-paragraph\">A categoria <strong>MX2<\/strong> teve uma temporada de alto n\u00edvel t\u00e9cnico e dois grandes destaques. O <strong>campe\u00e3o brasileiro<\/strong> foi <strong>Bernardo Tib\u00farcio<\/strong>, da <strong>Honda Racing<\/strong>, que garantiu o t\u00edtulo de forma <strong>antecipada<\/strong>, na <strong>8\u00aa etapa em Rio Verde (GO)<\/strong>, ap\u00f3s uma campanha marcada por <strong>consist\u00eancia e desempenho s\u00f3lido<\/strong>. J\u00e1 o <strong>chileno Benjamin Garib<\/strong>, da <strong>JP Pr\u00f3 Honda Circuit<\/strong>, brilhou na reta final e venceu a etapa decisiva em <strong>Indaiatuba (SP)<\/strong>, encerrando a temporada em alta e consolidando-se como vice-campe\u00e3o.<\/p>\n\n\n\n<h3 class=\"wp-block-heading\"><strong>MXJR \u2013 Temporada perfeita de Francesco Copetti<\/strong><\/h3>\n\n\n\n<ul class=\"wp-block-list\">\n<li><strong>Campe\u00e3o:<\/strong> <em>Francesco Copetti<\/em> (595 KTM Racing Team)<\/li>\n\n\n\n<li><strong>Vice-campe\u00e3o:<\/strong> <em>Zion Berchtold<\/em><\/li>\n<\/ul>\n\n\n\n<p class=\"wp-block-paragraph\">Na categoria <strong>MXJR<\/strong>, o grande destaque foi <strong>Francesco Copetti<\/strong>, da <strong>595 KTM Racing Team<\/strong>, que protagonizou uma campanha hist\u00f3rica em 2025. Com atua\u00e7\u00f5es dominantes e sem dar chances aos advers\u00e1rios, Copetti venceu <strong>todas as etapas do campeonato<\/strong>, fechando o ano com <strong>100% de aproveitamento<\/strong> e conquistando com autoridade o t\u00edtulo de <strong>campe\u00e3o brasileiro de motocross<\/strong>. O jovem <strong>Zion Berchtold<\/strong> tamb\u00e9m teve uma temporada s\u00f3lida e garantiu o <strong>vice-campeonato<\/strong>, refor\u00e7ando seu nome entre os talentos promissores da nova gera\u00e7\u00e3o do motocross nacional.<\/p>\n\n\n\n<figure class=\"wp-block-image size-large\"><img decoding=\"async\" src=\"https:\/\/mx1gpbrasil.com.br\/wp-content\/uploads\/2025\/09\/WhatsApp-Image-2025-09-17-at-17.29.37-1024x1024.jpeg\" alt=\"\" class=\"wp-image-71776\"\/><\/figure>\n\n\n\n<h3 class=\"wp-block-heading\"><strong>MXF \u2013 A nova estrela do motocross feminino<\/strong><\/h3>\n\n\n\n<ul class=\"wp-block-list\">\n<li><strong>Campe\u00e3:<\/strong> <em>Luanna Neves<\/em> (595 KTM Racing Team)<\/li>\n\n\n\n<li><strong>Vice-campe\u00e3:<\/strong> <em>Marcely Cazadini<\/em> (JP Pr\u00f3 Honda Circuit)<\/li>\n<\/ul>\n\n\n\n<p class=\"wp-block-paragraph\">Na categoria <strong>MXF<\/strong>, a jovem <strong>Luanna Neves<\/strong>, da <strong>595 KTM Racing Team<\/strong>, brilhou intensamente e fez hist\u00f3ria ao conquistar seu <strong>primeiro t\u00edtulo brasileiro<\/strong> com apenas <strong>15 anos de idade<\/strong>. Ap\u00f3s um segundo lugar na etapa de abertura, ela venceu todas as provas seguintes e dominou a temporada com autoridade e talento de sobra. O vice-campeonato ficou com <strong>Marcely Cazadini<\/strong>, da <strong>JP Pr\u00f3 Honda Circuit<\/strong>, que tamb\u00e9m teve um ano consistente e se manteve entre as l\u00edderes, mostrando a for\u00e7a e o crescimento do motocross feminino no Brasil.<\/p>\n\n\n\n<figure class=\"wp-block-image size-large\"><img decoding=\"async\" src=\"https:\/\/mx1gpbrasil.com.br\/wp-content\/uploads\/2025\/09\/WhatsApp-Image-2025-09-17-at-17.29.51-1024x1024.jpeg\" alt=\"\" class=\"wp-image-71777\"\/><\/figure>\n\n\n\n<p class=\"wp-block-paragraph\"><strong>MX2JR \u2013 Jovens talentos acelerando forte<\/strong><\/p>\n\n\n\n<ul class=\"wp-block-list\">\n<li><strong>Campe\u00e3o:<\/strong> <em>Pietro Piroli<\/em> (Yamaha Racing)<\/li>\n\n\n\n<li><strong>Vice-campe\u00e3o:<\/strong> <em>Arthur Gomes<\/em> (Piloto privado)<\/li>\n<\/ul>\n\n\n\n<p class=\"wp-block-paragraph\">Na <strong>MX2JR<\/strong>, quem levou a melhor foi <strong>Pietro Piroli<\/strong>, da <strong>Yamaha Racing<\/strong>, que demonstrou velocidade, t\u00e9cnica e foco ao longo da temporada para garantir o t\u00edtulo de <strong>campe\u00e3o brasileiro de 2025<\/strong>, antecipado. Sempre entre os primeiros colocados, Piroli construiu sua conquista com consist\u00eancia e maturidade. O grande destaque da categoria tamb\u00e9m foi o jovem <strong>Arthur Gomes<\/strong>, <strong>piloto privado<\/strong>, que surpreendeu com \u00f3timas atua\u00e7\u00f5es e conquistou o <strong>vice-campeonato<\/strong>, provando que talento e dedica\u00e7\u00e3o podem falar mais alto, mesmo fora das equipes de f\u00e1brica.<\/p>\n\n\n\n<figure class=\"wp-block-image size-large\"><img decoding=\"async\" src=\"https:\/\/mx1gpbrasil.com.br\/wp-content\/uploads\/2025\/09\/WhatsApp-Image-2025-09-17-at-17.34.25-819x1024.jpeg\" alt=\"\" class=\"wp-image-71778\"\/><\/figure>\n\n\n\n<h3 class=\"wp-block-heading\"><strong>65cc \u2013 Pequenos no tamanho, gigantes na pista<\/strong><\/h3>\n\n\n\n<ul class=\"wp-block-list\">\n<li><strong>Campe\u00e3o:<\/strong> <em>Henri Krug<\/em> &#8211; (Belco Racing)<\/li>\n\n\n\n<li><strong>Vice-campe\u00e3o:<\/strong> <em>Jo\u00e3o Gabriel &#8220;Bolachinha&#8221;<\/em><\/li>\n<\/ul>\n\n\n\n<p class=\"wp-block-paragraph\">Na eletrizante categoria <strong>65cc<\/strong>, destinada aos jovens talentos do motocross, quem brilhou foi <strong>Henri Krug<\/strong>, que conquistou o t\u00edtulo de <strong>campe\u00e3o brasileiro de 2025<\/strong> com grandes atua\u00e7\u00f5es ao longo da temporada. Com velocidade, t\u00e9cnica e muita determina\u00e7\u00e3o, Henri se destacou em meio a uma gera\u00e7\u00e3o promissora. O carism\u00e1tico <strong>Jo\u00e3o Gabriel<\/strong>, conhecido como <strong>&#8220;Bolachinha&#8221;<\/strong>, tamb\u00e9m teve uma campanha brilhante, garantindo o <strong>vice-campeonato<\/strong> e encantando o p\u00fablico com seu estilo aguerrido e talento precoce. A 65cc mais uma vez mostrou que o futuro do motocross brasileiro est\u00e1 em \u00f3timas m\u00e3os.<\/p>\n\n\n\n<figure class=\"wp-block-image size-large\"><img decoding=\"async\" src=\"https:\/\/mx1gpbrasil.com.br\/wp-content\/uploads\/2025\/09\/WhatsApp-Image-2025-09-17-at-17.38.53-819x1024.jpeg\" alt=\"\" class=\"wp-image-71779\"\/><\/figure>\n\n\n\n<h3 class=\"wp-block-heading\"><strong>50cc \u2013 Valentina Barg faz hist\u00f3ria no motocross brasileiro<\/strong><\/h3>\n\n\n\n<ul class=\"wp-block-list\">\n<li><strong>Campe\u00e3:<\/strong> <em>Valentina Barg<\/em><\/li>\n\n\n\n<li><strong>Vice-campe\u00e3o:<\/strong> <em>Enzo Wiebbelling<\/em><\/li>\n<\/ul>\n\n\n\n<p class=\"wp-block-paragraph\">Na categoria <strong>50cc<\/strong>, destinada aos pilotos mais jovens do campeonato, a temporada 2025 entrou para a hist\u00f3ria com a vit\u00f3ria de <strong>Valentina Barg<\/strong>, que se tornou a <strong>primeira menina a conquistar o t\u00edtulo brasileiro da categoria<\/strong>. Com muita garra, t\u00e9cnica e coragem, Valentina superou todos os desafios e marcou seu nome no esporte com uma conquista hist\u00f3rica. O talentoso <strong>Enzo Wiebbelling<\/strong> tamb\u00e9m teve um \u00f3timo desempenho ao longo do ano, fechando a temporada como <strong>vice-campe\u00e3o<\/strong>, mostrando que o futuro do motocross nacional j\u00e1 acelera forte desde cedo.<\/p>\n\n\n\n<figure class=\"wp-block-image size-large\"><img decoding=\"async\" src=\"https:\/\/mx1gpbrasil.com.br\/wp-content\/uploads\/2025\/09\/WhatsApp-Image-2025-09-17-at-17.41.15-819x1024.jpeg\" alt=\"\" class=\"wp-image-71780\"\/><\/figure>\n\n\n\n<p class=\"wp-block-paragraph\"><strong>MX3<\/strong><\/p>\n\n\n\n<ul class=\"wp-block-list\">\n<li><strong>Campe\u00e3o:<\/strong> <em>Anderson Amaral<\/em> (Belco Racing)<\/li>\n\n\n\n<li><strong>Vice-campe\u00e3o:<\/strong> <em>Pedro Goddoy<\/em><\/li>\n<\/ul>\n\n\n\n<figure class=\"wp-block-image size-large\"><img decoding=\"async\" src=\"https:\/\/mx1gpbrasil.com.br\/wp-content\/uploads\/2025\/09\/WhatsApp-Image-2025-09-17-at-17.51.49-768x1024.jpeg\" alt=\"\" class=\"wp-image-71782\"\/><\/figure>\n\n\n\n<p class=\"wp-block-paragraph\"><strong>MX4<\/strong><\/p>\n\n\n\n<ul class=\"wp-block-list\">\n<li><strong>Campe\u00e3o:<\/strong> <em>Marcus Vinicius<\/em><\/li>\n\n\n\n<li><strong>Vice-campe\u00e3o:<\/strong> <em>Jo\u00e3o Vitor Cardeli<\/em><\/li>\n<\/ul>\n\n\n\n<figure class=\"wp-block-image size-large\"><img decoding=\"async\" src=\"https:\/\/mx1gpbrasil.com.br\/wp-content\/uploads\/2025\/09\/WhatsApp-Image-2025-09-17-at-17.43.28-1024x1024.jpeg\" alt=\"\" class=\"wp-image-71783\"\/><\/figure>\n\n\n\n<p class=\"wp-block-paragraph\"><strong>MX5<\/strong><\/p>\n\n\n\n<ul class=\"wp-block-list\">\n<li><strong>Campe\u00e3o:<\/strong> <em>Willian Guimar\u00e3es<\/em><\/li>\n\n\n\n<li><strong>Vice-campe\u00e3o:<\/strong> <em>Alex Martins<\/em><\/li>\n<\/ul>\n\n\n\n<figure class=\"wp-block-image size-large\"><img decoding=\"async\" src=\"https:\/\/mx1gpbrasil.com.br\/wp-content\/uploads\/2025\/09\/WhatsApp-Image-2025-09-17-at-17.43.47-1024x1024.jpeg\" alt=\"\" class=\"wp-image-71784\"\/><\/figure>\n\n\n\n<p class=\"wp-block-paragraph\"><strong>YZ125 bLU cRU<\/strong><\/p>\n\n\n\n<ul class=\"wp-block-list\">\n<li><strong>Campe\u00e3o:<\/strong> <em>Kau\u00e3 Vieira<\/em><\/li>\n\n\n\n<li><strong>Vice-campe\u00e3o:<\/strong> <em>Rodrigo Stuardo<\/em><\/li>\n<\/ul>\n\n\n\n<figure class=\"wp-block-image size-large\"><img decoding=\"async\" src=\"https:\/\/mx1gpbrasil.com.br\/wp-content\/uploads\/2025\/09\/WhatsApp-Image-2025-09-17-at-17.44.28-1024x1024.jpeg\" alt=\"\" class=\"wp-image-71785\"\/><\/figure>\n\n\n\n<p class=\"wp-block-paragraph\">A temporada 2025 do MX1 GP Brasil Sportbay foi marcada por disputas acirradas, talentos emergentes e muita paix\u00e3o pelo motocross. Com pilotos de todo o Brasil e de v\u00e1rios pa\u00edses, o campeonato elevou o n\u00edvel da modalidade no pa\u00eds, consolidando-se como o maior e mais competitivo da hist\u00f3ria. Agora, com os campe\u00f5es consagrados, o motocross brasileiro j\u00e1 se prepara para novos desafios e grandes emo\u00e7\u00f5es na temporada 2026. Que venha mais velocidade, adrenalina e conquistas!<\/p>\n\n\n\n<p class=\"wp-block-paragraph\"><\/p>\n","protected":false},"excerpt":{"rendered":"<p>A temporada 2025 do MX1 GP Brasil Sportbay entrou para a hist\u00f3ria como a maior e mais emocionante edi\u00e7\u00e3o do Campeonato Brasileiro de Motocross. Com um n\u00edvel t\u00e9cnico jamais visto, o campeonato contou com a participa\u00e7\u00e3o de pilotos de 19 pa\u00edses, incluindo nomes de peso do cen\u00e1rio mundial, como um vice-campe\u00e3o do mundo na pista, [&hellip;]<\/p>\n","protected":false},"author":1,"featured_media":71786,"comment_status":"closed","ping_status":"open","sticky":false,"template":"","format":"standard","meta":{"footnotes":""},"categories":[133],"tags":[],"class_list":["post-71771","post","type-post","status-publish","format-standard","has-post-thumbnail","hentry","category-motocross"],"_links":{"self":[{"href":"https:\/\/mx1gpbrasil.alperprojetos.com.br\/index.php\/wp-json\/wp\/v2\/posts\/71771","targetHints":{"allow":["GET"]}}],"collection":[{"href":"https:\/\/mx1gpbrasil.alperprojetos.com.br\/index.php\/wp-json\/wp\/v2\/posts"}],"about":[{"href":"https:\/\/mx1gpbrasil.alperprojetos.com.br\/index.php\/wp-json\/wp\/v2\/types\/post"}],"author":[{"embeddable":true,"href":"https:\/\/mx1gpbrasil.alperprojetos.com.br\/index.php\/wp-json\/wp\/v2\/users\/1"}],"replies":[{"embeddable":true,"href":"https:\/\/mx1gpbrasil.alperprojetos.com.br\/index.php\/wp-json\/wp\/v2\/comments?post=71771"}],"version-history":[{"count":0,"href":"https:\/\/mx1gpbrasil.alperprojetos.com.br\/index.php\/wp-json\/wp\/v2\/posts\/71771\/revisions"}],"wp:featuredmedia":[{"embeddable":true,"href":"https:\/\/mx1gpbrasil.alperprojetos.com.br\/index.php\/wp-json\/wp\/v2\/media\/71786"}],"wp:attachment":[{"href":"https:\/\/mx1gpbrasil.alperprojetos.com.br\/index.php\/wp-json\/wp\/v2\/media?parent=71771"}],"wp:term":[{"taxonomy":"category","embeddable":true,"href":"https:\/\/mx1gpbrasil.alperprojetos.com.br\/index.php\/wp-json\/wp\/v2\/categories?post=71771"},{"taxonomy":"post_tag","embeddable":true,"href":"https:\/\/mx1gpbrasil.alperprojetos.com.br\/index.php\/wp-json\/wp\/v2\/tags?post=71771"}],"curies":[{"name":"wp","href":"https:\/\/api.w.org\/{rel}","templated":true}]}}