{"id":71792,"date":"2025-09-22T16:49:11","date_gmt":"2025-09-22T19:49:11","guid":{"rendered":"https:\/\/mx1gpbrasil.com.br\/?p=71792"},"modified":"2025-09-22T16:49:11","modified_gmt":"2025-09-22T19:49:11","slug":"lorenzo-ricken-pietro-fraga-e-enzo-wiebbeling-representaram-o-pais-na-copa-latino-americana-de-minicross","status":"publish","type":"post","link":"https:\/\/mx1gpbrasil.alperprojetos.com.br\/index.php\/2025\/09\/22\/lorenzo-ricken-pietro-fraga-e-enzo-wiebbeling-representaram-o-pais-na-copa-latino-americana-de-minicross\/","title":{"rendered":"Lorenzo Ricken, Pietro Fraga e Enzo Wiebbeling  representaram o Brasil na Copa Latino-Americana de Minicross"},"content":{"rendered":"\n<p class=\"has-small-font-size wp-block-paragraph\">foto: Show Radical \/ Divulga\u00e7\u00e3o CBM<\/p>\n\n\n\n<p class=\"wp-block-paragraph\">Tr\u00eas jovens talentos das categorias de base do <strong>MX1 GP Brasil Sportbay<\/strong> representaram o Brasil no \u00faltimo final de semana, <strong>dias 20 e 21 de setembro<\/strong>, durante a <strong>Copa Latino-Americana de Minicross<\/strong>, realizada em <strong>Rivera, no Uruguai<\/strong>.<\/p>\n\n\n\n<p class=\"wp-block-paragraph\">A convite da <strong>Confedera\u00e7\u00e3o Brasileira de Motociclismo (CBM)<\/strong>, os pilotos <strong>Enzo Wiebbelling (50cc), Pietro Fraga (65cc) e Lorenzo Ricken (85cc)<\/strong> levaram as cores do Brasil \u00e0 pista uruguaia, demonstrando talento, dedica\u00e7\u00e3o e esp\u00edrito esportivo. Todos fazem parte do Campeonato Brasileiro de Motocross e v\u00eam se destacando ao longo da temporada nas categorias de base.<\/p>\n\n\n\n<p class=\"wp-block-paragraph\">Al\u00e9m deles, o tamb\u00e9m piloto do MX1 GP Brasil Sportbay <strong>Enzo Fialho<\/strong> esteve presente na competi\u00e7\u00e3o e teve um \u00f3timo desempenho. Ele finalizou a <strong>primeira bateria na 2\u00aa coloca\u00e7\u00e3o<\/strong>, mas enfrentou problemas mec\u00e2nicos na segunda bateria e terminou em <strong>9\u00ba lugar<\/strong>.<\/p>\n\n\n\n<p class=\"wp-block-paragraph\">Enfrentando uma forte chuva e uma pista pesada e extremamente t\u00e9cnica, os jovens pilotos mostraram que a pouca idade \u00e9 apenas um detalhe diante da grande habilidade e determina\u00e7\u00e3o que t\u00eam em cima da moto. Confira os resultados:<\/p>\n\n\n\n<p class=\"wp-block-paragraph\"><strong>RESULTADO &#8211; 85cc<\/strong><br><strong>1\u00ba &#8211; Lorenzo Ricken &#8211; Brasil<\/strong> &#8211; 50 pts<br>2\u00ba &#8211; Calderon Jose Leionardo &#8211; Equador &#8211; 40 pts<br>3\u00ba &#8211; Jorge Dell Valle Herrera &#8211; Argentina &#8211; 37 pts<br><strong>9\u00ba &#8211; Enzo Fialho &#8211; Brasil<\/strong> &#8211; 22 pts<\/p>\n\n\n\n<p class=\"wp-block-paragraph\"><strong>RESULTADO &#8211; 65cc<\/strong><br>1\u00ba &#8211; Fausto Hendy &#8211; Uruguay &#8211; 45 pts<br><strong>2\u00ba &#8211; Pietro Fraga &#8211; Brasil &#8211; 45 pts<\/strong><br>3\u00ba &#8211; Tiziano Sepulveda &#8211; Argentina &#8211; 44 pts<\/p>\n\n\n\n<p class=\"wp-block-paragraph\"><strong>RESULTADO 50cc:<\/strong><br>1\u00ba &#8211; Tobias Ruarte &#8211; Argentina &#8211; 50 pts<br><strong>2\u00ba &#8211; Enzo Wiebbelling &#8211; Brasil- 44 pts<\/strong><br>3\u00ba &#8211; Gareth Salas Rodriguez &#8211; Costa Rica &#8211; 38 pts<\/p>\n\n\n\n<p class=\"wp-block-paragraph\">A organiza\u00e7\u00e3o do MX1 GP Brasil Sportbay parabeniza os quatro pilotos pelo excelente desempenho e pela dedica\u00e7\u00e3o ao representarem o Brasil em uma competi\u00e7\u00e3o internacional. O reconhecimento tamb\u00e9m vai \u00e0 Confedera\u00e7\u00e3o Brasileira de Motociclismo (CBM), na pessoa do presidente Gustavo Jacob, pelo apoio e pela iniciativa de viabilizar a participa\u00e7\u00e3o dos atletas na Copa Latino-Americana de Minicross.<\/p>\n\n\n\n<p class=\"wp-block-paragraph\">Por fim, a organiza\u00e7\u00e3o agradece e parabeniza Pedro Venturo, presidente da FIM Latino-America, pela realiza\u00e7\u00e3o do evento e pelo esfor\u00e7o em promover a integra\u00e7\u00e3o do motociclismo entre os pa\u00edses do continente.<\/p>\n\n\n\n<figure class=\"wp-block-image size-large is-resized\"><img decoding=\"async\" src=\"https:\/\/mx1gpbrasil.com.br\/wp-content\/uploads\/2025\/09\/IMG_3502-683x1024.jpeg\" alt=\"\" class=\"wp-image-71793\" style=\"width:auto;height:800px\"\/><\/figure>\n\n\n\n<p class=\"wp-block-paragraph\">O esporte sobre duas rodas segue crescendo e, com a\u00e7\u00f5es como essa, novas portas se abrem para o futuro do motocross.<\/p>\n\n\n\n<p class=\"wp-block-paragraph\"><\/p>\n","protected":false},"excerpt":{"rendered":"<p>foto: Show Radical \/ Divulga\u00e7\u00e3o CBM Tr\u00eas jovens talentos das categorias de base do MX1 GP Brasil Sportbay representaram o Brasil no \u00faltimo final de semana, dias 20 e 21 de setembro, durante a Copa Latino-Americana de Minicross, realizada em Rivera, no Uruguai. A convite da Confedera\u00e7\u00e3o Brasileira de Motociclismo (CBM), os pilotos Enzo Wiebbelling [&hellip;]<\/p>\n","protected":false},"author":1,"featured_media":71799,"comment_status":"closed","ping_status":"open","sticky":false,"template":"","format":"standard","meta":{"footnotes":""},"categories":[133],"tags":[],"class_list":["post-71792","post","type-post","status-publish","format-standard","has-post-thumbnail","hentry","category-motocross"],"_links":{"self":[{"href":"https:\/\/mx1gpbrasil.alperprojetos.com.br\/index.php\/wp-json\/wp\/v2\/posts\/71792","targetHints":{"allow":["GET"]}}],"collection":[{"href":"https:\/\/mx1gpbrasil.alperprojetos.com.br\/index.php\/wp-json\/wp\/v2\/posts"}],"about":[{"href":"https:\/\/mx1gpbrasil.alperprojetos.com.br\/index.php\/wp-json\/wp\/v2\/types\/post"}],"author":[{"embeddable":true,"href":"https:\/\/mx1gpbrasil.alperprojetos.com.br\/index.php\/wp-json\/wp\/v2\/users\/1"}],"replies":[{"embeddable":true,"href":"https:\/\/mx1gpbrasil.alperprojetos.com.br\/index.php\/wp-json\/wp\/v2\/comments?post=71792"}],"version-history":[{"count":0,"href":"https:\/\/mx1gpbrasil.alperprojetos.com.br\/index.php\/wp-json\/wp\/v2\/posts\/71792\/revisions"}],"wp:featuredmedia":[{"embeddable":true,"href":"https:\/\/mx1gpbrasil.alperprojetos.com.br\/index.php\/wp-json\/wp\/v2\/media\/71799"}],"wp:attachment":[{"href":"https:\/\/mx1gpbrasil.alperprojetos.com.br\/index.php\/wp-json\/wp\/v2\/media?parent=71792"}],"wp:term":[{"taxonomy":"category","embeddable":true,"href":"https:\/\/mx1gpbrasil.alperprojetos.com.br\/index.php\/wp-json\/wp\/v2\/categories?post=71792"},{"taxonomy":"post_tag","embeddable":true,"href":"https:\/\/mx1gpbrasil.alperprojetos.com.br\/index.php\/wp-json\/wp\/v2\/tags?post=71792"}],"curies":[{"name":"wp","href":"https:\/\/api.w.org\/{rel}","templated":true}]}}