{"id":71806,"date":"2025-09-30T11:30:00","date_gmt":"2025-09-30T14:30:00","guid":{"rendered":"https:\/\/mx1gpbrasil.com.br\/?p=71806"},"modified":"2025-09-30T11:30:00","modified_gmt":"2025-09-30T14:30:00","slug":"do-mx1-gp-brasil-para-a-copa-do-mundo-do-motocross-pilotos-brasileiros-e-internacionais-que-por-aqui-passaram-disputarao-o-mxon-2025","status":"publish","type":"post","link":"https:\/\/mx1gpbrasil.alperprojetos.com.br\/index.php\/2025\/09\/30\/do-mx1-gp-brasil-para-a-copa-do-mundo-do-motocross-pilotos-brasileiros-e-internacionais-que-por-aqui-passaram-disputarao-o-mxon-2025\/","title":{"rendered":"Do MX1 GP Brasil para a \u201cCopa do Mundo\u201d do Motocross: Pilotos brasileiros e internacionais que por aqui passaram, disputar\u00e3o o MXON 2025"},"content":{"rendered":"\n<p class=\"wp-block-paragraph\">O <strong>Motocross das Na\u00e7\u00f5es (MXON)<\/strong>, considerado a <strong>Copa do Mundo do Motocross<\/strong>, ser\u00e1 realizado entre os dias <strong>3 e 5 de outubro<\/strong>, no tradicional circuito de <strong>Ironman Raceway<\/strong>, em <strong>Crawfordsville, Indiana (EUA)<\/strong> e re\u00fane os <strong>melhores pilotos do planeta<\/strong> em um evento \u00fanico onde o orgulho nacional est\u00e1 em jogo. Cada pa\u00eds seleciona tr\u00eas representantes, um para cada categoria (MXGP, MX2 e Open), e o somat\u00f3rio dos desempenhos define a na\u00e7\u00e3o campe\u00e3. <\/p>\n\n\n\n<p class=\"wp-block-paragraph\">Diferente do formato tradicional do motocross, que \u00e9 essencialmente um esporte individual \u2014 onde cada piloto corre por sua equipe e, muitas vezes, at\u00e9 contra compatriotas \u2014, o <strong>Motocross das Na\u00e7\u00f5es<\/strong> rompe com essa l\u00f3gica e coloca o esp\u00edrito coletivo em primeiro lugar. No MXON, <strong>n\u00e3o existem rivais dentro da mesma camisa<\/strong>: os tr\u00eas pilotos selecionados por cada pa\u00eds competem juntos por um objetivo comum. <strong>N\u00e3o h\u00e1 duas equipes dentro de uma mesma na\u00e7\u00e3o \u2014 existe apenas o Time Na\u00e7\u00f5es.<\/strong> O desempenho de cada piloto em sua respectiva categoria (MX1, MX2 e Open) \u00e9 somado ao dos demais, e \u00e9 esse resultado conjunto que define a coloca\u00e7\u00e3o final de cada pa\u00eds no campeonato. \u00c9 uma rara e valiosa oportunidade de ver os melhores talentos unindo for\u00e7as pelo orgulho nacional.<\/p>\n\n\n\n<p class=\"wp-block-paragraph\">O Brasil teve o seu melhor desempenho da hist\u00f3ria no Motocross das Na\u00e7\u00f5es 2024, conquistando a 13\u00aa posi\u00e7\u00e3o entre 36 pa\u00edses.\u00a0A equipe, formada por Enzo Lopes (MX1), Bernardo Tib\u00farcio (MX2) e F\u00e1bio Santos (Open), superou o recorde anterior de 14\u00ba lugar e avan\u00e7ou diretamente para as finais sem precisar da repescagem.<\/p>\n\n\n\n<figure class=\"wp-block-image size-large is-resized\"><img loading=\"lazy\" decoding=\"async\" width=\"1024\" height=\"605\" src=\"https:\/\/mx1gpbrasil.com.br\/wp-content\/uploads\/2025\/09\/Imagem-do-WhatsApp-de-2025-09-30-as-08.20.40_f0934510-1024x605.jpg\" alt=\"\" class=\"wp-image-71820\" style=\"width:640px\" srcset=\"https:\/\/mx1gpbrasil.alperprojetos.com.br\/wp-content\/uploads\/2025\/09\/Imagem-do-WhatsApp-de-2025-09-30-as-08.20.40_f0934510-1024x605.jpg 1024w, https:\/\/mx1gpbrasil.alperprojetos.com.br\/wp-content\/uploads\/2025\/09\/Imagem-do-WhatsApp-de-2025-09-30-as-08.20.40_f0934510-300x177.jpg 300w, https:\/\/mx1gpbrasil.alperprojetos.com.br\/wp-content\/uploads\/2025\/09\/Imagem-do-WhatsApp-de-2025-09-30-as-08.20.40_f0934510-768x454.jpg 768w, https:\/\/mx1gpbrasil.alperprojetos.com.br\/wp-content\/uploads\/2025\/09\/Imagem-do-WhatsApp-de-2025-09-30-as-08.20.40_f0934510-128x76.jpg 128w, https:\/\/mx1gpbrasil.alperprojetos.com.br\/wp-content\/uploads\/2025\/09\/Imagem-do-WhatsApp-de-2025-09-30-as-08.20.40_f0934510-32x19.jpg 32w, https:\/\/mx1gpbrasil.alperprojetos.com.br\/wp-content\/uploads\/2025\/09\/Imagem-do-WhatsApp-de-2025-09-30-as-08.20.40_f0934510-600x355.jpg 600w, https:\/\/mx1gpbrasil.alperprojetos.com.br\/wp-content\/uploads\/2025\/09\/Imagem-do-WhatsApp-de-2025-09-30-as-08.20.40_f0934510.jpg 1047w\" sizes=\"auto, (max-width: 1024px) 100vw, 1024px\" \/><\/figure>\n\n\n\n<p class=\"has-small-font-size wp-block-paragraph\"><strong>foto enviada por: Wesley Magalh\u00e3es &#8211; Pakito<\/strong><\/p>\n\n\n\n<p class=\"wp-block-paragraph\">Os pilotos que representam o Brasil neste ano chegam em grande fase. <strong>F\u00e1bio Santos<\/strong> encerrou a temporada do <strong>MX1 GP Brasil<\/strong> como <strong>vice-campe\u00e3o da categoria principal<\/strong>, a MX1, dividindo o gate com nomes de peso como o atual campe\u00e3o brasileiro, <strong>Stephen Rubini<\/strong> e o vice-campe\u00e3o mundial <strong>Jeremy Van Horebeek<\/strong>. J\u00e1 <strong>Bernardo Tib\u00farcio<\/strong> foi o <strong>campe\u00e3o antecipado da MX2<\/strong>, conquistando o t\u00edtulo com uma etapa de anteced\u00eancia, al\u00e9m de vencer tamb\u00e9m o <strong>Arena Cross<\/strong> na categoria <strong>AX2<\/strong>, consolidando sua evolu\u00e7\u00e3o t\u00e9cnica. <strong>Enzo Lopes<\/strong>, por sua vez, n\u00e3o participou do MX1 GP Brasil nesta temporada, mas brilhou no <strong>Arena Cross<\/strong>, onde foi <strong>vice-campe\u00e3o da categoria principal, a AX PR\u00d3<\/strong>, atr\u00e1s apenas do brit\u00e2nico <strong>Dean Wilson<\/strong>, campe\u00e3o do ano.<\/p>\n\n\n\n<figure class=\"wp-block-image size-large is-resized\"><img decoding=\"async\" src=\"https:\/\/mx1gpbrasil.com.br\/wp-content\/uploads\/2025\/09\/IMG_3693.JPEG-1-1024x683.jpg\" alt=\"\" class=\"wp-image-71814\" style=\"width:640px\"\/><\/figure>\n\n\n\n<p class=\"has-small-font-size wp-block-paragraph\"><strong>foto: Show Radical<\/strong><\/p>\n\n\n\n<p class=\"wp-block-paragraph\">Quando falamos em pilotos internacionais, o MX1 GP Brasil j\u00e1 n\u00e3o \u00e9 mais um simples campeonato; \u00e9 o segundo maior do mundo, tornando-se um palco de prest\u00edgio global, um verdadeiro \u00edm\u00e3 para os melhores nomes do motocross mundial. Em 2025, o campeonato brasileiro elevou seu n\u00edvel a patamares antes inimagin\u00e1veis, atraindo atletas de elite de todos os continentes. O mundo est\u00e1 atento, e muitos desses pilotos estrangeiros que aceleraram nas pistas brasileiras agora voltam \u00e0s suas sele\u00e7\u00f5es para defender seus pa\u00edses no Motocross das Na\u00e7\u00f5es (MXON).<\/p>\n\n\n\n<p class=\"wp-block-paragraph\"><strong>Benjamin Garib<\/strong> chega ao Motocross das Na\u00e7\u00f5es como vice-campe\u00e3o brasileiro da categoria MX2, um t\u00edtulo conquistado ap\u00f3s uma temporada brilhante no Brasil. Agora, ele retorna ao Chile para representar sua sele\u00e7\u00e3o nacional na mesma categoria MX2, trazendo toda a experi\u00eancia adquirida nas pistas brasileiras. Ao seu lado estar\u00e1 o simp\u00e1tico e experiente <strong>Hardy Mu\u00f1oz<\/strong>, que competiu nas \u00faltimas etapas do campeonato brasileiro e defender\u00e1 o Chile na categoria <strong>Open<\/strong>. Juntos, eles carregam a bandeira chilena com a miss\u00e3o de levar o pa\u00eds ao p\u00f3dio no maior evento do motocross mundial.<\/p>\n\n\n\n<figure class=\"wp-block-image size-large is-resized\"><img decoding=\"async\" src=\"https:\/\/mx1gpbrasil.com.br\/wp-content\/uploads\/2025\/09\/Imagem-do-WhatsApp-de-2025-09-30-as-07.48.23_266ff955-819x1024.jpg\" alt=\"\" class=\"wp-image-71815\" style=\"width:auto;height:640px\"\/><\/figure>\n\n\n\n<p class=\"has-small-font-size wp-block-paragraph\"><strong>foto: Bettina Torrezzan \/ Show Radical<\/strong><br><br><\/p>\n\n\n\n<p class=\"has-regular-font-size wp-block-paragraph\">Outro piloto que brilhou na temporada brasileira \u00e9 <strong>Germ\u00e1n Bratschi<\/strong>, que finalizou o MX1 GP Brasil 2025 na terceira coloca\u00e7\u00e3o da categoria MX2, competindo lado a lado com Bernardo Tib\u00farcio e Benjamin Garib. Agora, ele defender\u00e1 as cores do <strong>Uruguai<\/strong> na categoria <strong>Open<\/strong> durante o Motocross das Na\u00e7\u00f5es. Em ascens\u00e3o no cen\u00e1rio brasileiro, Bratschi \u00e9 um grande piloto que chega ao MXON para completar o time Uruguaio.<\/p>\n\n\n\n<figure class=\"wp-block-image size-large is-resized\"><img decoding=\"async\" src=\"https:\/\/mx1gpbrasil.com.br\/wp-content\/uploads\/2025\/09\/Imagem-do-WhatsApp-de-2025-09-30-as-07.47.50_206648f8-1024x1024.jpg\" alt=\"\" class=\"wp-image-71816\" style=\"width:auto;height:640px\"\/><\/figure>\n\n\n\n<p class=\"has-small-font-size wp-block-paragraph\"><strong>foto: Bettina Torrezzan \/ Show Radical<\/strong><\/p>\n\n\n\n<p class=\"wp-block-paragraph\">Veterano e experiente, <strong>Jetro Salazar<\/strong> j\u00e1 \u00e9 considerado brasileiro por competir h\u00e1 anos e conquistar grande respeito e carinho do p\u00fablico. Natural do <strong>Equador, <\/strong>seu nome havia sa\u00eddo na lista para competir na categoria <strong>Open<\/strong>, por\u00e9m, ele veio as redes sociais e explicou o porque n\u00e3o ir\u00e1 mais para o MXON.<\/p>\n\n\n\n<p class=\"wp-block-paragraph\">A <strong>Venezuela<\/strong> tamb\u00e9m contar\u00e1 com representantes que conhecem bem o solo brasileiro. <strong>Carlos Badiali<\/strong> veio ao pa\u00eds nesta temporada para participar da semifinal do MX1 GP Brasil, em <strong>Rio Verde (GO)<\/strong>, onde competiu na <strong>MX3<\/strong> e venceu com autoridade, cravando o <strong>P1<\/strong>. No Motocross das Na\u00e7\u00f5es, ele representar\u00e1 seu pa\u00eds na categoria <strong>MX2<\/strong>. Ao seu lado estar\u00e1 <strong>Anthony Rodriguez<\/strong>, velho conhecido do p\u00fablico brasileiro, que disputou o Campeonato Brasileiro de Motocross nas temporadas de <strong>2020 e 2022<\/strong> e agora defender\u00e1 a Venezuela na<strong> <\/strong>categoria<strong> MX1<\/strong>.<\/p>\n\n\n\n<figure class=\"wp-block-image size-large is-resized\"><img decoding=\"async\" src=\"https:\/\/mx1gpbrasil.com.br\/wp-content\/uploads\/2025\/09\/DSC_6730-1024x683.jpg\" alt=\"\" class=\"wp-image-71818\" style=\"width:640px\"\/><\/figure>\n\n\n\n<p class=\"has-small-font-size wp-block-paragraph\"><strong>foto: Show Radical<\/strong><\/p>\n\n\n\n<p class=\"wp-block-paragraph\">O experiente <strong>Harri Kullas<\/strong>, da <strong>Est\u00f4nia<\/strong>, tamb\u00e9m faz parte da lista de nomes internacionais com passagem recente pelo Brasil. O piloto competiu no pa\u00eds durante a temporada de <strong>2024<\/strong>, deixando sua marca no motocross nacional com atua\u00e7\u00f5es consistentes e competitivas. No Motocross das Na\u00e7\u00f5es 2025, ele retorna ao cen\u00e1rio mundial defendendo a Est\u00f4nia, pronto para levar sua experi\u00eancia \u00e0s pistas de <strong>Ironman Raceway<\/strong> na categoria OPEN.<\/p>\n\n\n\n<p class=\"wp-block-paragraph\">Pela <strong>Argentina<\/strong>, dois velhos conhecidos do p\u00fablico brasileiro voltam ao cen\u00e1rio internacional: os irm\u00e3os <strong>Joaquin<\/strong> e <strong>Agustin Poli<\/strong>. <strong>Joaquin<\/strong>, que competiu no Brasil em <strong>2017<\/strong>, representar\u00e1 seu pa\u00eds na categoria <strong>MX1<\/strong>, enquanto <strong>Agustin<\/strong>, que esteve no campeonato brasileiro em <strong>2012<\/strong>, alinhar\u00e1 no gate da categoria <strong>Open<\/strong>. Ambos t\u00eam hist\u00f3rico competitivo e trazem consigo a for\u00e7a e tradi\u00e7\u00e3o do motocross argentino para a disputa do MXON.<\/p>\n\n\n\n<p class=\"wp-block-paragraph\">O n\u00famero de pilotos internacionais que j\u00e1 passaram pelo Brasil e hoje brilham no cen\u00e1rio global \u00e9 extenso e significativo \u2014 um reflexo da grandiosidade e da relev\u00e2ncia hist\u00f3rica do nosso pa\u00eds no motocross. \u00c9 poss\u00edvel que alguns nomes tenham ficado de fora, tamanha \u00e9 a contribui\u00e7\u00e3o brasileira para o desenvolvimento do esporte nas Am\u00e9ricas e no mundo. Mas uma coisa \u00e9 certa: <strong>o legado do motocross brasileiro est\u00e1 longe de acabar<\/strong>.<\/p>\n\n\n\n<figure class=\"wp-block-image size-large is-resized\"><img loading=\"lazy\" decoding=\"async\" width=\"1024\" height=\"682\" src=\"https:\/\/mx1gpbrasil.com.br\/wp-content\/uploads\/2025\/09\/Imagem-do-WhatsApp-de-2025-09-30-as-08.15.22_8107545c-1024x682.jpg\" alt=\"\" class=\"wp-image-71819\" style=\"width:640px\" srcset=\"https:\/\/mx1gpbrasil.alperprojetos.com.br\/wp-content\/uploads\/2025\/09\/Imagem-do-WhatsApp-de-2025-09-30-as-08.15.22_8107545c-1024x682.jpg 1024w, https:\/\/mx1gpbrasil.alperprojetos.com.br\/wp-content\/uploads\/2025\/09\/Imagem-do-WhatsApp-de-2025-09-30-as-08.15.22_8107545c-300x200.jpg 300w, https:\/\/mx1gpbrasil.alperprojetos.com.br\/wp-content\/uploads\/2025\/09\/Imagem-do-WhatsApp-de-2025-09-30-as-08.15.22_8107545c-768x512.jpg 768w, https:\/\/mx1gpbrasil.alperprojetos.com.br\/wp-content\/uploads\/2025\/09\/Imagem-do-WhatsApp-de-2025-09-30-as-08.15.22_8107545c-1536x1023.jpg 1536w, https:\/\/mx1gpbrasil.alperprojetos.com.br\/wp-content\/uploads\/2025\/09\/Imagem-do-WhatsApp-de-2025-09-30-as-08.15.22_8107545c-128x85.jpg 128w, https:\/\/mx1gpbrasil.alperprojetos.com.br\/wp-content\/uploads\/2025\/09\/Imagem-do-WhatsApp-de-2025-09-30-as-08.15.22_8107545c-32x21.jpg 32w, https:\/\/mx1gpbrasil.alperprojetos.com.br\/wp-content\/uploads\/2025\/09\/Imagem-do-WhatsApp-de-2025-09-30-as-08.15.22_8107545c-600x400.jpg 600w, https:\/\/mx1gpbrasil.alperprojetos.com.br\/wp-content\/uploads\/2025\/09\/Imagem-do-WhatsApp-de-2025-09-30-as-08.15.22_8107545c.jpg 1600w\" sizes=\"auto, (max-width: 1024px) 100vw, 1024px\" \/><\/figure>\n\n\n\n<p class=\"has-small-font-size wp-block-paragraph\"><strong>foto: Show Radical<\/strong><\/p>\n\n\n\n<p class=\"wp-block-paragraph\">O MX1 GP Brasil se consolida com m\u00e9ritos como o segundo maior campeonato de motocross do mundo, justamente por atrair e revelar talentos que, est\u00e3o no gate do Motocross das Na\u00e7\u00f5es, o evento m\u00e1ximo do esporte. Ver esses atletas que correram em solo brasileiro representando suas bandeiras no cen\u00e1rio mundial \u00e9 uma prova clara de que o Brasil deixou de ser apenas coadjuvante e passou a ser referencia, um polo do motocross, tornando-se um AMA Latino-Americano.<\/p>\n\n\n\n<p class=\"wp-block-paragraph\">Com orgulho, desejamos <strong>toda a sorte e sucesso aos pilotos que representar\u00e3o suas na\u00e7\u00f5es no Motocross das Na\u00e7\u00f5es 2025<\/strong>, com um carinho especial aos nossos guerreiros <strong>Enzo Lopes, Bernardo Tib\u00farcio e F\u00e1bio Santos<\/strong>, que carregam com honra as cores do Brasil. Que acelerem com garra, defendam com paix\u00e3o e inspirem uma nova gera\u00e7\u00e3o de talentos. Estaremos na torcida \u2014 e j\u00e1 contando os dias para a temporada 2026 do <strong>MX1 GP Brasil<\/strong>, que promete ainda mais emo\u00e7\u00e3o e muitas novidades.<\/p>\n\n\n\n<p class=\"wp-block-paragraph\"><\/p>\n\n\n\n<p class=\"wp-block-paragraph\"><\/p>\n","protected":false},"excerpt":{"rendered":"<p>O Motocross das Na\u00e7\u00f5es (MXON), considerado a Copa do Mundo do Motocross, ser\u00e1 realizado entre os dias 3 e 5 de outubro, no tradicional circuito de Ironman Raceway, em Crawfordsville, Indiana (EUA) e re\u00fane os melhores pilotos do planeta em um evento \u00fanico onde o orgulho nacional est\u00e1 em jogo. Cada pa\u00eds seleciona tr\u00eas representantes, [&hellip;]<\/p>\n","protected":false},"author":1,"featured_media":71821,"comment_status":"closed","ping_status":"open","sticky":false,"template":"","format":"standard","meta":{"footnotes":""},"categories":[133],"tags":[],"class_list":["post-71806","post","type-post","status-publish","format-standard","has-post-thumbnail","hentry","category-motocross"],"_links":{"self":[{"href":"https:\/\/mx1gpbrasil.alperprojetos.com.br\/index.php\/wp-json\/wp\/v2\/posts\/71806","targetHints":{"allow":["GET"]}}],"collection":[{"href":"https:\/\/mx1gpbrasil.alperprojetos.com.br\/index.php\/wp-json\/wp\/v2\/posts"}],"about":[{"href":"https:\/\/mx1gpbrasil.alperprojetos.com.br\/index.php\/wp-json\/wp\/v2\/types\/post"}],"author":[{"embeddable":true,"href":"https:\/\/mx1gpbrasil.alperprojetos.com.br\/index.php\/wp-json\/wp\/v2\/users\/1"}],"replies":[{"embeddable":true,"href":"https:\/\/mx1gpbrasil.alperprojetos.com.br\/index.php\/wp-json\/wp\/v2\/comments?post=71806"}],"version-history":[{"count":0,"href":"https:\/\/mx1gpbrasil.alperprojetos.com.br\/index.php\/wp-json\/wp\/v2\/posts\/71806\/revisions"}],"wp:featuredmedia":[{"embeddable":true,"href":"https:\/\/mx1gpbrasil.alperprojetos.com.br\/index.php\/wp-json\/wp\/v2\/media\/71821"}],"wp:attachment":[{"href":"https:\/\/mx1gpbrasil.alperprojetos.com.br\/index.php\/wp-json\/wp\/v2\/media?parent=71806"}],"wp:term":[{"taxonomy":"category","embeddable":true,"href":"https:\/\/mx1gpbrasil.alperprojetos.com.br\/index.php\/wp-json\/wp\/v2\/categories?post=71806"},{"taxonomy":"post_tag","embeddable":true,"href":"https:\/\/mx1gpbrasil.alperprojetos.com.br\/index.php\/wp-json\/wp\/v2\/tags?post=71806"}],"curies":[{"name":"wp","href":"https:\/\/api.w.org\/{rel}","templated":true}]}}