{"id":71824,"date":"2025-10-03T11:37:17","date_gmt":"2025-10-03T14:37:17","guid":{"rendered":"https:\/\/mx1gpbrasil.com.br\/?p=71824"},"modified":"2025-10-03T11:37:17","modified_gmt":"2025-10-03T14:37:17","slug":"ceo-da-promox-acompanha-brasileiros-no-mxon-em-busca-de-inovacao-para-o-brasileiro-de-motocross","status":"publish","type":"post","link":"https:\/\/mx1gpbrasil.alperprojetos.com.br\/index.php\/2025\/10\/03\/ceo-da-promox-acompanha-brasileiros-no-mxon-em-busca-de-inovacao-para-o-brasileiro-de-motocross\/","title":{"rendered":"CEO da Promox acompanha brasileiros no MXON em busca de inova\u00e7\u00e3o para o Brasileiro de Motocross"},"content":{"rendered":"\n<p class=\"wp-block-paragraph\">O CEO e fundador da Promox, promotora do Campeonato Brasileiro de Motocross, est\u00e1 nos Estados Unidos acompanhando de perto a participa\u00e7\u00e3o dos pilotos brasileiros no Motocross das Na\u00e7\u00f5es (MXON), considerado a Copa do Mundo da modalidade.<\/p>\n\n\n\n<p class=\"wp-block-paragraph\">O MXON re\u00fane os melhores pilotos de motocross do mundo, colocando em evid\u00eancia o talento de cada pa\u00eds em uma competi\u00e7\u00e3o de alto n\u00edvel e grande tradi\u00e7\u00e3o. Neste ano, a aten\u00e7\u00e3o est\u00e1 voltada para a performance dos brasileiros, que buscam consolidar o pa\u00eds entre as grandes pot\u00eancias do esporte.<\/p>\n\n\n\n<p class=\"wp-block-paragraph\">Firmo Alves, \u00e0 frente da Promox, observa de perto cada detalhe da competi\u00e7\u00e3o, com o objetivo de identificar inova\u00e7\u00f5es e estrat\u00e9gias que possam ser aplicadas no Campeonato Brasileiro de Motocross. \u201cO Brasil j\u00e1 est\u00e1 muito avan\u00e7ado em nosso campeonato, superando outros campeonatos em diversos requisitos, mas estamos sempre em busca de constante evolu\u00e7\u00e3o, seja na estrutura, nas provas ou na experi\u00eancia dos f\u00e3s\u201d, afirma o CEO.<\/p>\n\n\n\n<p class=\"wp-block-paragraph\">A experi\u00eancia internacional permitir\u00e1 \u00e0 Promox planejar melhorias em log\u00edstica, formato de provas e experi\u00eancias para o p\u00fablico, garantindo que o campeonato nacional continue crescendo em qualidade e prest\u00edgio. A presen\u00e7a de l\u00edderes do motocross brasileiro em eventos globais refor\u00e7a o compromisso com a evolu\u00e7\u00e3o do esporte no pa\u00eds.<\/p>\n","protected":false},"excerpt":{"rendered":"<p>O CEO e fundador da Promox, promotora do Campeonato Brasileiro de Motocross, est\u00e1 nos Estados Unidos acompanhando de perto a participa\u00e7\u00e3o dos pilotos brasileiros no Motocross das Na\u00e7\u00f5es (MXON), considerado a Copa do Mundo da modalidade. O MXON re\u00fane os melhores pilotos de motocross do mundo, colocando em evid\u00eancia o talento de cada pa\u00eds em [&hellip;]<\/p>\n","protected":false},"author":1,"featured_media":71825,"comment_status":"closed","ping_status":"open","sticky":false,"template":"","format":"standard","meta":{"footnotes":""},"categories":[133],"tags":[],"class_list":["post-71824","post","type-post","status-publish","format-standard","has-post-thumbnail","hentry","category-motocross"],"_links":{"self":[{"href":"https:\/\/mx1gpbrasil.alperprojetos.com.br\/index.php\/wp-json\/wp\/v2\/posts\/71824","targetHints":{"allow":["GET"]}}],"collection":[{"href":"https:\/\/mx1gpbrasil.alperprojetos.com.br\/index.php\/wp-json\/wp\/v2\/posts"}],"about":[{"href":"https:\/\/mx1gpbrasil.alperprojetos.com.br\/index.php\/wp-json\/wp\/v2\/types\/post"}],"author":[{"embeddable":true,"href":"https:\/\/mx1gpbrasil.alperprojetos.com.br\/index.php\/wp-json\/wp\/v2\/users\/1"}],"replies":[{"embeddable":true,"href":"https:\/\/mx1gpbrasil.alperprojetos.com.br\/index.php\/wp-json\/wp\/v2\/comments?post=71824"}],"version-history":[{"count":0,"href":"https:\/\/mx1gpbrasil.alperprojetos.com.br\/index.php\/wp-json\/wp\/v2\/posts\/71824\/revisions"}],"wp:featuredmedia":[{"embeddable":true,"href":"https:\/\/mx1gpbrasil.alperprojetos.com.br\/index.php\/wp-json\/wp\/v2\/media\/71825"}],"wp:attachment":[{"href":"https:\/\/mx1gpbrasil.alperprojetos.com.br\/index.php\/wp-json\/wp\/v2\/media?parent=71824"}],"wp:term":[{"taxonomy":"category","embeddable":true,"href":"https:\/\/mx1gpbrasil.alperprojetos.com.br\/index.php\/wp-json\/wp\/v2\/categories?post=71824"},{"taxonomy":"post_tag","embeddable":true,"href":"https:\/\/mx1gpbrasil.alperprojetos.com.br\/index.php\/wp-json\/wp\/v2\/tags?post=71824"}],"curies":[{"name":"wp","href":"https:\/\/api.w.org\/{rel}","templated":true}]}}