{"id":71827,"date":"2025-10-03T16:36:52","date_gmt":"2025-10-03T19:36:52","guid":{"rendered":"https:\/\/mx1gpbrasil.com.br\/?p=71827"},"modified":"2025-10-03T16:36:52","modified_gmt":"2025-10-03T19:36:52","slug":"brasil-no-top-10-do-mxon-expectativa-cresce-para-desempenho-dos-pilotos-brasileiros","status":"publish","type":"post","link":"https:\/\/mx1gpbrasil.alperprojetos.com.br\/index.php\/2025\/10\/03\/brasil-no-top-10-do-mxon-expectativa-cresce-para-desempenho-dos-pilotos-brasileiros\/","title":{"rendered":"Brasil no top 10 do MXON? Expectativa cresce para desempenho dos pilotos brasileiros"},"content":{"rendered":"\n<p class=\"wp-block-paragraph\">O Motocross das Na\u00e7\u00f5es (MXON), considerado a Copa do Mundo da modalidade, come\u00e7ou hoje nos Estados Unidos, reunindo os melhores pilotos do mundo em uma disputa de alt\u00edssimo n\u00edvel. Entre os destaques, est\u00e3o os tr\u00eas brasileiros, que chegam com grande expectativa de desempenho e a miss\u00e3o de colocar o Brasil entre os top 10 do mundo.<\/p>\n\n\n\n<p class=\"wp-block-paragraph\">No ano passado, a equipe brasileira mostrou evolu\u00e7\u00e3o e determina\u00e7\u00e3o, conquistando um resultado hist\u00f3rico, que colocou o pa\u00eds entre os principais competidores, mas deixando claro que h\u00e1 potencial para ir ainda mais longe. Este ano, o cen\u00e1rio \u00e9 ainda mais promissor: os pilotos chegam com experi\u00eancia acumulada, treinamentos intensos e um Campeonato Brasileiro que os prepara para competir no mais alto n\u00edvel.<\/p>\n\n\n\n<p class=\"wp-block-paragraph\">O trio formado por Enzo Lopes, F\u00e1bio Santos e Bernardo Tib\u00farcio re\u00fane talento, t\u00e9cnica e for\u00e7a, refletindo a qualidade do motocross nacional. A expectativa \u00e9 alta, e especialistas apontam que, com foco e consist\u00eancia, o Brasil tem todas as condi\u00e7\u00f5es de garantir um lugar entre os 10 melhores pa\u00edses do mundo no MXON 2025.<\/p>\n\n\n\n<figure class=\"wp-block-image size-large\"><img loading=\"lazy\" decoding=\"async\" width=\"1024\" height=\"1024\" src=\"https:\/\/mx1gpbrasil.com.br\/wp-content\/uploads\/2025\/10\/Imagem-do-WhatsApp-de-2025-10-03-as-10.42.11_0dfc709b-edited.jpg\" alt=\"\" class=\"wp-image-71829\" style=\"object-fit:cover\" srcset=\"https:\/\/mx1gpbrasil.alperprojetos.com.br\/wp-content\/uploads\/2025\/10\/Imagem-do-WhatsApp-de-2025-10-03-as-10.42.11_0dfc709b-edited.jpg 1024w, https:\/\/mx1gpbrasil.alperprojetos.com.br\/wp-content\/uploads\/2025\/10\/Imagem-do-WhatsApp-de-2025-10-03-as-10.42.11_0dfc709b-edited-300x300.jpg 300w, https:\/\/mx1gpbrasil.alperprojetos.com.br\/wp-content\/uploads\/2025\/10\/Imagem-do-WhatsApp-de-2025-10-03-as-10.42.11_0dfc709b-edited-150x150.jpg 150w, https:\/\/mx1gpbrasil.alperprojetos.com.br\/wp-content\/uploads\/2025\/10\/Imagem-do-WhatsApp-de-2025-10-03-as-10.42.11_0dfc709b-edited-768x768.jpg 768w, https:\/\/mx1gpbrasil.alperprojetos.com.br\/wp-content\/uploads\/2025\/10\/Imagem-do-WhatsApp-de-2025-10-03-as-10.42.11_0dfc709b-edited-128x128.jpg 128w, https:\/\/mx1gpbrasil.alperprojetos.com.br\/wp-content\/uploads\/2025\/10\/Imagem-do-WhatsApp-de-2025-10-03-as-10.42.11_0dfc709b-edited-32x32.jpg 32w, https:\/\/mx1gpbrasil.alperprojetos.com.br\/wp-content\/uploads\/2025\/10\/Imagem-do-WhatsApp-de-2025-10-03-as-10.42.11_0dfc709b-edited-650x650.jpg 650w, https:\/\/mx1gpbrasil.alperprojetos.com.br\/wp-content\/uploads\/2025\/10\/Imagem-do-WhatsApp-de-2025-10-03-as-10.42.11_0dfc709b-edited-600x600.jpg 600w, https:\/\/mx1gpbrasil.alperprojetos.com.br\/wp-content\/uploads\/2025\/10\/Imagem-do-WhatsApp-de-2025-10-03-as-10.42.11_0dfc709b-edited-100x100.jpg 100w\" sizes=\"auto, (max-width: 1024px) 100vw, 1024px\" \/><\/figure>\n\n\n\n<p class=\"wp-block-paragraph\"><strong>Foto: VTMCOMOFFROAD \/ SHOW RADICAL<\/strong><\/p>\n\n\n\n<p class=\"wp-block-paragraph\">Para os f\u00e3s do esporte, acompanhar a participa\u00e7\u00e3o brasileira \u00e9 mais do que torcer: \u00e9 celebrar a evolu\u00e7\u00e3o do motocross nacional e acompanhar de perto a performance dos nossos pilotos no maior palco internacional&nbsp;da&nbsp;modalidade.<\/p>\n\n\n\n<p class=\"wp-block-paragraph\">A programa\u00e7\u00e3o completa e mais informa\u00e7\u00f5es voc\u00ea encontra em:<strong> <a href=\"https:\/\/mxonusa.com\/schedule?fbclid=PARlRTSANMr6FleHRuA2FlbQIxMQABp51AYlZHTlk6u0y0P5FID16hGiBJE54CijKZtpW8IkX5RCtsjuRDrL7Nit_p_aem_TrDy4RKxOT1AYrisW3b9xw\">https:\/\/mxonusa.com\/schedule?fbclid=PARlRTSANMr6FleHRuA2FlbQIxMQABp51AYlZHTlk6u0y0P5FID16hGiBJE54CijKZtpW8IkX5RCtsjuRDrL7Nit_p_aem_TrDy4RKxOT1AYrisW3b9xw<\/a><\/strong><\/p>\n","protected":false},"excerpt":{"rendered":"<p>O Motocross das Na\u00e7\u00f5es (MXON), considerado a Copa do Mundo da modalidade, come\u00e7ou hoje nos Estados Unidos, reunindo os melhores pilotos do mundo em uma disputa de alt\u00edssimo n\u00edvel. Entre os destaques, est\u00e3o os tr\u00eas brasileiros, que chegam com grande expectativa de desempenho e a miss\u00e3o de colocar o Brasil entre os top 10 do [&hellip;]<\/p>\n","protected":false},"author":1,"featured_media":71831,"comment_status":"closed","ping_status":"open","sticky":false,"template":"","format":"standard","meta":{"footnotes":""},"categories":[133],"tags":[],"class_list":["post-71827","post","type-post","status-publish","format-standard","has-post-thumbnail","hentry","category-motocross"],"_links":{"self":[{"href":"https:\/\/mx1gpbrasil.alperprojetos.com.br\/index.php\/wp-json\/wp\/v2\/posts\/71827","targetHints":{"allow":["GET"]}}],"collection":[{"href":"https:\/\/mx1gpbrasil.alperprojetos.com.br\/index.php\/wp-json\/wp\/v2\/posts"}],"about":[{"href":"https:\/\/mx1gpbrasil.alperprojetos.com.br\/index.php\/wp-json\/wp\/v2\/types\/post"}],"author":[{"embeddable":true,"href":"https:\/\/mx1gpbrasil.alperprojetos.com.br\/index.php\/wp-json\/wp\/v2\/users\/1"}],"replies":[{"embeddable":true,"href":"https:\/\/mx1gpbrasil.alperprojetos.com.br\/index.php\/wp-json\/wp\/v2\/comments?post=71827"}],"version-history":[{"count":0,"href":"https:\/\/mx1gpbrasil.alperprojetos.com.br\/index.php\/wp-json\/wp\/v2\/posts\/71827\/revisions"}],"wp:featuredmedia":[{"embeddable":true,"href":"https:\/\/mx1gpbrasil.alperprojetos.com.br\/index.php\/wp-json\/wp\/v2\/media\/71831"}],"wp:attachment":[{"href":"https:\/\/mx1gpbrasil.alperprojetos.com.br\/index.php\/wp-json\/wp\/v2\/media?parent=71827"}],"wp:term":[{"taxonomy":"category","embeddable":true,"href":"https:\/\/mx1gpbrasil.alperprojetos.com.br\/index.php\/wp-json\/wp\/v2\/categories?post=71827"},{"taxonomy":"post_tag","embeddable":true,"href":"https:\/\/mx1gpbrasil.alperprojetos.com.br\/index.php\/wp-json\/wp\/v2\/tags?post=71827"}],"curies":[{"name":"wp","href":"https:\/\/api.w.org\/{rel}","templated":true}]}}