{"id":71863,"date":"2025-11-17T16:42:36","date_gmt":"2025-11-17T19:42:36","guid":{"rendered":"https:\/\/mx1gpbrasil.com.br\/?p=71863"},"modified":"2025-11-17T16:42:36","modified_gmt":"2025-11-17T19:42:36","slug":"o-futuro-ja-comecou-campeonato-brasileiro-virtual-de-motocross-estreia-com-forca-total-e-mais-de-170-inscricoes","status":"publish","type":"post","link":"https:\/\/mx1gpbrasil.alperprojetos.com.br\/index.php\/2025\/11\/17\/o-futuro-ja-comecou-campeonato-brasileiro-virtual-de-motocross-estreia-com-forca-total-e-mais-de-170-inscricoes\/","title":{"rendered":"O Futuro j\u00e1 come\u00e7ou: Campeonato Brasileiro Virtual de Motocross estreia com for\u00e7a total e mais de 170 inscri\u00e7\u00f5es"},"content":{"rendered":"\n<p class=\"wp-block-paragraph\">O motocross brasileiro entrou oficialmente em uma nova era. Neste fim de semana, dias 15 e 16 de novembro, foi realizada a abertura do 1\u00ba Campeonato Brasileiro Virtual de Motocross, o E-MX GP BRASIL, uma iniciativa in\u00e9dita constru\u00edda em parceria entre a PROMOX \u2014 promotora oficial do Campeonato Brasileiro de Motocross, a Confedera\u00e7\u00e3o Brasileira de Motociclismo (CBM) e a Liga MVBR. Juntas, essas tr\u00eas for\u00e7as deram in\u00edcio a um cap\u00edtulo inovador do esporte, levando o motocross para dentro das telas com a mesma emo\u00e7\u00e3o que vibra nas pistas reais.<\/p>\n\n\n\n<p class=\"wp-block-paragraph\">O campeonato nasceu para preencher um espa\u00e7o importante: oferecer competi\u00e7\u00e3o, intera\u00e7\u00e3o e adrenalina durante o per\u00edodo de pausa do campeonato presencial. E a resposta do p\u00fablico foi imediata \u2014 mais de 170 inscri\u00e7\u00f5es apenas para a primeira etapa, mostrando o quanto os pilotos estavam sedentos por acelerar, mesmo que virtualmente.<\/p>\n\n\n\n<p class=\"wp-block-paragraph\">O primeiro dia da etapa inaugural j\u00e1 mostrou que a aposta deu certo. Disputas acirradas, clima de decis\u00e3o e uma imers\u00e3o surpreendente fizeram da estreia um verdadeiro sucesso. As corridas aconteceram na pista virtual de Ponta Grossa, ambiente fiel ao tra\u00e7ado oficial e que trouxe realismo e desafio para os competidores.<\/p>\n\n\n\n<p class=\"wp-block-paragraph\"><strong>Confira abaixo o resultado completo da primeira etapa.<\/strong><\/p>\n\n\n\n<p class=\"wp-block-paragraph\"><strong>MX1 GP<\/strong><br>1\u00ba &#8211; SILVA &#8211; 595 KTM Racing<br>2\u00ba &#8211; LUCAS QUEIROZ &#8211; JP Racing<br>3\u00ba &#8211; HENRIQUE &#8211; TH x Una x PV x CBS<br>4\u00ba &#8211; DARIEL &#8211; Surukka<br>5\u00ba &#8211; FEITOSA &#8211; JP Racing<\/p>\n\n\n\n<figure class=\"wp-block-image size-large\"><img loading=\"lazy\" decoding=\"async\" width=\"1024\" height=\"576\" src=\"https:\/\/mx1gpbrasil.com.br\/wp-content\/uploads\/2025\/11\/PODIUM-E-MX1GP-MX1GP-1024x576.png\" alt=\"\" class=\"wp-image-71864\" srcset=\"https:\/\/mx1gpbrasil.alperprojetos.com.br\/wp-content\/uploads\/2025\/11\/PODIUM-E-MX1GP-MX1GP-1024x576.png 1024w, https:\/\/mx1gpbrasil.alperprojetos.com.br\/wp-content\/uploads\/2025\/11\/PODIUM-E-MX1GP-MX1GP-300x169.png 300w, https:\/\/mx1gpbrasil.alperprojetos.com.br\/wp-content\/uploads\/2025\/11\/PODIUM-E-MX1GP-MX1GP-768x432.png 768w, https:\/\/mx1gpbrasil.alperprojetos.com.br\/wp-content\/uploads\/2025\/11\/PODIUM-E-MX1GP-MX1GP-1536x864.png 1536w, https:\/\/mx1gpbrasil.alperprojetos.com.br\/wp-content\/uploads\/2025\/11\/PODIUM-E-MX1GP-MX1GP-128x72.png 128w, https:\/\/mx1gpbrasil.alperprojetos.com.br\/wp-content\/uploads\/2025\/11\/PODIUM-E-MX1GP-MX1GP-32x18.png 32w, https:\/\/mx1gpbrasil.alperprojetos.com.br\/wp-content\/uploads\/2025\/11\/PODIUM-E-MX1GP-MX1GP-600x338.png 600w, https:\/\/mx1gpbrasil.alperprojetos.com.br\/wp-content\/uploads\/2025\/11\/PODIUM-E-MX1GP-MX1GP.png 1920w\" sizes=\"auto, (max-width: 1024px) 100vw, 1024px\" \/><\/figure>\n\n\n\n<p class=\"wp-block-paragraph\">Imagem: Liga MVBR<\/p>\n\n\n\n<p class=\"wp-block-paragraph\"><strong>MX1 <\/strong><br>1\u00ba &#8211; SILVA &#8211; 595 KTM Racing<br>2\u00ba &#8211; Lucas Queiroz &#8211; JP Racing<br>3\u00ba &#8211; Feitosa &#8211; JP Racing<br>4\u00ba &#8211; Bedin &#8211; Yamaha Gera\u00e7\u00e3o<br>5\u00ba &#8211; Lorenzo &#8211; JP Racing<\/p>\n\n\n\n<figure class=\"wp-block-image size-large\"><img loading=\"lazy\" decoding=\"async\" width=\"1024\" height=\"576\" src=\"https:\/\/mx1gpbrasil.com.br\/wp-content\/uploads\/2025\/11\/PODIUM-E-MX1GP-MX1-1024x576.png\" alt=\"\" class=\"wp-image-71865\" srcset=\"https:\/\/mx1gpbrasil.alperprojetos.com.br\/wp-content\/uploads\/2025\/11\/PODIUM-E-MX1GP-MX1-1024x576.png 1024w, https:\/\/mx1gpbrasil.alperprojetos.com.br\/wp-content\/uploads\/2025\/11\/PODIUM-E-MX1GP-MX1-300x169.png 300w, https:\/\/mx1gpbrasil.alperprojetos.com.br\/wp-content\/uploads\/2025\/11\/PODIUM-E-MX1GP-MX1-768x432.png 768w, https:\/\/mx1gpbrasil.alperprojetos.com.br\/wp-content\/uploads\/2025\/11\/PODIUM-E-MX1GP-MX1-1536x864.png 1536w, https:\/\/mx1gpbrasil.alperprojetos.com.br\/wp-content\/uploads\/2025\/11\/PODIUM-E-MX1GP-MX1-128x72.png 128w, https:\/\/mx1gpbrasil.alperprojetos.com.br\/wp-content\/uploads\/2025\/11\/PODIUM-E-MX1GP-MX1-32x18.png 32w, https:\/\/mx1gpbrasil.alperprojetos.com.br\/wp-content\/uploads\/2025\/11\/PODIUM-E-MX1GP-MX1-600x338.png 600w, https:\/\/mx1gpbrasil.alperprojetos.com.br\/wp-content\/uploads\/2025\/11\/PODIUM-E-MX1GP-MX1.png 1920w\" sizes=\"auto, (max-width: 1024px) 100vw, 1024px\" \/><\/figure>\n\n\n\n<p class=\"wp-block-paragraph\">Imagem: Liga MVBR<\/p>\n\n\n\n<p class=\"wp-block-paragraph\"><strong>MX2<\/strong><br>1\u00ba &#8211; HENRIQUE &#8211; TH x Una x PV x CBS<br>2\u00ba &#8211; MARQUIN &#8211; TH x Una x PV x CBS<br>3\u00ba &#8211; GUSTAVO &#8211; 595 KTM Racing<br>4\u00ba &#8211; AREDES &#8211; JP Racing<br>5\u00ba &#8211; Morales &#8211; TH x Una x PV x CBS<\/p>\n\n\n\n<figure class=\"wp-block-image size-large\"><img loading=\"lazy\" decoding=\"async\" width=\"1024\" height=\"576\" src=\"https:\/\/mx1gpbrasil.com.br\/wp-content\/uploads\/2025\/11\/PODIUM-E-MX1GP-MX2-1024x576.png\" alt=\"\" class=\"wp-image-71866\" srcset=\"https:\/\/mx1gpbrasil.alperprojetos.com.br\/wp-content\/uploads\/2025\/11\/PODIUM-E-MX1GP-MX2-1024x576.png 1024w, https:\/\/mx1gpbrasil.alperprojetos.com.br\/wp-content\/uploads\/2025\/11\/PODIUM-E-MX1GP-MX2-300x169.png 300w, https:\/\/mx1gpbrasil.alperprojetos.com.br\/wp-content\/uploads\/2025\/11\/PODIUM-E-MX1GP-MX2-768x432.png 768w, https:\/\/mx1gpbrasil.alperprojetos.com.br\/wp-content\/uploads\/2025\/11\/PODIUM-E-MX1GP-MX2-1536x864.png 1536w, https:\/\/mx1gpbrasil.alperprojetos.com.br\/wp-content\/uploads\/2025\/11\/PODIUM-E-MX1GP-MX2-128x72.png 128w, https:\/\/mx1gpbrasil.alperprojetos.com.br\/wp-content\/uploads\/2025\/11\/PODIUM-E-MX1GP-MX2-32x18.png 32w, https:\/\/mx1gpbrasil.alperprojetos.com.br\/wp-content\/uploads\/2025\/11\/PODIUM-E-MX1GP-MX2-600x338.png 600w, https:\/\/mx1gpbrasil.alperprojetos.com.br\/wp-content\/uploads\/2025\/11\/PODIUM-E-MX1GP-MX2.png 1920w\" sizes=\"auto, (max-width: 1024px) 100vw, 1024px\" \/><\/figure>\n\n\n\n<p class=\"wp-block-paragraph\">Imagem: Liga MVBR<\/p>\n\n\n\n<p class=\"wp-block-paragraph\"><strong>MX2 JR<\/strong><br>1\u00ba &#8211; GIAMPAULI &#8211; M3 Racing<br>2\u00ba &#8211; JO\u00c3O &#8211; SouthBR<br>3\u00ba &#8211; G SALLES &#8211; S2 Nordeste<br>4\u00ba &#8211; RICARDO RAMOS<br>5\u00ba &#8211; PILEGI &#8211; JP Racing<\/p>\n\n\n\n<figure class=\"wp-block-image size-large\"><img loading=\"lazy\" decoding=\"async\" width=\"1024\" height=\"576\" src=\"https:\/\/mx1gpbrasil.com.br\/wp-content\/uploads\/2025\/11\/PODIUM-E-MX1GP-MX2JR-1024x576.png\" alt=\"\" class=\"wp-image-71867\" srcset=\"https:\/\/mx1gpbrasil.alperprojetos.com.br\/wp-content\/uploads\/2025\/11\/PODIUM-E-MX1GP-MX2JR-1024x576.png 1024w, https:\/\/mx1gpbrasil.alperprojetos.com.br\/wp-content\/uploads\/2025\/11\/PODIUM-E-MX1GP-MX2JR-300x169.png 300w, https:\/\/mx1gpbrasil.alperprojetos.com.br\/wp-content\/uploads\/2025\/11\/PODIUM-E-MX1GP-MX2JR-768x432.png 768w, https:\/\/mx1gpbrasil.alperprojetos.com.br\/wp-content\/uploads\/2025\/11\/PODIUM-E-MX1GP-MX2JR-1536x864.png 1536w, https:\/\/mx1gpbrasil.alperprojetos.com.br\/wp-content\/uploads\/2025\/11\/PODIUM-E-MX1GP-MX2JR-128x72.png 128w, https:\/\/mx1gpbrasil.alperprojetos.com.br\/wp-content\/uploads\/2025\/11\/PODIUM-E-MX1GP-MX2JR-32x18.png 32w, https:\/\/mx1gpbrasil.alperprojetos.com.br\/wp-content\/uploads\/2025\/11\/PODIUM-E-MX1GP-MX2JR-600x338.png 600w, https:\/\/mx1gpbrasil.alperprojetos.com.br\/wp-content\/uploads\/2025\/11\/PODIUM-E-MX1GP-MX2JR.png 1920w\" sizes=\"auto, (max-width: 1024px) 100vw, 1024px\" \/><\/figure>\n\n\n\n<p class=\"wp-block-paragraph\">Imagem: Liga MVBR<\/p>\n\n\n\n<p class=\"wp-block-paragraph\"><strong>MX3<\/strong><br>1\u00ba &#8211; AILSON &#8211; 595 KTM Racing<br>2\u00ba &#8211; BORDIM &#8211; JP Racing<br>3\u00ba &#8211; GONZAGA &#8211; JP RACING<br>4\u00ba &#8211; D ALVES &#8211; SM Desing x TDMX<br>5\u00ba &#8211; THARIK &#8211; 595 KTM Racing<\/p>\n\n\n\n<figure class=\"wp-block-image size-large\"><img loading=\"lazy\" decoding=\"async\" width=\"1024\" height=\"576\" src=\"https:\/\/mx1gpbrasil.com.br\/wp-content\/uploads\/2025\/11\/PODIUM-E-MX1GP-MX3-1024x576.png\" alt=\"\" class=\"wp-image-71868\" srcset=\"https:\/\/mx1gpbrasil.alperprojetos.com.br\/wp-content\/uploads\/2025\/11\/PODIUM-E-MX1GP-MX3-1024x576.png 1024w, https:\/\/mx1gpbrasil.alperprojetos.com.br\/wp-content\/uploads\/2025\/11\/PODIUM-E-MX1GP-MX3-300x169.png 300w, https:\/\/mx1gpbrasil.alperprojetos.com.br\/wp-content\/uploads\/2025\/11\/PODIUM-E-MX1GP-MX3-768x432.png 768w, https:\/\/mx1gpbrasil.alperprojetos.com.br\/wp-content\/uploads\/2025\/11\/PODIUM-E-MX1GP-MX3-1536x864.png 1536w, https:\/\/mx1gpbrasil.alperprojetos.com.br\/wp-content\/uploads\/2025\/11\/PODIUM-E-MX1GP-MX3-128x72.png 128w, https:\/\/mx1gpbrasil.alperprojetos.com.br\/wp-content\/uploads\/2025\/11\/PODIUM-E-MX1GP-MX3-32x18.png 32w, https:\/\/mx1gpbrasil.alperprojetos.com.br\/wp-content\/uploads\/2025\/11\/PODIUM-E-MX1GP-MX3-600x338.png 600w, https:\/\/mx1gpbrasil.alperprojetos.com.br\/wp-content\/uploads\/2025\/11\/PODIUM-E-MX1GP-MX3.png 1920w\" sizes=\"auto, (max-width: 1024px) 100vw, 1024px\" \/><\/figure>\n\n\n\n<p class=\"wp-block-paragraph\">Imagem: Liga MVBR<\/p>\n\n\n\n<p class=\"wp-block-paragraph\">E n\u00e3o para por a\u00ed: a pr\u00f3xima etapa j\u00e1 tem data marcada. Nos dias 22 e 23 de novembro, os pilotos encaram a pista virtual de Canelinha, um dos cen\u00e1rios mais tradicionais do motocross brasileiro \u2014 agora recriado no universo digital com riqueza de detalhes.<\/p>\n\n\n\n<p class=\"wp-block-paragraph\">Para quem ainda n\u00e3o garantiu vaga, o recado \u00e9 simples:<br>as inscri\u00e7\u00f5es para a segunda etapa iniciam amanha e seguem abertas at\u00e9 sexta-feira (21\/11), \u00e0s 18h00.<\/p>\n\n\n\n<p class=\"wp-block-paragraph\">O campeonato est\u00e1 s\u00f3 come\u00e7ando, e a cada etapa novos talentos, hist\u00f3rias e emo\u00e7\u00f5es surgem no cen\u00e1rio virtual, refor\u00e7ando que o motocross pode \u2014 e deve \u2014 viver tamb\u00e9m al\u00e9m da pista f\u00edsica.<\/p>\n\n\n\n<p class=\"wp-block-paragraph\">Acompanhe nossas redes sociais para ficar por dentro de tudo @mx1gpbrasil . <\/p>\n","protected":false},"excerpt":{"rendered":"<p>O motocross brasileiro entrou oficialmente em uma nova era. Neste fim de semana, dias 15 e 16 de novembro, foi realizada a abertura do 1\u00ba Campeonato Brasileiro Virtual de Motocross, o E-MX GP BRASIL, uma iniciativa in\u00e9dita constru\u00edda em parceria entre a PROMOX \u2014 promotora oficial do Campeonato Brasileiro de Motocross, a Confedera\u00e7\u00e3o Brasileira de [&hellip;]<\/p>\n","protected":false},"author":1,"featured_media":71870,"comment_status":"closed","ping_status":"open","sticky":false,"template":"","format":"standard","meta":{"footnotes":""},"categories":[133],"tags":[],"class_list":["post-71863","post","type-post","status-publish","format-standard","has-post-thumbnail","hentry","category-motocross"],"_links":{"self":[{"href":"https:\/\/mx1gpbrasil.alperprojetos.com.br\/index.php\/wp-json\/wp\/v2\/posts\/71863","targetHints":{"allow":["GET"]}}],"collection":[{"href":"https:\/\/mx1gpbrasil.alperprojetos.com.br\/index.php\/wp-json\/wp\/v2\/posts"}],"about":[{"href":"https:\/\/mx1gpbrasil.alperprojetos.com.br\/index.php\/wp-json\/wp\/v2\/types\/post"}],"author":[{"embeddable":true,"href":"https:\/\/mx1gpbrasil.alperprojetos.com.br\/index.php\/wp-json\/wp\/v2\/users\/1"}],"replies":[{"embeddable":true,"href":"https:\/\/mx1gpbrasil.alperprojetos.com.br\/index.php\/wp-json\/wp\/v2\/comments?post=71863"}],"version-history":[{"count":0,"href":"https:\/\/mx1gpbrasil.alperprojetos.com.br\/index.php\/wp-json\/wp\/v2\/posts\/71863\/revisions"}],"wp:featuredmedia":[{"embeddable":true,"href":"https:\/\/mx1gpbrasil.alperprojetos.com.br\/index.php\/wp-json\/wp\/v2\/media\/71870"}],"wp:attachment":[{"href":"https:\/\/mx1gpbrasil.alperprojetos.com.br\/index.php\/wp-json\/wp\/v2\/media?parent=71863"}],"wp:term":[{"taxonomy":"category","embeddable":true,"href":"https:\/\/mx1gpbrasil.alperprojetos.com.br\/index.php\/wp-json\/wp\/v2\/categories?post=71863"},{"taxonomy":"post_tag","embeddable":true,"href":"https:\/\/mx1gpbrasil.alperprojetos.com.br\/index.php\/wp-json\/wp\/v2\/tags?post=71863"}],"curies":[{"name":"wp","href":"https:\/\/api.w.org\/{rel}","templated":true}]}}