{"id":71872,"date":"2025-11-21T08:42:19","date_gmt":"2025-11-21T11:42:19","guid":{"rendered":"https:\/\/mx1gpbrasil.com.br\/?p=71872"},"modified":"2025-11-21T08:42:19","modified_gmt":"2025-11-21T11:42:19","slug":"tudo-que-voce-precisa-saber-sobre-a-segunda-etapa-do-e-mx1-gp-brasil-acontece-neste-final-de-semana-na-tradicional-pista-virtual-de-canelinha","status":"publish","type":"post","link":"https:\/\/mx1gpbrasil.alperprojetos.com.br\/index.php\/2025\/11\/21\/tudo-que-voce-precisa-saber-sobre-a-segunda-etapa-do-e-mx1-gp-brasil-acontece-neste-final-de-semana-na-tradicional-pista-virtual-de-canelinha\/","title":{"rendered":"TUDO QUE VOC\u00ca PRECISA SABER SOBRE: A segunda etapa do E-MX1 GP Brasil acontece neste final de semana na tradicional pista virtual de Canelinha"},"content":{"rendered":"\n<p class=\"wp-block-paragraph\">O Campeonato Brasileiro de Motocross Virtual segue acelerando forte! Depois de uma abertura hist\u00f3rica na pista virtual de Ponta Grossa, que reuniu pilotos de todo o pa\u00eds e de fora, marcou um in\u00edcio eletrizante da temporada, o E-MX1 GP Brasil retorna neste final de semana, dias 22 e 23, para a sua segunda etapa, agora em um dos cen\u00e1rios mais tradicionais do motocross nacional: a pista virtual de Canelinha\/SC.<\/p>\n\n\n\n<figure class=\"wp-block-image size-full\"><img loading=\"lazy\" decoding=\"async\" width=\"800\" height=\"450\" src=\"https:\/\/mx1gpbrasil.com.br\/wp-content\/uploads\/2025\/11\/WhatsApp-Image-2025-11-20-at-09.43.04.jpeg\" alt=\"\" class=\"wp-image-71876\" srcset=\"https:\/\/mx1gpbrasil.alperprojetos.com.br\/wp-content\/uploads\/2025\/11\/WhatsApp-Image-2025-11-20-at-09.43.04.jpeg 800w, https:\/\/mx1gpbrasil.alperprojetos.com.br\/wp-content\/uploads\/2025\/11\/WhatsApp-Image-2025-11-20-at-09.43.04-300x169.jpeg 300w, https:\/\/mx1gpbrasil.alperprojetos.com.br\/wp-content\/uploads\/2025\/11\/WhatsApp-Image-2025-11-20-at-09.43.04-768x432.jpeg 768w, https:\/\/mx1gpbrasil.alperprojetos.com.br\/wp-content\/uploads\/2025\/11\/WhatsApp-Image-2025-11-20-at-09.43.04-128x72.jpeg 128w, https:\/\/mx1gpbrasil.alperprojetos.com.br\/wp-content\/uploads\/2025\/11\/WhatsApp-Image-2025-11-20-at-09.43.04-32x18.jpeg 32w, https:\/\/mx1gpbrasil.alperprojetos.com.br\/wp-content\/uploads\/2025\/11\/WhatsApp-Image-2025-11-20-at-09.43.04-600x338.jpeg 600w\" sizes=\"auto, (max-width: 800px) 100vw, 800px\" \/><\/figure>\n\n\n\n<p class=\"wp-block-paragraph\">A etapa promete repetir \u2014 e at\u00e9 superar \u2014 o sucesso da estreia. A primeira rodada impressionou pela competitividade, pela qualidade das simula\u00e7\u00f5es e pela participa\u00e7\u00e3o maci\u00e7a de pilotos apaixonados pelo off-road. Agora, com a pista de Canelinha j\u00e1 dispon\u00edvel para download, a expectativa cresce ainda mais para mais dois dias de disputas intensas.<\/p>\n\n\n\n<p class=\"wp-block-paragraph\">Baixe a pista pelo link: <a href=\"https:\/\/mxbikes-shop.com\/downloads\/2025-e-mx1gp-canelinha-round-2\/\">https:\/\/mxbikes-shop.com\/downloads\/2025-e-mx1gp-canelinha-round-2\/<\/a><\/p>\n\n\n\n<p class=\"wp-block-paragraph\">Os pilotos podem garantir presen\u00e7a na disputa:<br>\ud83d\udccc As inscri\u00e7\u00f5es seguem abertas at\u00e9 hoje, sexta-feira, dia 21, \u00e0s 18h.<br>\ud83d\udce5 Link para inscri\u00e7\u00e3o: <a href=\"https:\/\/mxbracing.com.br\/e\/ajrr8bd3\">https:\/\/mxbracing.com.br\/e\/ajrr8bd3<\/a><\/p>\n\n\n\n<p class=\"wp-block-paragraph\"><strong>Programa\u00e7\u00e3o Oficial \u2013 2\u00aa Etapa E-MX1 GP Brasil<\/strong><\/p>\n\n\n\n<figure class=\"wp-block-image size-large\"><img loading=\"lazy\" decoding=\"async\" width=\"819\" height=\"1024\" src=\"https:\/\/mx1gpbrasil.com.br\/wp-content\/uploads\/2025\/11\/WhatsApp-Image-2025-11-21-at-08.35.04-1-819x1024.jpeg\" alt=\"\" class=\"wp-image-71873\" srcset=\"https:\/\/mx1gpbrasil.alperprojetos.com.br\/wp-content\/uploads\/2025\/11\/WhatsApp-Image-2025-11-21-at-08.35.04-1-819x1024.jpeg 819w, https:\/\/mx1gpbrasil.alperprojetos.com.br\/wp-content\/uploads\/2025\/11\/WhatsApp-Image-2025-11-21-at-08.35.04-1-240x300.jpeg 240w, https:\/\/mx1gpbrasil.alperprojetos.com.br\/wp-content\/uploads\/2025\/11\/WhatsApp-Image-2025-11-21-at-08.35.04-1-768x960.jpeg 768w, https:\/\/mx1gpbrasil.alperprojetos.com.br\/wp-content\/uploads\/2025\/11\/WhatsApp-Image-2025-11-21-at-08.35.04-1-102x128.jpeg 102w, https:\/\/mx1gpbrasil.alperprojetos.com.br\/wp-content\/uploads\/2025\/11\/WhatsApp-Image-2025-11-21-at-08.35.04-1-26x32.jpeg 26w, https:\/\/mx1gpbrasil.alperprojetos.com.br\/wp-content\/uploads\/2025\/11\/WhatsApp-Image-2025-11-21-at-08.35.04-1-600x750.jpeg 600w, https:\/\/mx1gpbrasil.alperprojetos.com.br\/wp-content\/uploads\/2025\/11\/WhatsApp-Image-2025-11-21-at-08.35.04-1.jpeg 1024w\" sizes=\"auto, (max-width: 819px) 100vw, 819px\" \/><\/figure>\n\n\n\n<figure class=\"wp-block-image size-large\"><img loading=\"lazy\" decoding=\"async\" width=\"819\" height=\"1024\" src=\"https:\/\/mx1gpbrasil.com.br\/wp-content\/uploads\/2025\/11\/WhatsApp-Image-2025-11-21-at-08.35.04-819x1024.jpeg\" alt=\"\" class=\"wp-image-71874\" srcset=\"https:\/\/mx1gpbrasil.alperprojetos.com.br\/wp-content\/uploads\/2025\/11\/WhatsApp-Image-2025-11-21-at-08.35.04-819x1024.jpeg 819w, https:\/\/mx1gpbrasil.alperprojetos.com.br\/wp-content\/uploads\/2025\/11\/WhatsApp-Image-2025-11-21-at-08.35.04-240x300.jpeg 240w, https:\/\/mx1gpbrasil.alperprojetos.com.br\/wp-content\/uploads\/2025\/11\/WhatsApp-Image-2025-11-21-at-08.35.04-768x960.jpeg 768w, https:\/\/mx1gpbrasil.alperprojetos.com.br\/wp-content\/uploads\/2025\/11\/WhatsApp-Image-2025-11-21-at-08.35.04-102x128.jpeg 102w, https:\/\/mx1gpbrasil.alperprojetos.com.br\/wp-content\/uploads\/2025\/11\/WhatsApp-Image-2025-11-21-at-08.35.04-26x32.jpeg 26w, https:\/\/mx1gpbrasil.alperprojetos.com.br\/wp-content\/uploads\/2025\/11\/WhatsApp-Image-2025-11-21-at-08.35.04-600x750.jpeg 600w, https:\/\/mx1gpbrasil.alperprojetos.com.br\/wp-content\/uploads\/2025\/11\/WhatsApp-Image-2025-11-21-at-08.35.04.jpeg 1024w\" sizes=\"auto, (max-width: 819px) 100vw, 819px\" \/><\/figure>\n\n\n\n<p class=\"wp-block-paragraph\"><strong>Al\u00e9m da t\u00e9cnica exigida pela pista, o p\u00fablico tamb\u00e9m ter\u00e1 lugar garantido para acompanhar cada curva, salto e disputa:<\/strong><\/p>\n\n\n\n<p class=\"wp-block-paragraph\">\ud83d\udcfa A transmiss\u00e3o ser\u00e1 ao vivo pelo YouTube do MX1 GP Brasil, permitindo que f\u00e3s acompanhem de perto a evolu\u00e7\u00e3o da categoria que vem revolucionando o motocross no ambiente virtual.<\/p>\n\n\n\n<p class=\"wp-block-paragraph\">Assista ao vivo: <a href=\"https:\/\/www.youtube.com\/@MX1GPBrasiloficial\">https:\/\/www.youtube.com\/@MX1GPBrasiloficial<\/a><\/p>\n\n\n\n<p class=\"wp-block-paragraph\">Com organiza\u00e7\u00e3o, tecnologia e uma comunidade cada vez mais engajada, o E-MX1 GP Brasil mostra que a inova\u00e7\u00e3o chegou para ficar \u2014 conectando apaixonados pelo esporte e levando o motocross para um novo patamar de experi\u00eancia.<\/p>\n\n\n\n<p class=\"wp-block-paragraph\">Fa\u00e7a parte desta evolu\u00e7\u00e3o. Baixe a pista, inscreva-se e venha acelerar conosco no Campeonato Brasileiro de Motocross Virtual!<\/p>\n\n\n\n<p class=\"wp-block-paragraph\"><strong>Para ficar por dentro de tudo que acontece, acompanhe-nos nas redes sociais @mx1gpbrasil @ligamvbr .<\/strong><\/p>\n","protected":false},"excerpt":{"rendered":"<p>O Campeonato Brasileiro de Motocross Virtual segue acelerando forte! Depois de uma abertura hist\u00f3rica na pista virtual de Ponta Grossa, que reuniu pilotos de todo o pa\u00eds e de fora, marcou um in\u00edcio eletrizante da temporada, o E-MX1 GP Brasil retorna neste final de semana, dias 22 e 23, para a sua segunda etapa, agora [&hellip;]<\/p>\n","protected":false},"author":1,"featured_media":71875,"comment_status":"closed","ping_status":"open","sticky":false,"template":"","format":"standard","meta":{"footnotes":""},"categories":[133],"tags":[],"class_list":["post-71872","post","type-post","status-publish","format-standard","has-post-thumbnail","hentry","category-motocross"],"_links":{"self":[{"href":"https:\/\/mx1gpbrasil.alperprojetos.com.br\/index.php\/wp-json\/wp\/v2\/posts\/71872","targetHints":{"allow":["GET"]}}],"collection":[{"href":"https:\/\/mx1gpbrasil.alperprojetos.com.br\/index.php\/wp-json\/wp\/v2\/posts"}],"about":[{"href":"https:\/\/mx1gpbrasil.alperprojetos.com.br\/index.php\/wp-json\/wp\/v2\/types\/post"}],"author":[{"embeddable":true,"href":"https:\/\/mx1gpbrasil.alperprojetos.com.br\/index.php\/wp-json\/wp\/v2\/users\/1"}],"replies":[{"embeddable":true,"href":"https:\/\/mx1gpbrasil.alperprojetos.com.br\/index.php\/wp-json\/wp\/v2\/comments?post=71872"}],"version-history":[{"count":0,"href":"https:\/\/mx1gpbrasil.alperprojetos.com.br\/index.php\/wp-json\/wp\/v2\/posts\/71872\/revisions"}],"wp:featuredmedia":[{"embeddable":true,"href":"https:\/\/mx1gpbrasil.alperprojetos.com.br\/index.php\/wp-json\/wp\/v2\/media\/71875"}],"wp:attachment":[{"href":"https:\/\/mx1gpbrasil.alperprojetos.com.br\/index.php\/wp-json\/wp\/v2\/media?parent=71872"}],"wp:term":[{"taxonomy":"category","embeddable":true,"href":"https:\/\/mx1gpbrasil.alperprojetos.com.br\/index.php\/wp-json\/wp\/v2\/categories?post=71872"},{"taxonomy":"post_tag","embeddable":true,"href":"https:\/\/mx1gpbrasil.alperprojetos.com.br\/index.php\/wp-json\/wp\/v2\/tags?post=71872"}],"curies":[{"name":"wp","href":"https:\/\/api.w.org\/{rel}","templated":true}]}}