{"id":71878,"date":"2025-11-25T07:23:35","date_gmt":"2025-11-25T10:23:35","guid":{"rendered":"https:\/\/mx1gpbrasil.com.br\/?p=71878"},"modified":"2025-11-25T07:23:35","modified_gmt":"2025-11-25T10:23:35","slug":"canelinha-entrega-disputas-intensas-na-2a-etapa-do-e-mx-gp-brasil","status":"publish","type":"post","link":"https:\/\/mx1gpbrasil.alperprojetos.com.br\/index.php\/2025\/11\/25\/canelinha-entrega-disputas-intensas-na-2a-etapa-do-e-mx-gp-brasil\/","title":{"rendered":"Canelinha entrega disputas intensas na 2\u00aa etapa do E-MX1 GP Brasil"},"content":{"rendered":"\n<p class=\"wp-block-paragraph\">O Campeonato Brasileiro Virtual de Motocross (E-MX1 GP Brasil) viveu um fim de semana de pura adrenalina nos dias 22 e 23 de novembro, quando a tradicional pista virtual de Canelinha recebeu a 2\u00aa etapa da temporada. Com o tra\u00e7ado recriado digitalmente em alto n\u00edvel, o palco das disputas entregou corridas cheias de competitividade, emo\u00e7\u00e3o e equil\u00edbrio entre os pilotos.<\/p>\n\n\n\n<figure class=\"wp-block-image size-large\"><img loading=\"lazy\" decoding=\"async\" width=\"1024\" height=\"576\" src=\"https:\/\/mx1gpbrasil.com.br\/wp-content\/uploads\/2025\/11\/IMG_9785-1024x576.jpg\" alt=\"\" class=\"wp-image-71879\" srcset=\"https:\/\/mx1gpbrasil.alperprojetos.com.br\/wp-content\/uploads\/2025\/11\/IMG_9785-1024x576.jpg 1024w, https:\/\/mx1gpbrasil.alperprojetos.com.br\/wp-content\/uploads\/2025\/11\/IMG_9785-300x169.jpg 300w, https:\/\/mx1gpbrasil.alperprojetos.com.br\/wp-content\/uploads\/2025\/11\/IMG_9785-768x432.jpg 768w, https:\/\/mx1gpbrasil.alperprojetos.com.br\/wp-content\/uploads\/2025\/11\/IMG_9785-1536x864.jpg 1536w, https:\/\/mx1gpbrasil.alperprojetos.com.br\/wp-content\/uploads\/2025\/11\/IMG_9785-128x72.jpg 128w, https:\/\/mx1gpbrasil.alperprojetos.com.br\/wp-content\/uploads\/2025\/11\/IMG_9785-32x18.jpg 32w, https:\/\/mx1gpbrasil.alperprojetos.com.br\/wp-content\/uploads\/2025\/11\/IMG_9785-600x338.jpg 600w, https:\/\/mx1gpbrasil.alperprojetos.com.br\/wp-content\/uploads\/2025\/11\/IMG_9785.jpg 1920w\" sizes=\"auto, (max-width: 1024px) 100vw, 1024px\" \/><figcaption class=\"wp-element-caption\">Foto: Liga MVBR<\/figcaption><\/figure>\n\n\n\n<p class=\"wp-block-paragraph\">A etapa foi marcada por baterias extremamente acirradas, ultrapassagens decisivas e provas que se definiram muitas vezes nos metros finais. O n\u00edvel t\u00e9cnico elevado ficou evidente em cada categoria, mostrando que o campeonato virtual cresce a cada rodada e mant\u00e9m o esp\u00edrito intenso do motocross brasileiro.<\/p>\n\n\n\n<p class=\"wp-block-paragraph\">O desempenho dos pilotos em Canelinha movimentou a tabela e reacendeu a briga por posi\u00e7\u00f5es importantes. Muitos atletas ganharam destaque ao demonstrar consist\u00eancia, velocidade e adapta\u00e7\u00e3o ao tra\u00e7ado desafiador \u2014 elementos que transformaram esta segunda etapa em um dos momentos mais empolgantes da temporada.<\/p>\n\n\n\n<p class=\"wp-block-paragraph\">Enquanto o campeonato segue seu curso natural e se aproxima da decis\u00e3o \u2014 marcada para 13 e 14 de dezembro, na pista virtual de Indaiatuba \u2014 o foco do momento est\u00e1 nos resultados conquistados em Canelinha, que mexem diretamente com o cen\u00e1rio da competi\u00e7\u00e3o.<\/p>\n\n\n\n<p class=\"wp-block-paragraph\"><strong>Confira abaixo os resultados completos da 2\u00aa etapa:<\/strong><\/p>\n\n\n\n<p class=\"wp-block-paragraph\"><strong>MX1GP<\/strong><br>1\u00ba &#8211; Dariel &#8211; Santo Forte x CBS<br>2\u00ba &#8211; Henrique &#8211; THx UNA x PV x CBS<br>3\u00ba &#8211; Lucas Queiroz &#8211; JP Racing<br>4\u00ba &#8211; Aredes &#8211; JP Racing<br>5\u00ba &#8211; Gustavo &#8211; 595 KTM Racing<\/p>\n\n\n\n<figure class=\"wp-block-image size-large\"><img decoding=\"async\" src=\"https:\/\/mx1gpbrasil.com.br\/wp-content\/uploads\/2025\/11\/PODIUM-E-MX1GP-MX1GP-RD2-1-1024x576.png\" alt=\"\" class=\"wp-image-71896\"\/><\/figure>\n\n\n\n<p class=\"wp-block-paragraph\"><strong>MX1<\/strong><br>1\u00ba &#8211; Daniel &#8211; Santo Forte x CBS<br>2\u00ba &#8211; Feitosa &#8211; JP Racing<br>3\u00ba &#8211; Lucas Queiroz &#8211; JP Racing<br>4\u00ba &#8211; Bordim &#8211; JP Racing<br>5\u00ba &#8211; Douglas &#8211; Yamaha Gera\u00e7\u00e3o x STH<\/p>\n\n\n\n<figure class=\"wp-block-image size-large\"><img decoding=\"async\" src=\"https:\/\/mx1gpbrasil.com.br\/wp-content\/uploads\/2025\/11\/PODIUM-E-MX1GP-MX1-RD2-1-1024x576.png\" alt=\"\" class=\"wp-image-71897\"\/><\/figure>\n\n\n\n<p class=\"wp-block-paragraph\"><strong>MX2<\/strong><br>1\u00ba &#8211;  Henrique &#8211; THx UNA x PV x CBS<br>2\u00ba &#8211; Gustavo &#8211; 595 KTM Racing<br>3\u00ba &#8211; Marquin &#8211; THx UNA x PV x CBS<br>4\u00ba &#8211; Aredes &#8211; JP Racing<br>5\u00ba &#8211;  Jo\u00e3o Neto &#8211; JP Racing<\/p>\n\n\n\n<figure class=\"wp-block-image size-large\"><img loading=\"lazy\" decoding=\"async\" width=\"1024\" height=\"576\" src=\"https:\/\/mx1gpbrasil.com.br\/wp-content\/uploads\/2025\/11\/PODIUM-E-MX1GP-MX2-RD2-1024x576.png\" alt=\"\" class=\"wp-image-71882\" srcset=\"https:\/\/mx1gpbrasil.alperprojetos.com.br\/wp-content\/uploads\/2025\/11\/PODIUM-E-MX1GP-MX2-RD2-1024x576.png 1024w, https:\/\/mx1gpbrasil.alperprojetos.com.br\/wp-content\/uploads\/2025\/11\/PODIUM-E-MX1GP-MX2-RD2-300x169.png 300w, https:\/\/mx1gpbrasil.alperprojetos.com.br\/wp-content\/uploads\/2025\/11\/PODIUM-E-MX1GP-MX2-RD2-768x432.png 768w, https:\/\/mx1gpbrasil.alperprojetos.com.br\/wp-content\/uploads\/2025\/11\/PODIUM-E-MX1GP-MX2-RD2-1536x864.png 1536w, https:\/\/mx1gpbrasil.alperprojetos.com.br\/wp-content\/uploads\/2025\/11\/PODIUM-E-MX1GP-MX2-RD2-128x72.png 128w, https:\/\/mx1gpbrasil.alperprojetos.com.br\/wp-content\/uploads\/2025\/11\/PODIUM-E-MX1GP-MX2-RD2-32x18.png 32w, https:\/\/mx1gpbrasil.alperprojetos.com.br\/wp-content\/uploads\/2025\/11\/PODIUM-E-MX1GP-MX2-RD2-600x338.png 600w, https:\/\/mx1gpbrasil.alperprojetos.com.br\/wp-content\/uploads\/2025\/11\/PODIUM-E-MX1GP-MX2-RD2.png 1920w\" sizes=\"auto, (max-width: 1024px) 100vw, 1024px\" \/><\/figure>\n\n\n\n<p class=\"wp-block-paragraph\"><strong>MX2 JR<\/strong><br>1\u00ba &#8211; Felipe C &#8211; Almenara x Camacho<br>2\u00ba &#8211; Ricardo Ramos &#8211; MT Racing<br>3\u00ba &#8211; G Nunes &#8211; S2 Nordeste<br>4\u00ba &#8211; Caue &#8211; PMX x Mipe<br>5\u00ba &#8211; Andrade &#8211; SM Design<\/p>\n\n\n\n<figure class=\"wp-block-image size-large\"><img loading=\"lazy\" decoding=\"async\" width=\"1024\" height=\"576\" src=\"https:\/\/mx1gpbrasil.com.br\/wp-content\/uploads\/2025\/11\/PODIUM-E-MX1GP-MX2JR-RD2-1024x576.png\" alt=\"\" class=\"wp-image-71881\" srcset=\"https:\/\/mx1gpbrasil.alperprojetos.com.br\/wp-content\/uploads\/2025\/11\/PODIUM-E-MX1GP-MX2JR-RD2-1024x576.png 1024w, https:\/\/mx1gpbrasil.alperprojetos.com.br\/wp-content\/uploads\/2025\/11\/PODIUM-E-MX1GP-MX2JR-RD2-300x169.png 300w, https:\/\/mx1gpbrasil.alperprojetos.com.br\/wp-content\/uploads\/2025\/11\/PODIUM-E-MX1GP-MX2JR-RD2-768x432.png 768w, https:\/\/mx1gpbrasil.alperprojetos.com.br\/wp-content\/uploads\/2025\/11\/PODIUM-E-MX1GP-MX2JR-RD2-1536x864.png 1536w, https:\/\/mx1gpbrasil.alperprojetos.com.br\/wp-content\/uploads\/2025\/11\/PODIUM-E-MX1GP-MX2JR-RD2-128x72.png 128w, https:\/\/mx1gpbrasil.alperprojetos.com.br\/wp-content\/uploads\/2025\/11\/PODIUM-E-MX1GP-MX2JR-RD2-32x18.png 32w, https:\/\/mx1gpbrasil.alperprojetos.com.br\/wp-content\/uploads\/2025\/11\/PODIUM-E-MX1GP-MX2JR-RD2-600x338.png 600w, https:\/\/mx1gpbrasil.alperprojetos.com.br\/wp-content\/uploads\/2025\/11\/PODIUM-E-MX1GP-MX2JR-RD2.png 1920w\" sizes=\"auto, (max-width: 1024px) 100vw, 1024px\" \/><\/figure>\n\n\n\n<p class=\"wp-block-paragraph\"><strong>MX3<\/strong><br>1\u00ba &#8211; Bordin &#8211; JP Racing<br>2\u00ba &#8211; Ailsson &#8211; 595 KTM Racing<br>3\u00ba &#8211; Tharik &#8211; 595 KTM Racing<br>4\u00ba &#8211; Gonzaga &#8211; JP Racing<br>5\u00ba &#8211; D Alves &#8211; SM Design x RDMX<\/p>\n\n\n\n<figure class=\"wp-block-image size-large\"><img decoding=\"async\" src=\"https:\/\/mx1gpbrasil.com.br\/wp-content\/uploads\/2025\/11\/PODIUM-E-MX1GP-MX3-RD2-1-1024x576.png\" alt=\"\" class=\"wp-image-71893\"\/><\/figure>\n\n\n\n<p class=\"wp-block-paragraph\">A grande final em Indaiatuba promete ser hist\u00f3rica, j\u00e1 que ser\u00e1 o palco onde conheceremos os primeiros campe\u00f5es do E-MX1 GP Brasil. Com o campeonato totalmente em aberto ap\u00f3s as disputas acirradas em Canelinha, cada piloto chega \u00e0 decis\u00e3o carregando n\u00e3o apenas a press\u00e3o da tabela, mas tamb\u00e9m a oportunidade \u00fanica de marcar seu nome na estreia oficial da modalidade no pa\u00eds. A expectativa \u00e9 de um confronto direto, onde a combina\u00e7\u00e3o de t\u00e9cnica, resist\u00eancia e estrat\u00e9gia ter\u00e1 peso decisivo na conquista do t\u00edtulo.<\/p>\n\n\n\n<p class=\"wp-block-paragraph\">Com a pista virtual de Indaiatuba preparada para oferecer um dos desafios mais completos da temporada, a \u00faltima etapa re\u00fane todos os elementos para um encerramento inesquec\u00edvel. O p\u00fablico pode esperar baterias intensas, emo\u00e7\u00f5es \u00e0 flor da pele e uma batalha final que definir\u00e1 quem entrar\u00e1 para a hist\u00f3ria como os primeiros campe\u00f5es do E-MX GP Brasil. A contagem regressiva j\u00e1 come\u00e7ou \u2014 e a decis\u00e3o promete ser do tamanho da grandiosidade que o campeonato conquistou ao longo do ano.<\/p>\n\n\n\n<p class=\"wp-block-paragraph\">Acompanhe tudo pelas nossas redes sociais: @mx1gpbrasil &#8211; @ligamvbr<\/p>\n\n\n\n<figure class=\"wp-block-image size-large\"><img loading=\"lazy\" decoding=\"async\" width=\"1024\" height=\"576\" src=\"https:\/\/mx1gpbrasil.com.br\/wp-content\/uploads\/2025\/11\/mx1gp-1-1024x576.png\" alt=\"\" class=\"wp-image-71885\" srcset=\"https:\/\/mx1gpbrasil.alperprojetos.com.br\/wp-content\/uploads\/2025\/11\/mx1gp-1-1024x576.png 1024w, https:\/\/mx1gpbrasil.alperprojetos.com.br\/wp-content\/uploads\/2025\/11\/mx1gp-1-300x169.png 300w, https:\/\/mx1gpbrasil.alperprojetos.com.br\/wp-content\/uploads\/2025\/11\/mx1gp-1-768x432.png 768w, https:\/\/mx1gpbrasil.alperprojetos.com.br\/wp-content\/uploads\/2025\/11\/mx1gp-1-1536x864.png 1536w, https:\/\/mx1gpbrasil.alperprojetos.com.br\/wp-content\/uploads\/2025\/11\/mx1gp-1-128x72.png 128w, https:\/\/mx1gpbrasil.alperprojetos.com.br\/wp-content\/uploads\/2025\/11\/mx1gp-1-32x18.png 32w, https:\/\/mx1gpbrasil.alperprojetos.com.br\/wp-content\/uploads\/2025\/11\/mx1gp-1-600x338.png 600w, https:\/\/mx1gpbrasil.alperprojetos.com.br\/wp-content\/uploads\/2025\/11\/mx1gp-1.png 1920w\" sizes=\"auto, (max-width: 1024px) 100vw, 1024px\" \/><\/figure>\n\n\n\n<p class=\"wp-block-paragraph\"><strong>Todas imagens desta mat\u00e9ria s\u00e3o disponibilizadas pela: Liga MVBR.<\/strong><\/p>\n\n\n\n<p class=\"wp-block-paragraph\"><\/p>\n","protected":false},"excerpt":{"rendered":"<p>O Campeonato Brasileiro Virtual de Motocross (E-MX1 GP Brasil) viveu um fim de semana de pura adrenalina nos dias 22 e 23 de novembro, quando a tradicional pista virtual de Canelinha recebeu a 2\u00aa etapa da temporada. Com o tra\u00e7ado recriado digitalmente em alto n\u00edvel, o palco das disputas entregou corridas cheias de competitividade, emo\u00e7\u00e3o [&hellip;]<\/p>\n","protected":false},"author":1,"featured_media":71886,"comment_status":"closed","ping_status":"open","sticky":false,"template":"","format":"standard","meta":{"footnotes":""},"categories":[133],"tags":[],"class_list":["post-71878","post","type-post","status-publish","format-standard","has-post-thumbnail","hentry","category-motocross"],"_links":{"self":[{"href":"https:\/\/mx1gpbrasil.alperprojetos.com.br\/index.php\/wp-json\/wp\/v2\/posts\/71878","targetHints":{"allow":["GET"]}}],"collection":[{"href":"https:\/\/mx1gpbrasil.alperprojetos.com.br\/index.php\/wp-json\/wp\/v2\/posts"}],"about":[{"href":"https:\/\/mx1gpbrasil.alperprojetos.com.br\/index.php\/wp-json\/wp\/v2\/types\/post"}],"author":[{"embeddable":true,"href":"https:\/\/mx1gpbrasil.alperprojetos.com.br\/index.php\/wp-json\/wp\/v2\/users\/1"}],"replies":[{"embeddable":true,"href":"https:\/\/mx1gpbrasil.alperprojetos.com.br\/index.php\/wp-json\/wp\/v2\/comments?post=71878"}],"version-history":[{"count":0,"href":"https:\/\/mx1gpbrasil.alperprojetos.com.br\/index.php\/wp-json\/wp\/v2\/posts\/71878\/revisions"}],"wp:featuredmedia":[{"embeddable":true,"href":"https:\/\/mx1gpbrasil.alperprojetos.com.br\/index.php\/wp-json\/wp\/v2\/media\/71886"}],"wp:attachment":[{"href":"https:\/\/mx1gpbrasil.alperprojetos.com.br\/index.php\/wp-json\/wp\/v2\/media?parent=71878"}],"wp:term":[{"taxonomy":"category","embeddable":true,"href":"https:\/\/mx1gpbrasil.alperprojetos.com.br\/index.php\/wp-json\/wp\/v2\/categories?post=71878"},{"taxonomy":"post_tag","embeddable":true,"href":"https:\/\/mx1gpbrasil.alperprojetos.com.br\/index.php\/wp-json\/wp\/v2\/tags?post=71878"}],"curies":[{"name":"wp","href":"https:\/\/api.w.org\/{rel}","templated":true}]}}