{"id":71906,"date":"2025-12-11T09:45:50","date_gmt":"2025-12-11T12:45:50","guid":{"rendered":"https:\/\/mx1gpbrasil.com.br\/?p=71906"},"modified":"2025-12-11T09:45:50","modified_gmt":"2025-12-11T12:45:50","slug":"firmo-henrique-alves-no-fim-awards-2025-reforca-a-presenca-do-motociclismo-nacional-no-cenario-mundial","status":"publish","type":"post","link":"https:\/\/mx1gpbrasil.alperprojetos.com.br\/index.php\/2025\/12\/11\/firmo-henrique-alves-no-fim-awards-2025-reforca-a-presenca-do-motociclismo-nacional-no-cenario-mundial\/","title":{"rendered":"Firmo Henrique Alves no FIM Awards 2025, refor\u00e7a a presen\u00e7a do motociclismo nacional no cen\u00e1rio mundial"},"content":{"rendered":"\n<p class=\"wp-block-paragraph\">No s\u00e1bado, 6 de dezembro, o CEO da PROMOX, Firmo Henrique Alves, esteve em Lausanne, Su\u00ed\u00e7a, para participar do FIM Awards, a premia\u00e7\u00e3o anual da Federa\u00e7\u00e3o Internacional de Motociclismo que celebra pilotos campe\u00f5es, l\u00edderes do esporte e personalidades que contribuem para o desenvolvimento do motociclismo em n\u00edvel global. O evento, considerado um dos mais importantes encontros institucionais da modalidade, re\u00fane dirigentes, empres\u00e1rios e autoridades do motociclismo mundial. Para o Brasil, a presen\u00e7a de Firmo representa n\u00e3o apenas prest\u00edgio, mas tamb\u00e9m abertura de portas, fortalecimento de la\u00e7os e visibilidade internacional para o Campeonato Brasileiro de Motocross.<\/p>\n\n\n\n<p class=\"wp-block-paragraph\"><strong>Uma trajet\u00f3ria que construiu pontes<\/strong><\/p>\n\n\n\n<p class=\"wp-block-paragraph\">Firmo participou do FIM Awards como convidado especial \u2014 convite que n\u00e3o veio por acaso. Antes de assumir a PROMOX, ele foi por muitos anos presidente da Confedera\u00e7\u00e3o Brasileira de Motociclismo (CBM), per\u00edodo no qual construiu uma rede s\u00f3lida de amizades e rela\u00e7\u00f5es institucionais que permanecem vivas at\u00e9 hoje. Sua atua\u00e7\u00e3o no comando da CBM foi marcada por articula\u00e7\u00f5es que aproximaram o Brasil das grandes decis\u00f5es do motociclismo mundial. Essas conex\u00f5es, cultivadas com respeito e profissionalismo, abriram espa\u00e7o para que Firmo fosse novamente recebido no ambiente onde o futuro do esporte \u00e9 discutido.<\/p>\n\n\n\n<p class=\"wp-block-paragraph\"><strong>Encontros que fortalecem o Brasil no mapa do motociclismo<\/strong><\/p>\n\n\n\n<p class=\"wp-block-paragraph\">Durante o FIM Awards, Firmo reencontrou nomes estrat\u00e9gicos, entre eles:<br>\u2022 Jorge Viegas, presidente da FIM, com quem mant\u00e9m amizade pessoal desde seus anos na CBM. O reencontro refor\u00e7ou a proximidade do Brasil com a entidade m\u00e1xima do motociclismo.<\/p>\n\n\n\n<figure class=\"wp-block-image size-full\"><img loading=\"lazy\" decoding=\"async\" width=\"768\" height=\"1024\" src=\"https:\/\/mx1gpbrasil.com.br\/wp-content\/uploads\/2025\/12\/WhatsApp-Image-2025-12-10-at-15.29.51.jpeg\" alt=\"\" class=\"wp-image-71907\" srcset=\"https:\/\/mx1gpbrasil.alperprojetos.com.br\/wp-content\/uploads\/2025\/12\/WhatsApp-Image-2025-12-10-at-15.29.51.jpeg 768w, https:\/\/mx1gpbrasil.alperprojetos.com.br\/wp-content\/uploads\/2025\/12\/WhatsApp-Image-2025-12-10-at-15.29.51-225x300.jpeg 225w, https:\/\/mx1gpbrasil.alperprojetos.com.br\/wp-content\/uploads\/2025\/12\/WhatsApp-Image-2025-12-10-at-15.29.51-96x128.jpeg 96w, https:\/\/mx1gpbrasil.alperprojetos.com.br\/wp-content\/uploads\/2025\/12\/WhatsApp-Image-2025-12-10-at-15.29.51-24x32.jpeg 24w, https:\/\/mx1gpbrasil.alperprojetos.com.br\/wp-content\/uploads\/2025\/12\/WhatsApp-Image-2025-12-10-at-15.29.51-600x800.jpeg 600w\" sizes=\"auto, (max-width: 768px) 100vw, 768px\" \/><\/figure>\n\n\n\n<p class=\"wp-block-paragraph\"><br>\u2022 Pedro Venturo Jr., presidente da FIM Latin America, que esteve no Brasil recentemente, acompanhando a pen\u00faltima etapa do Brasileiro de Motocross em Rio Verde (GO). O di\u00e1logo entre os dois segue aproximando ainda mais o pa\u00eds das decis\u00f5es continentais.<\/p>\n\n\n\n<p class=\"wp-block-paragraph\">O encontro tamb\u00e9m rendeu um registro especial ao lado de Diogo Moreira, o mais novo campe\u00e3o mundial da Moto2, um marco hist\u00f3rico para o motociclismo brasileiro. A conex\u00e3o refor\u00e7a o momento extraordin\u00e1rio que o Brasil vive no cen\u00e1rio internacional \u2014 com talentos despontando e dirigentes atuando nos bastidores.<\/p>\n\n\n\n<figure class=\"wp-block-image size-full\"><img loading=\"lazy\" decoding=\"async\" width=\"768\" height=\"1024\" src=\"https:\/\/mx1gpbrasil.com.br\/wp-content\/uploads\/2025\/12\/WhatsApp-Image-2025-12-10-at-15.28.06.jpeg\" alt=\"\" class=\"wp-image-71908\" srcset=\"https:\/\/mx1gpbrasil.alperprojetos.com.br\/wp-content\/uploads\/2025\/12\/WhatsApp-Image-2025-12-10-at-15.28.06.jpeg 768w, https:\/\/mx1gpbrasil.alperprojetos.com.br\/wp-content\/uploads\/2025\/12\/WhatsApp-Image-2025-12-10-at-15.28.06-225x300.jpeg 225w, https:\/\/mx1gpbrasil.alperprojetos.com.br\/wp-content\/uploads\/2025\/12\/WhatsApp-Image-2025-12-10-at-15.28.06-96x128.jpeg 96w, https:\/\/mx1gpbrasil.alperprojetos.com.br\/wp-content\/uploads\/2025\/12\/WhatsApp-Image-2025-12-10-at-15.28.06-24x32.jpeg 24w, https:\/\/mx1gpbrasil.alperprojetos.com.br\/wp-content\/uploads\/2025\/12\/WhatsApp-Image-2025-12-10-at-15.28.06-600x800.jpeg 600w\" sizes=\"auto, (max-width: 768px) 100vw, 768px\" \/><\/figure>\n\n\n\n<p class=\"wp-block-paragraph\">Firmo tamb\u00e9m marcou presen\u00e7a com Giuseppe Luongo, presidente da Infront Moto Racing, empresa respons\u00e1vel pela organiza\u00e7\u00e3o do MXGP, o Mundial de Motocross \u2014 uma aproxima\u00e7\u00e3o estrat\u00e9gica para quem trabalha diariamente para evoluir o MX1 GP Brasil.<\/p>\n\n\n\n<p class=\"wp-block-paragraph\">Mas Firmo n\u00e3o estava sozinho representando o Brasil, ao seu lado estava o atual presidente da CBM, Gustavo Jacob, que acompanhou as atividades e refor\u00e7ou, o compromisso da entidade com o crescimento do esporte no pa\u00eds.<\/p>\n\n\n\n<figure class=\"wp-block-image size-large\"><img loading=\"lazy\" decoding=\"async\" width=\"1024\" height=\"576\" src=\"https:\/\/mx1gpbrasil.com.br\/wp-content\/uploads\/2025\/12\/WhatsApp-Image-2025-12-10-at-15.30.24-1024x576.jpeg\" alt=\"\" class=\"wp-image-71909\" srcset=\"https:\/\/mx1gpbrasil.alperprojetos.com.br\/wp-content\/uploads\/2025\/12\/WhatsApp-Image-2025-12-10-at-15.30.24-1024x576.jpeg 1024w, https:\/\/mx1gpbrasil.alperprojetos.com.br\/wp-content\/uploads\/2025\/12\/WhatsApp-Image-2025-12-10-at-15.30.24-300x169.jpeg 300w, https:\/\/mx1gpbrasil.alperprojetos.com.br\/wp-content\/uploads\/2025\/12\/WhatsApp-Image-2025-12-10-at-15.30.24-768x432.jpeg 768w, https:\/\/mx1gpbrasil.alperprojetos.com.br\/wp-content\/uploads\/2025\/12\/WhatsApp-Image-2025-12-10-at-15.30.24-128x72.jpeg 128w, https:\/\/mx1gpbrasil.alperprojetos.com.br\/wp-content\/uploads\/2025\/12\/WhatsApp-Image-2025-12-10-at-15.30.24-32x18.jpeg 32w, https:\/\/mx1gpbrasil.alperprojetos.com.br\/wp-content\/uploads\/2025\/12\/WhatsApp-Image-2025-12-10-at-15.30.24-600x338.jpeg 600w, https:\/\/mx1gpbrasil.alperprojetos.com.br\/wp-content\/uploads\/2025\/12\/WhatsApp-Image-2025-12-10-at-15.30.24.jpeg 1182w\" sizes=\"auto, (max-width: 1024px) 100vw, 1024px\" \/><\/figure>\n\n\n\n<p class=\"wp-block-paragraph\">A participa\u00e7\u00e3o de Firmo no FIM Awards n\u00e3o foi apenas institucional: foi um movimento estrat\u00e9gico que gera visibilidade para o Campeonato Brasileiro de Motocross, fortalece a imagem do Brasil e amplia oportunidades de neg\u00f3cios, parcerias e projetos futuros.<\/p>\n\n\n\n<p class=\"wp-block-paragraph\">Eventos como esse s\u00e3o essenciais para posicionar o motocross brasileiro como protagonista na Am\u00e9rica Latina, atrair investimentos, garantir troca de conhecimento e abrir caminhos para que pilotos, equipes e promotores tenham cada vez mais espa\u00e7o no cen\u00e1rio internacional.<\/p>\n\n\n\n<p class=\"wp-block-paragraph\"><\/p>\n","protected":false},"excerpt":{"rendered":"<p>No s\u00e1bado, 6 de dezembro, o CEO da PROMOX, Firmo Henrique Alves, esteve em Lausanne, Su\u00ed\u00e7a, para participar do FIM Awards, a premia\u00e7\u00e3o anual da Federa\u00e7\u00e3o Internacional de Motociclismo que celebra pilotos campe\u00f5es, l\u00edderes do esporte e personalidades que contribuem para o desenvolvimento do motociclismo em n\u00edvel global. O evento, considerado um dos mais importantes [&hellip;]<\/p>\n","protected":false},"author":1,"featured_media":71910,"comment_status":"closed","ping_status":"open","sticky":false,"template":"","format":"standard","meta":{"footnotes":""},"categories":[133],"tags":[],"class_list":["post-71906","post","type-post","status-publish","format-standard","has-post-thumbnail","hentry","category-motocross"],"_links":{"self":[{"href":"https:\/\/mx1gpbrasil.alperprojetos.com.br\/index.php\/wp-json\/wp\/v2\/posts\/71906","targetHints":{"allow":["GET"]}}],"collection":[{"href":"https:\/\/mx1gpbrasil.alperprojetos.com.br\/index.php\/wp-json\/wp\/v2\/posts"}],"about":[{"href":"https:\/\/mx1gpbrasil.alperprojetos.com.br\/index.php\/wp-json\/wp\/v2\/types\/post"}],"author":[{"embeddable":true,"href":"https:\/\/mx1gpbrasil.alperprojetos.com.br\/index.php\/wp-json\/wp\/v2\/users\/1"}],"replies":[{"embeddable":true,"href":"https:\/\/mx1gpbrasil.alperprojetos.com.br\/index.php\/wp-json\/wp\/v2\/comments?post=71906"}],"version-history":[{"count":0,"href":"https:\/\/mx1gpbrasil.alperprojetos.com.br\/index.php\/wp-json\/wp\/v2\/posts\/71906\/revisions"}],"wp:featuredmedia":[{"embeddable":true,"href":"https:\/\/mx1gpbrasil.alperprojetos.com.br\/index.php\/wp-json\/wp\/v2\/media\/71910"}],"wp:attachment":[{"href":"https:\/\/mx1gpbrasil.alperprojetos.com.br\/index.php\/wp-json\/wp\/v2\/media?parent=71906"}],"wp:term":[{"taxonomy":"category","embeddable":true,"href":"https:\/\/mx1gpbrasil.alperprojetos.com.br\/index.php\/wp-json\/wp\/v2\/categories?post=71906"},{"taxonomy":"post_tag","embeddable":true,"href":"https:\/\/mx1gpbrasil.alperprojetos.com.br\/index.php\/wp-json\/wp\/v2\/tags?post=71906"}],"curies":[{"name":"wp","href":"https:\/\/api.w.org\/{rel}","templated":true}]}}