{"id":71912,"date":"2025-12-16T09:19:42","date_gmt":"2025-12-16T12:19:42","guid":{"rendered":"https:\/\/mx1gpbrasil.com.br\/?p=71912"},"modified":"2025-12-16T09:19:42","modified_gmt":"2025-12-16T12:19:42","slug":"indaiatuba-sp-recebe-neste-final-de-semana-a-grande-final-do-e-mx1-gp-brasil","status":"publish","type":"post","link":"https:\/\/mx1gpbrasil.alperprojetos.com.br\/index.php\/2025\/12\/16\/indaiatuba-sp-recebe-neste-final-de-semana-a-grande-final-do-e-mx1-gp-brasil\/","title":{"rendered":"Indaiatuba (SP) recebe neste final de semana a grande final do E-MX1 GP Brasil"},"content":{"rendered":"\n<p class=\"wp-block-paragraph\">A contagem regressiva entrou na reta decisiva. Faltam apenas quatro dias para a grande final do E-MX1 GP Brasil, que acontece neste final de semana, em Indaiatuba (SP), reunindo os principais nomes do cen\u00e1rio virtual do motocross nacional em uma etapa que promete disputas intensas e defini\u00e7\u00e3o de t\u00edtulos.<\/p>\n\n\n\n<p class=\"wp-block-paragraph\">Ao longo da temporada, o campeonato se consolidou como uma das principais competi\u00e7\u00f5es do motocross virtual brasileiro, conectando pilotos de diferentes regi\u00f5es do pa\u00eds e de fora do Brasil em provas marcadas por disputas e tecnologia. Agora, a pista virtual de Indaiatuba ser\u00e1 o palco onde cada detalhe pode fazer a diferen\u00e7a na busca pelo t\u00edtulo.<\/p>\n\n\n\n<p class=\"wp-block-paragraph\">A etapa final chega cercada de expectativa, com pontua\u00e7\u00f5es apertadas em diversas categorias e a promessa de baterias emocionantes do in\u00edcio ao fim. Para muitos pilotos, \u00e9 o momento de confirmar uma campanha consistente; para outros, a \u00faltima chance de virar o jogo e entrar para a hist\u00f3ria do campeonato.<\/p>\n\n\n\n<p class=\"wp-block-paragraph\">Al\u00e9m da disputa na pista, a organiza\u00e7\u00e3o refor\u00e7a a import\u00e2ncia do evento como um espa\u00e7o de integra\u00e7\u00e3o entre pilotos, equipes e f\u00e3s do motocross, fortalecendo o crescimento do E-sports dentro do motociclismo brasileiro. Al\u00e9m de possibilitar a conex\u00e3o entre pilotos e f\u00e3s alinhando lado a lado no gate.<\/p>\n\n\n\n<p class=\"wp-block-paragraph\">As inscri\u00e7\u00f5es j\u00e1 est\u00e3o abertas e podem ser feitas pelo link dispon\u00edvel abaixo. Os pilotos virtuais t\u00eam\u00a0<strong>at\u00e9 sexta-feira, 19 de dezembro, \u00e0s 18h, para garantir presen\u00e7a na etapa decisiva<\/strong>\u00a0que encerra oficialmente o calend\u00e1rio 2025 do motocross virtual brasileiro. Ap\u00f3s este prazo, n\u00e3o ser\u00e1 mais poss\u00edvel se inscrever.<\/p>\n\n\n\n<p class=\"wp-block-paragraph\"><strong>INSCREVA-SE:<\/strong>&nbsp;<a href=\"https:\/\/mxbracing.com.br\/e\/ajrr8bd3\"><strong>https:\/\/mxbracing.com.br\/e\/ajrr8bd3<\/strong><\/a><\/p>\n\n\n\n<p class=\"wp-block-paragraph\"><strong>ASSISTA AO VIVO:\u00a0<\/strong><a href=\"https:\/\/www.youtube.com\/@MX1GPBrasiloficial\"><strong>https:\/\/www.youtube.com\/@MX1GPBrasiloficial<\/strong><\/a><\/p>\n\n\n\n<p class=\"wp-block-paragraph\">Confira a programa\u00e7\u00e3o oficial:<\/p>\n\n\n\n<figure class=\"wp-block-gallery has-nested-images columns-default is-cropped wp-block-gallery-1 is-layout-flex wp-block-gallery-is-layout-flex\">\n<figure class=\"wp-block-image size-large\"><img loading=\"lazy\" decoding=\"async\" width=\"819\" height=\"1024\" data-id=\"71915\" src=\"https:\/\/mx1gpbrasil.com.br\/wp-content\/uploads\/2025\/12\/WhatsApp-Image-2025-12-16-at-09.17.07-1-1-819x1024.jpeg\" alt=\"\" class=\"wp-image-71915\" srcset=\"https:\/\/mx1gpbrasil.alperprojetos.com.br\/wp-content\/uploads\/2025\/12\/WhatsApp-Image-2025-12-16-at-09.17.07-1-1-819x1024.jpeg 819w, https:\/\/mx1gpbrasil.alperprojetos.com.br\/wp-content\/uploads\/2025\/12\/WhatsApp-Image-2025-12-16-at-09.17.07-1-1-240x300.jpeg 240w, https:\/\/mx1gpbrasil.alperprojetos.com.br\/wp-content\/uploads\/2025\/12\/WhatsApp-Image-2025-12-16-at-09.17.07-1-1-768x960.jpeg 768w, https:\/\/mx1gpbrasil.alperprojetos.com.br\/wp-content\/uploads\/2025\/12\/WhatsApp-Image-2025-12-16-at-09.17.07-1-1-102x128.jpeg 102w, https:\/\/mx1gpbrasil.alperprojetos.com.br\/wp-content\/uploads\/2025\/12\/WhatsApp-Image-2025-12-16-at-09.17.07-1-1-26x32.jpeg 26w, https:\/\/mx1gpbrasil.alperprojetos.com.br\/wp-content\/uploads\/2025\/12\/WhatsApp-Image-2025-12-16-at-09.17.07-1-1-600x750.jpeg 600w, https:\/\/mx1gpbrasil.alperprojetos.com.br\/wp-content\/uploads\/2025\/12\/WhatsApp-Image-2025-12-16-at-09.17.07-1-1.jpeg 1080w\" sizes=\"auto, (max-width: 819px) 100vw, 819px\" \/><\/figure>\n\n\n\n<figure class=\"wp-block-image size-large\"><img loading=\"lazy\" decoding=\"async\" width=\"819\" height=\"1024\" data-id=\"71916\" src=\"https:\/\/mx1gpbrasil.com.br\/wp-content\/uploads\/2025\/12\/WhatsApp-Image-2025-12-16-at-09.17.07-2-819x1024.jpeg\" alt=\"\" class=\"wp-image-71916\" srcset=\"https:\/\/mx1gpbrasil.alperprojetos.com.br\/wp-content\/uploads\/2025\/12\/WhatsApp-Image-2025-12-16-at-09.17.07-2-819x1024.jpeg 819w, https:\/\/mx1gpbrasil.alperprojetos.com.br\/wp-content\/uploads\/2025\/12\/WhatsApp-Image-2025-12-16-at-09.17.07-2-240x300.jpeg 240w, https:\/\/mx1gpbrasil.alperprojetos.com.br\/wp-content\/uploads\/2025\/12\/WhatsApp-Image-2025-12-16-at-09.17.07-2-768x960.jpeg 768w, https:\/\/mx1gpbrasil.alperprojetos.com.br\/wp-content\/uploads\/2025\/12\/WhatsApp-Image-2025-12-16-at-09.17.07-2-102x128.jpeg 102w, https:\/\/mx1gpbrasil.alperprojetos.com.br\/wp-content\/uploads\/2025\/12\/WhatsApp-Image-2025-12-16-at-09.17.07-2-26x32.jpeg 26w, https:\/\/mx1gpbrasil.alperprojetos.com.br\/wp-content\/uploads\/2025\/12\/WhatsApp-Image-2025-12-16-at-09.17.07-2-600x750.jpeg 600w, https:\/\/mx1gpbrasil.alperprojetos.com.br\/wp-content\/uploads\/2025\/12\/WhatsApp-Image-2025-12-16-at-09.17.07-2.jpeg 1080w\" sizes=\"auto, (max-width: 819px) 100vw, 819px\" \/><\/figure>\n<\/figure>\n\n\n\n<p class=\"wp-block-paragraph\"><\/p>\n","protected":false},"excerpt":{"rendered":"<p>A contagem regressiva entrou na reta decisiva. Faltam apenas quatro dias para a grande final do E-MX1 GP Brasil, que acontece neste final de semana, em Indaiatuba (SP), reunindo os principais nomes do cen\u00e1rio virtual do motocross nacional em uma etapa que promete disputas intensas e defini\u00e7\u00e3o de t\u00edtulos. Ao longo da temporada, o campeonato [&hellip;]<\/p>\n","protected":false},"author":1,"featured_media":71918,"comment_status":"closed","ping_status":"open","sticky":false,"template":"","format":"standard","meta":{"footnotes":""},"categories":[133],"tags":[],"class_list":["post-71912","post","type-post","status-publish","format-standard","has-post-thumbnail","hentry","category-motocross"],"_links":{"self":[{"href":"https:\/\/mx1gpbrasil.alperprojetos.com.br\/index.php\/wp-json\/wp\/v2\/posts\/71912","targetHints":{"allow":["GET"]}}],"collection":[{"href":"https:\/\/mx1gpbrasil.alperprojetos.com.br\/index.php\/wp-json\/wp\/v2\/posts"}],"about":[{"href":"https:\/\/mx1gpbrasil.alperprojetos.com.br\/index.php\/wp-json\/wp\/v2\/types\/post"}],"author":[{"embeddable":true,"href":"https:\/\/mx1gpbrasil.alperprojetos.com.br\/index.php\/wp-json\/wp\/v2\/users\/1"}],"replies":[{"embeddable":true,"href":"https:\/\/mx1gpbrasil.alperprojetos.com.br\/index.php\/wp-json\/wp\/v2\/comments?post=71912"}],"version-history":[{"count":0,"href":"https:\/\/mx1gpbrasil.alperprojetos.com.br\/index.php\/wp-json\/wp\/v2\/posts\/71912\/revisions"}],"wp:featuredmedia":[{"embeddable":true,"href":"https:\/\/mx1gpbrasil.alperprojetos.com.br\/index.php\/wp-json\/wp\/v2\/media\/71918"}],"wp:attachment":[{"href":"https:\/\/mx1gpbrasil.alperprojetos.com.br\/index.php\/wp-json\/wp\/v2\/media?parent=71912"}],"wp:term":[{"taxonomy":"category","embeddable":true,"href":"https:\/\/mx1gpbrasil.alperprojetos.com.br\/index.php\/wp-json\/wp\/v2\/categories?post=71912"},{"taxonomy":"post_tag","embeddable":true,"href":"https:\/\/mx1gpbrasil.alperprojetos.com.br\/index.php\/wp-json\/wp\/v2\/tags?post=71912"}],"curies":[{"name":"wp","href":"https:\/\/api.w.org\/{rel}","templated":true}]}}